{"id":108082,"date":"2025-12-05T03:38:09","date_gmt":"2025-12-05T03:38:09","guid":{"rendered":"https:\/\/www.europesays.com\/fi\/108082\/"},"modified":"2025-12-05T03:38:09","modified_gmt":"2025-12-05T03:38:09","slug":"republikaaneille-voitto-saavat-pitaa-uudet-vaalirajansa","status":"publish","type":"post","link":"https:\/\/www.europesays.com\/fi\/108082\/","title":{"rendered":"Republikaaneille voitto: saavat pit\u00e4\u00e4 uudet vaalirajansa"},"content":{"rendered":"<p>Yhdysvallat|Uusi vaalipiirijako on suosiollinen republikaaneille.<\/p>\n<p class=\"article-body mb-nof-24 px-nof-16\">Yhdysvaltain liittovaltion korkein oikeus linjasi torstaina, ett\u00e4 Texas saa pit\u00e4\u00e4 uuden vaalipiirijakonsa.<\/p>\n<p class=\"article-body mb-nof-24 px-nof-16\">Asiasta uutisoivat useat mediat ja lehdet, kuten <a class=\"article-genericlink\" href=\"https:\/\/www.washingtonpost.com\/politics\/2025\/12\/04\/texas-redistricting-map-supreme-court\/\" rel=\"nofollow noopener\" target=\"_blank\">Washington Post<\/a>, <a class=\"article-genericlink\" href=\"https:\/\/www.washingtonpost.com\/politics\/2025\/12\/04\/texas-redistricting-map-supreme-court\/\" rel=\"nofollow noopener\" target=\"_blank\">NPR <\/a>ja <a class=\"article-genericlink\" href=\"https:\/\/apnews.com\/article\/supreme-court-redistricting-texas-trump-02b07b477b153f23ed5c387f2f9ae0c4\" rel=\"nofollow noopener\" target=\"_blank\">AP News<\/a>.<\/p>\n<p class=\"article-body mb-nof-24 px-nof-16\">P\u00e4\u00e4t\u00f6s on merkitt\u00e4v\u00e4, sill\u00e4 uusi vaalipiirijako on suosiollinen republikaaneille. Sen turvin puolue pystyy ehk\u00e4 s\u00e4ilytt\u00e4m\u00e4\u00e4n niukan enemmist\u00f6ns\u00e4 edustajainhuoneessa v\u00e4livaaleissa ensi vuonna.<\/p>\n<p class=\"article-body mb-nof-24 px-nof-16\">Korkein oikeus kumosi alemman oikeusasteen p\u00e4\u00e4t\u00f6ksen, jonka mukaan uusi vaalipiirijako syrjii v\u00e4hemmist\u00f6j\u00e4.<\/p>\n<p class=\"article-body mb-nof-24 px-nof-16\">Eri\u00e4v\u00e4n mielipiteen korkeimman oikeuden p\u00e4\u00e4t\u00f6kseen j\u00e4tt\u00e4neen tuomarin <a class=\"article-personlink\" href=\"https:\/\/www.hs.fi\/haku\/?query=Elena%20Kaganin\" rel=\"nofollow noopener\" target=\"_blank\">Elena Kaganin<\/a> mukaan vaalipiirijako rikkoo perustuslakia.<\/p>\n<p class=\"article-body mb-nof-24 px-nof-16\">Texasin kuvern\u00f6\u00f6ri <a class=\"article-personlink\" href=\"https:\/\/www.hs.fi\/haku\/?query=Greg%20Abbott\" rel=\"nofollow noopener\" target=\"_blank\">Greg Abbott<\/a> ylisti p\u00e4\u00e4t\u00f6st\u00e4 torstaina lausunnossaan. H\u00e4nen mukaansa uudet vaalipiirirajat ovat paremmin linjassa sen kanssa, kuinka puolue on edustettuna kongressissa.<\/p>\n<p class=\"article-body mb-nof-24 px-nof-16\">\u201dT\u00e4m\u00e4 on voitto Texasin \u00e4\u00e4nest\u00e4jille, maalaisj\u00e4rjelle ja Yhdysvaltojen perustuslaille\u201d, Abbott kirjoitti.<\/p>\n<p class=\"article-body mb-nof-24 px-nof-16\">Maanlaajuinen taistelu vaalipiireist\u00e4 alkoi, kun presidentti <a class=\"article-personlink\" href=\"https:\/\/www.hs.fi\/haku\/?query=Donald%20Trump\" rel=\"nofollow noopener\" target=\"_blank\">Donald Trump<\/a> painosti Texasia ja muita republikaani\u00adenemmist\u00f6isi\u00e4 osavaltioita muokkaamaan vaalipiirirajojaan itselleen suosiollisiksi.<\/p>\n<p class=\"article-body mb-nof-24 px-nof-16\">Sen j\u00e4lkeen my\u00f6s Missouri, Pohjois-Carolina ja demokraattivetoinen Kalifornia ovat piirt\u00e4neet uusiksi omia vaalipiirirajojaan.<\/p>\n","protected":false},"excerpt":{"rendered":"Yhdysvallat|Uusi vaalipiirijako on suosiollinen republikaaneille. Yhdysvaltain liittovaltion korkein oikeus linjasi torstaina, ett\u00e4 Texas saa pit\u00e4\u00e4 uuden vaalipiirijakonsa. Asiasta&hellip;\n","protected":false},"author":2,"featured_media":96697,"comment_status":"","ping_status":"","sticky":false,"template":"","format":"standard","meta":{"footnotes":""},"categories":[14],"tags":[22,23,26,27,33,31,30,17,46,24,25,28,29,15,18,21,32,19,20,56,16,59,60,61],"class_list":{"0":"post-108082","1":"post","2":"type-post","3":"status-publish","4":"format-standard","5":"has-post-thumbnail","7":"category-ulkomaat","8":"tag-breaking-news","9":"tag-breakingnews","10":"tag-featured-news","11":"tag-featurednews","12":"tag-fi","13":"tag-finland","14":"tag-finnish","15":"tag-headlines","16":"tag-helsingin-sanomat","17":"tag-latest-news","18":"tag-latestnews","19":"tag-main-news","20":"tag-mainnews","21":"tag-news","22":"tag-otsikot","23":"tag-paauutiset","24":"tag-suomi","25":"tag-top-stories","26":"tag-topstories","27":"tag-ulkomaat","28":"tag-uutiset","29":"tag-world","30":"tag-world-news","31":"tag-worldnews"},"share_on_mastodon":{"url":"https:\/\/pubeurope.com\/@fi\/115664879869873902","error":""},"_links":{"self":[{"href":"https:\/\/www.europesays.com\/fi\/wp-json\/wp\/v2\/posts\/108082","targetHints":{"allow":["GET"]}}],"collection":[{"href":"https:\/\/www.europesays.com\/fi\/wp-json\/wp\/v2\/posts"}],"about":[{"href":"https:\/\/www.europesays.com\/fi\/wp-json\/wp\/v2\/types\/post"}],"author":[{"embeddable":true,"href":"https:\/\/www.europesays.com\/fi\/wp-json\/wp\/v2\/users\/2"}],"replies":[{"embeddable":true,"href":"https:\/\/www.europesays.com\/fi\/wp-json\/wp\/v2\/comments?post=108082"}],"version-history":[{"count":0,"href":"https:\/\/www.europesays.com\/fi\/wp-json\/wp\/v2\/posts\/108082\/revisions"}],"wp:featuredmedia":[{"embeddable":true,"href":"https:\/\/www.europesays.com\/fi\/wp-json\/wp\/v2\/media\/96697"}],"wp:attachment":[{"href":"https:\/\/www.europesays.com\/fi\/wp-json\/wp\/v2\/media?parent=108082"}],"wp:term":[{"taxonomy":"category","embeddable":true,"href":"https:\/\/www.europesays.com\/fi\/wp-json\/wp\/v2\/categories?post=108082"},{"taxonomy":"post_tag","embeddable":true,"href":"https:\/\/www.europesays.com\/fi\/wp-json\/wp\/v2\/tags?post=108082"}],"curies":[{"name":"wp","href":"https:\/\/api.w.org\/{rel}","templated":true}]}}