{"id":108083,"date":"2025-12-05T03:39:10","date_gmt":"2025-12-05T03:39:10","guid":{"rendered":"https:\/\/www.europesays.com\/fi\/108083\/"},"modified":"2025-12-05T03:39:10","modified_gmt":"2025-12-05T03:39:10","slug":"sdp-ampui-kovilla-tyottomyystilanteesta-onkohan-teilla-mennyt-polkimet-sekaisin","status":"publish","type":"post","link":"https:\/\/www.europesays.com\/fi\/108083\/","title":{"rendered":"SDP ampui kovilla ty\u00f6tt\u00f6myystilanteesta \u2013 \u201dOnkohan teill\u00e4 mennyt polkimet sekaisin?\u201d"},"content":{"rendered":"<p>Oppositio ry\u00f6pytti hallitusta vakavasta ty\u00f6tt\u00f6myystilanteesta ja lapsiperhek\u00f6yhyydest\u00e4 eduskunnan kyselytunnilla.<\/p>\n<p>Kyselytunnin avannut kansanedustaja <strong>Tuula V\u00e4\u00e4t\u00e4inen<\/strong> (sd.) kuvasi, kuinka syksyn mittaan on saatu huonoja uutisia toisensa per\u00e4\u00e4n ja moneen perheeseen on tulossa musta joulu.<\/p>\n<p>\u2013 T\u00e4st\u00e4 kertovat pienitulosten perheiden jouluajatoiveet, joissa lahjaksi toivotaan ruokaa tai v\u00e4ltt\u00e4m\u00e4tt\u00f6myys tarvikkeita, esimerkiksi l\u00e4mpimi\u00e4 kenki\u00e4 lapsille, V\u00e4\u00e4t\u00e4inen sanoi.<\/p>\n<p>V\u00e4\u00e4t\u00e4inen ja keskustelun mittaan muutkin kansanedustajat muistuttivat, ett\u00e4 konkurssien m\u00e4\u00e4r\u00e4 on noussut, ty\u00f6tt\u00f6myys lis\u00e4\u00e4ntynyt ja Suomi on m\u00e4\u00e4r\u00e4tty EU:n tarkkailuluokalle.\u2028\u2028Muiden muassa SDP:n puheenjohtaja <strong>Antti Lindtman<\/strong> nosti esiin, kuinka Suomi on OECD:n mukaan ainoa kehittynyt maa, jonka talous ei kasva t\u00e4n\u00e4 vuonna ollenkaan.<\/p>\n<p>\u2013 T\u00e4m\u00e4 on t\u00e4ysin poikkeuksellinen tilanne. Vaikka ep\u00e4varmuus koskettaa kaikkia, totta kai enemm\u00e4n t\u00e4\u00e4ll\u00e4 rajan tuntumassa, niin silti Suomi on ainoa maa. Ja t\u00e4m\u00e4n laskun maksavat karvaimmin ne suomalaiset, joita on nytkin t\u00e4n\u00e4 jouluna 50 000 enemm\u00e4n, jotka ovat ilman ty\u00f6t\u00e4.<\/p>\n<p>P\u00e4\u00e4ministeri <strong>Petteri Orpo <\/strong>(kok.) toisteli vastauksissaan, ett\u00e4 Euroopassa k\u00e4yd\u00e4\u00e4n sotaa, mik\u00e4 vaikuttaa merkitt\u00e4v\u00e4ll\u00e4 tavalla Suomen tilanteeseen.<\/p>\n<p>\u2013 Se vaikuttaa merkitt\u00e4v\u00e4ll\u00e4 tavalla siihen tunnelmaan, mik\u00e4 Suomessa on. Ihmiset eiv\u00e4t kuluta, vaan varautuvat ja yritykset ovat varovaisia investointiensa kanssa. T\u00e4m\u00e4 johtaa siihen, ett\u00e4 ty\u00f6paikkoja ei synny toivotulla tavalla, eik\u00e4 talouskasvu ole l\u00e4htenyt liikkeelle. T\u00e4m\u00e4 on eritt\u00e4in ik\u00e4v\u00e4, vakava asia ja se heijastuu tietenkin suomalaisiin koteihin, Orpo sanoi.<\/p>\n<p>Orpo kuvaili, ett\u00e4 vaikeaan tilanteeseen pit\u00e4\u00e4 vastata samaan aikaan \u201djarruttamalla velan ja julkisten menojen kasvua ja painamalla kaasua talouden kasvulle, ty\u00f6llisyydelle, uusille ty\u00f6paikoille ja toivolle\u201d.<\/p>\n<p>\u2013 Se ei ole helppo yht\u00e4l\u00f6. Siihen ei ole olemassa mit\u00e4\u00e4n yksitt\u00e4ist\u00e4 hopealuotia, mutta min\u00e4 voin vakuuttaa, ett\u00e4 me otamme t\u00e4m\u00e4n vakavasti niin kuin me olemme alusta l\u00e4htien ottaneet.<\/p>\n<blockquote>\n<p>Hopealuotia ei l\u00f6ytynyt teid\u00e4n vaihtoehdostanne.<\/p>\n<\/blockquote>\n<p><strong>KANSANEDUSTAJA Joona R\u00e4s\u00e4nen<\/strong> (sd.) kommentoi Orpon jarru- ja kaasupuheita toteamalla, ett\u00e4 h\u00e4n on t\u00e4ysin samaa mielt\u00e4 Orpon kanssa.<\/p>\n<p>\u2013  Mutta kun tulostaulua katselen, niin mieleeni juolahtaa, ett\u00e4 onkohan teill\u00e4 mennyt polkimet sekaisin, R\u00e4s\u00e4nen pohti.<\/p>\n<p>\u2013 Koska valitettavastihan on k\u00e4ynyt niin, ett\u00e4 t\u00e4\u00e4ll\u00e4 velkaantumisen puolella te olette enemm\u00e4nkin painaneet kaasua. T\u00e4ll\u00e4 kaudellahan velkaantuminen on kiihtynyt, vaikkapa siihen edellisen vaalikauteen n\u00e4hden. Velkaantuminen on Suomessa t\u00e4ll\u00e4 hetkell\u00e4 nopeinta koko Euroopassa. Ja sitten vastaavasti t\u00e4\u00e4ll\u00e4 kaasun puolella, kun pit\u00e4isi saada talous kasvamaan, niin te olette painaneet jarrua, koska meid\u00e4n talouskasvu on kaikista OECD-maista heikointa, h\u00e4n huomautti.<\/p>\n<p>Orpo antoi R\u00e4s\u00e4selle kiitosta siit\u00e4, ett\u00e4 kyselytunnin \u201dehdottomasti viihdytt\u00e4vin osa ovat edustaja R\u00e4s\u00e4sen loistavat kielikuvat\u201d. H\u00e4n kuitenkin huomautti, ett\u00e4 hallituksen s\u00e4\u00e4st\u00f6t \u2013  joista oppositio on syksyn mittaan kritisoinut jokaista \u2013 on sit\u00e4 ty\u00f6t\u00e4, mill\u00e4 jarrua painetaan.<\/p>\n<p>\u2013 Se on ollut v\u00e4ltt\u00e4m\u00e4t\u00f6nt\u00e4, jotta se velkaantuminen on saatu pysym\u00e4\u00e4n edes hallinnassa, ettei se ollut hallitsemattomalla uralla. Ja siin\u00e4 me olemme onnistuneet. Se on ollut t\u00e4ysin v\u00e4ltt\u00e4m\u00e4t\u00f6nt\u00e4.<\/p>\n<p>Orpon mukaan hallitus on my\u00f6s tehnyt kasvutoimia, joista se on saanut p\u00e4\u00e4ministerin mukaan kiitosta. Orpo toisti j\u00e4lleen, ettei tilanteen parantamiseksi ole mit\u00e4\u00e4n yht\u00e4 hopealuotia.<\/p>\n<p>\u2013 Ei sit\u00e4 l\u00f6ytynyt teid\u00e4n vaihtoehdoistanne, ei sinne p\u00e4ink\u00e4\u00e4n, Orpo kuittasi SDP:n vaihtoehtobudjetista.<\/p>\n<blockquote>\n<p>Miten luulette, ett\u00e4 toivo resonoi hoitohenkil\u00f6kunnassa, joka on politiikkanne vuoksi saanut kenk\u00e4\u00e4.<\/p>\n<\/blockquote>\n<p><strong>KANSANEDUSTAJAT<\/strong> nostivat esille my\u00f6s hyvinvointialueiden vaikean tilanteen. Vasemmistoliiton puheenjohtaja <strong>Minja Koskela<\/strong> huomautti, ett\u00e4 asiantuntijoiden mukaan ty\u00f6tt\u00f6myyskriisin yksi syy on hallituksen tekem\u00e4t leikkaukset sote-sektorille. H\u00e4n nosti esiin Lapin sairaanhoitopiirin tilanteen.<\/p>\n<p>\u2013 Kenk\u00e4\u00e4 saavat niin l\u00e4\u00e4k\u00e4rit kuin hoitajat, laitoshuoltajat ja osastosihteerit, ty\u00f6taakka t\u00f6ihin j\u00e4\u00e4vill\u00e4 kasvaa entisest\u00e4\u00e4n. Aikana, jona suomalaisten hoidon tarve kasvaa ja taloussuhdanne on heikko. T\u00e4m\u00e4h\u00e4n oltaisiin voitu v\u00e4ltt\u00e4\u00e4, jos hallitus olisi tullut opposition linjalle aiemmin ja antanut suosiolla hyvinvointialueille enemm\u00e4n aikaa, Koskela totesi.<\/p>\n<p>\u2013 P\u00e4\u00e4ministeri Orpo, te puhutte paljon toivosta, niin miten luulette, ett\u00e4 toivo resonoi hoitohenkil\u00f6kunnassa, joka on politiikkanne vuoksi saanut kenk\u00e4\u00e4, h\u00e4n jatkoi.<\/p>\n<p>Kysymykseen vastasi ministeri <strong>Kaisa Juuso<\/strong> (ps.), joka nosti esiin, ett\u00e4 Lapin hyvinvointialue on arviointimenettelyss\u00e4, jossa tarkastellaan toimia talouden tasapainottamiseksi pitk\u00e4ll\u00e4 aikav\u00e4lill\u00e4. Juuson mukaan on rakenteellisista uudistuksista, joissa katsotaan my\u00f6s sit\u00e4, mitk\u00e4 palvelut suositellaan j\u00e4rjestett\u00e4v\u00e4ksi omana toimintana kun taas tiettyj\u00e4 palveluja siirret\u00e4\u00e4n yksityiselle puolelle.<\/p>\n<p>\u2013 Vaikka sielt\u00e4 hyvinvointialueelta jonkin verran v\u00e4henee paikkoja, niin uskon, ett\u00e4 niit\u00e4 tulee vastaavasti sinne yksityiselle puolelle, Juuso sanoi.<\/p>\n<p>Kyselytunnin aloittanut kansanedustaja Tuula V\u00e4\u00e4t\u00e4inen toivoi kysymyksen k\u00e4sittelyn lopuksi Orpolta yht\u00e4 uuden vuoden lahjaa, jolla hallitus lupaa parantaa pienituloisten el\u00e4m\u00e4\u00e4 joulun j\u00e4lkeen.<\/p>\n<p>\u2013 Jos jotain toivon, on se, ett\u00e4 joulun j\u00e4lkeen, uuden vuoden j\u00e4lkeen mahdollisimman monessa perheess\u00e4 on uusi ty\u00f6paikka. Niill\u00e4 isill\u00e4 ja \u00e4ideill\u00e4 on t\u00f6it\u00e4, ett\u00e4 he saavat mahdollisuuden el\u00e4tt\u00e4\u00e4 perhett\u00e4\u00e4n, itse\u00e4\u00e4n, tulla toimeen ja ett\u00e4 heill\u00e4 on tulevaisuuden uskoa. Se on se kaikkein t\u00e4rkein asia t\u00e4ll\u00e4 hetkell\u00e4, ett\u00e4 me saamme ihmisille ty\u00f6paikkoja t\u00e4h\u00e4n maahan. Se on se kest\u00e4v\u00e4 tapa ja sen eteen me teemme t\u00f6it\u00e4. Sen terveisen haluan sinne koteihin l\u00e4hett\u00e4\u00e4.<\/p>\n","protected":false},"excerpt":{"rendered":"Oppositio ry\u00f6pytti hallitusta vakavasta ty\u00f6tt\u00f6myystilanteesta ja lapsiperhek\u00f6yhyydest\u00e4 eduskunnan kyselytunnilla. Kyselytunnin avannut kansanedustaja Tuula V\u00e4\u00e4t\u00e4inen (sd.) kuvasi, kuinka syksyn&hellip;\n","protected":false},"author":2,"featured_media":108084,"comment_status":"","ping_status":"","sticky":false,"template":"","format":"standard","meta":{"footnotes":""},"categories":[12],"tags":[22,23,26,27,33,31,30,17,24,25,28,29,15,18,21,32,19,20,16],"class_list":{"0":"post-108083","1":"post","2":"type-post","3":"status-publish","4":"format-standard","5":"has-post-thumbnail","7":"category-suomi","8":"tag-breaking-news","9":"tag-breakingnews","10":"tag-featured-news","11":"tag-featurednews","12":"tag-fi","13":"tag-finland","14":"tag-finnish","15":"tag-headlines","16":"tag-latest-news","17":"tag-latestnews","18":"tag-main-news","19":"tag-mainnews","20":"tag-news","21":"tag-otsikot","22":"tag-paauutiset","23":"tag-suomi","24":"tag-top-stories","25":"tag-topstories","26":"tag-uutiset"},"share_on_mastodon":{"url":"https:\/\/pubeurope.com\/@fi\/115664883997728608","error":""},"_links":{"self":[{"href":"https:\/\/www.europesays.com\/fi\/wp-json\/wp\/v2\/posts\/108083","targetHints":{"allow":["GET"]}}],"collection":[{"href":"https:\/\/www.europesays.com\/fi\/wp-json\/wp\/v2\/posts"}],"about":[{"href":"https:\/\/www.europesays.com\/fi\/wp-json\/wp\/v2\/types\/post"}],"author":[{"embeddable":true,"href":"https:\/\/www.europesays.com\/fi\/wp-json\/wp\/v2\/users\/2"}],"replies":[{"embeddable":true,"href":"https:\/\/www.europesays.com\/fi\/wp-json\/wp\/v2\/comments?post=108083"}],"version-history":[{"count":0,"href":"https:\/\/www.europesays.com\/fi\/wp-json\/wp\/v2\/posts\/108083\/revisions"}],"wp:featuredmedia":[{"embeddable":true,"href":"https:\/\/www.europesays.com\/fi\/wp-json\/wp\/v2\/media\/108084"}],"wp:attachment":[{"href":"https:\/\/www.europesays.com\/fi\/wp-json\/wp\/v2\/media?parent=108083"}],"wp:term":[{"taxonomy":"category","embeddable":true,"href":"https:\/\/www.europesays.com\/fi\/wp-json\/wp\/v2\/categories?post=108083"},{"taxonomy":"post_tag","embeddable":true,"href":"https:\/\/www.europesays.com\/fi\/wp-json\/wp\/v2\/tags?post=108083"}],"curies":[{"name":"wp","href":"https:\/\/api.w.org\/{rel}","templated":true}]}}