{"id":108087,"date":"2025-12-05T03:58:10","date_gmt":"2025-12-05T03:58:10","guid":{"rendered":"https:\/\/www.europesays.com\/fi\/108087\/"},"modified":"2025-12-05T03:58:10","modified_gmt":"2025-12-05T03:58:10","slug":"raskaana-oleva-rosanna-kulju-on-matkustamassa-thaimaahan","status":"publish","type":"post","link":"https:\/\/www.europesays.com\/fi\/108087\/","title":{"rendered":"Raskaana oleva Rosanna Kulju on matkustamassa Thaimaahan"},"content":{"rendered":"<p>Somevaikuttaja <strong>Rosanna Kulju<\/strong>, 34, on l\u00e4hd\u00f6ss\u00e4 viett\u00e4m\u00e4\u00e4n uutta vuotta Thaimaahan. Rosanna kertoi tulevasta matkasta Instagramin tarinat-osiossa eilen tiistaina 2. joulukuuta.<\/p>\n<p>\u2013 M\u00e4 en malta odottaa, ett\u00e4 on joulu. Ennen sit\u00e4 kuitenkin Helsingin asunnon tyhjennys ja Stadi-viikko. Sitten jouluna Rukalle ja sitten l\u00e4hdet\u00e4\u00e4n v\u00e4lip\u00e4ivill\u00e4 Thaikkuihin. En malta odottaa! Rosanna hehkuttaa p\u00e4ivityksess\u00e4\u00e4n.<\/p>\n<p>Thaimaan matka ei itsess\u00e4\u00e4n ole ollut syy somekohun syntymiselle. Tilannetta on sen sijaan mutkistanut Kuljun raskaus. Rosanna odottaa kumppaninsa kanssa esikoistaan, jonka on m\u00e4\u00e4r\u00e4 synty\u00e4 ensi kev\u00e4\u00e4n\u00e4.<\/p>\n<blockquote class=\"instagram-media\" data-instgrm-permalink=\"https:\/\/www.instagram.com\/p\/DP9FnVIjB2u\/?utm_source=ig_embed&amp;utm_campaign=loading\" data-instgrm-version=\"14\" style=\" background:#FFF; border:0; border-radius:3px; box-shadow:0 0 1px 0 rgba(0,0,0,0.5),0 1px 10px 0 rgba(0,0,0,0.15); margin: 1px; max-width:540px; min-width:326px; padding:0; width:99.375%; width:-webkit-calc(100% - 2px); width:calc(100% - 2px);\"\/>\n<p>Asia on her\u00e4tt\u00e4nyt keskustelua muun muassa juorusovellus Jodelissa.<\/p>\n<p>\u2013\u00a0J\u00e4nn\u00e4 kun Rosanna toivonu raskautta niin paljon ja silti l\u00e4htee Thaikkuihin vaikka Zika aluetta, er\u00e4s Jodel-k\u00e4ytt\u00e4j\u00e4 h\u00e4mm\u00e4stelee.<\/p>\n<p><strong>Riski siki\u00f6lle<\/strong><\/p>\n<p>Zikavirus on Aedes-sukuun kuuluvien hyttysten levitt\u00e4m\u00e4 tauti, jota esiintyy muun muassa Thaimaassa. Terveyskirjaston mukaan virus voi tarttua ihmisest\u00e4 toiseen my\u00f6s seksiteitse, vaikka t\u00e4m\u00e4 on harvinaista. Infektioon liittyy tyypillisesti kuume, ihottuma sek\u00e4 nivel- ja lihaskivut. Terveyskirjasto muistuttaa lis\u00e4ksi, ett\u00e4 virus voi aiheuttaa synnynn\u00e4isi\u00e4 kehitysh\u00e4iri\u00f6it\u00e4 siki\u00f6lle, etenkin jos \u00e4iti saa tartunnan alkuraskauden aikana.<\/p>\n<p>Rosannan seuraajat ovat h\u00e4mm\u00e4stelleet, miksi somevaikuttaja on valmis ottamaan riskin ja l\u00e4htem\u00e4\u00e4n matkalle odottaessaan lasta. Kommenttiketjuissa moni on kertonut peruneensa vastaavan reissun raskauden aikana juuri turvallisuussyist\u00e4.<\/p>\n<p>\u2013\u00a0En haluaisi koko raskautta stressata onko vauva saanut tartunnan vai ei ja onko sen vuoksi kehitysvammainen, yksi Jodel-k\u00e4ytt\u00e4j\u00e4 kirjoittaa.<\/p>\n<p>\u2013\u00a0\u00a0Jos m\u00e4 olisin raskaana, niin v\u00e4lttelisin kaikkia mahdollisia riskej\u00e4 ku ruttoo. Ihan todella ihmettelen nyt t\u00e4t\u00e4kin, kun ei tosiaankaan oo ollu pakko l\u00e4htee tonne, toinen jatkaa.<\/p>\n<p>Rosanna ei ole toistaiseksi kommentoinut aihetta somessa.<\/p>\n<p>Asiasta uutisoi aiemmin <a href=\"https:\/\/www.seiska.fi\/kotimaa\/rosanna-kulju-aiheutti-somekohun\/2010141\" target=\"_blank\" rel=\"noreferrer noopener nofollow\">Seiska<\/a>.<\/p>\n<blockquote class=\"instagram-media\" data-instgrm-permalink=\"https:\/\/www.instagram.com\/p\/DQJaEhhDbLL\/?utm_source=ig_embed&amp;utm_campaign=loading\" data-instgrm-version=\"14\" style=\" background:#FFF; border:0; border-radius:3px; box-shadow:0 0 1px 0 rgba(0,0,0,0.5),0 1px 10px 0 rgba(0,0,0,0.15); margin: 1px; max-width:540px; min-width:326px; padding:0; width:99.375%; width:-webkit-calc(100% - 2px); width:calc(100% - 2px);\"\/>\n<p><script async src=\"\/\/www.instagram.com\/embed.js\"><\/script><\/p>\n","protected":false},"excerpt":{"rendered":"Somevaikuttaja Rosanna Kulju, 34, on l\u00e4hd\u00f6ss\u00e4 viett\u00e4m\u00e4\u00e4n uutta vuotta Thaimaahan. Rosanna kertoi tulevasta matkasta Instagramin tarinat-osiossa eilen tiistaina&hellip;\n","protected":false},"author":2,"featured_media":108088,"comment_status":"","ping_status":"","sticky":false,"template":"","format":"standard","meta":{"footnotes":""},"categories":[165],"tags":[33,31,30,166,2443,20288,6303,20289,32,167,2911,20033],"class_list":{"0":"post-108087","1":"post","2":"type-post","3":"status-publish","4":"format-standard","5":"has-post-thumbnail","7":"category-terveys","8":"tag-fi","9":"tag-finland","10":"tag-finnish","11":"tag-health","12":"tag-raskaus","13":"tag-riski","14":"tag-rosanna-kulju","15":"tag-sikio","16":"tag-suomi","17":"tag-terveys","18":"tag-thaimaa","19":"tag-zikavirus"},"share_on_mastodon":{"url":"https:\/\/pubeurope.com\/@fi\/115664958549428010","error":""},"_links":{"self":[{"href":"https:\/\/www.europesays.com\/fi\/wp-json\/wp\/v2\/posts\/108087","targetHints":{"allow":["GET"]}}],"collection":[{"href":"https:\/\/www.europesays.com\/fi\/wp-json\/wp\/v2\/posts"}],"about":[{"href":"https:\/\/www.europesays.com\/fi\/wp-json\/wp\/v2\/types\/post"}],"author":[{"embeddable":true,"href":"https:\/\/www.europesays.com\/fi\/wp-json\/wp\/v2\/users\/2"}],"replies":[{"embeddable":true,"href":"https:\/\/www.europesays.com\/fi\/wp-json\/wp\/v2\/comments?post=108087"}],"version-history":[{"count":0,"href":"https:\/\/www.europesays.com\/fi\/wp-json\/wp\/v2\/posts\/108087\/revisions"}],"wp:featuredmedia":[{"embeddable":true,"href":"https:\/\/www.europesays.com\/fi\/wp-json\/wp\/v2\/media\/108088"}],"wp:attachment":[{"href":"https:\/\/www.europesays.com\/fi\/wp-json\/wp\/v2\/media?parent=108087"}],"wp:term":[{"taxonomy":"category","embeddable":true,"href":"https:\/\/www.europesays.com\/fi\/wp-json\/wp\/v2\/categories?post=108087"},{"taxonomy":"post_tag","embeddable":true,"href":"https:\/\/www.europesays.com\/fi\/wp-json\/wp\/v2\/tags?post=108087"}],"curies":[{"name":"wp","href":"https:\/\/api.w.org\/{rel}","templated":true}]}}