{"id":108089,"date":"2025-12-05T03:59:13","date_gmt":"2025-12-05T03:59:13","guid":{"rendered":"https:\/\/www.europesays.com\/fi\/108089\/"},"modified":"2025-12-05T03:59:13","modified_gmt":"2025-12-05T03:59:13","slug":"mestiksen-jumbo-onnistui-lahes-mahdottomassa","status":"publish","type":"post","link":"https:\/\/www.europesays.com\/fi\/108089\/","title":{"rendered":"Mestiksen jumbo onnistui l\u00e4hes mahdottomassa"},"content":{"rendered":"<p>6\u20131-johtoasema ei riitt\u00e4nyt voittoon saakka Mestiksess\u00e4 torstaina.<\/p>\n<p><img decoding=\"async\" class=\"image image-show image-preview\" src=\"https:\/\/www.europesays.com\/fi\/wp-content\/uploads\/2025\/12\/09b0f1c4edb25426362687f888cf96e9f2c308dc5c80648adca7f8248e261f48.jpg\" alt=\"\"\/><img decoding=\"async\" class=\"image image-show\" src=\"https:\/\/www.europesays.com\/fi\/wp-content\/uploads\/2025\/12\/1764907151_364_09b0f1c4edb25426362687f888cf96e9f2c308dc5c80648adca7f8248e261f48.jpg\" alt=\"\"\/><\/p>\n<p>Hermes nousi viiden maalin takaa voittoon. Mikko Lieri \/ AOP<\/p>\n<p class=\"paragraph\">Uskotteko kotona?<\/p>\n<p class=\"paragraph\">Peli oli 5\u20131, kun Joensuun Kiekko-Pojat ja Kokkolan Hermes l\u00e4htiv\u00e4t ensimm\u00e4iselle er\u00e4tauolle j\u00e4\u00e4kiekkoilun Mestiksess\u00e4 torstaina. Vierasjoukkue JoKP johti.<\/p>\n<p class=\"paragraph\">Peli vaikutti jo ratkenneelta.<\/p>\n<p class=\"paragraph\">Hermes vaihtoi maalivahtia, mutta ajassa 35.45 <strong>Niko Mikkola<\/strong> laukoi vieraille jo kuudennen maalin.<\/p>\n<p class=\"paragraph\">Uskomatonta kyll\u00e4, Mestiksen jumbona oleva Hermes nousi viel\u00e4 voittoon.<\/p>\n<p class=\"paragraph\">2\u20136-kavennusmaalin Hermes teki toisen er\u00e4n viimeisell\u00e4 minuutilla.<\/p>\n<p class=\"paragraph\">Kolmannessa er\u00e4ss\u00e4 Hermes osui ajassa 41.03, 48.31, 51.56 ja 53.43. 7\u20136-loppulukemat ratkaistiin voittolaukauskisassa.<\/p>\n<p class=\"paragraph\">Joensuun Kiekko-Poikien p\u00e4\u00e4valmentajan <strong>Juha-Matti Kemppaisen<\/strong> arvion mukaan JoKP ei ollut aivan 5\u20131- tai 6\u20131-lukemien verran parempi ottelun alussa.<\/p>\n<p class=\"paragraph\">Kemppaisen mukaan pelaajilla oli \u201dkiire hy\u00f6k\u00e4t\u00e4 ja saada lis\u00e4\u00e4 pisteit\u00e4 ja maaleja\u201d.<\/p>\n<p class=\"paragraph\">\u2013 Sit\u00e4 kautta ottelu lipesi k\u00e4sist\u00e4 t\u00e4ysin anteeksiantamattomalla tavalla, Kemppainen sanoi.<\/p>\n<p class=\"paragraph\"><a href=\"https:\/\/www.iltalehti.fi\/smliiga\/7ad93b4a-9102-4f1e-b21a-b4493aef7f3f\" rel=\"nofollow noopener\" target=\"_blank\">Joensuun Kiekko-Pojat saattaa hakea liigalisenssi\u00e4 ensi kaudeksi.<\/a><\/p>\n<p><a href=\"https:\/\/www.iltalehti.fi\/jaakiekko\/a\/1ae71ab3-3179-4e5d-95ce-15a50bbf7509\" rel=\"nofollow noopener\" target=\"_blank\"><img decoding=\"async\" src=\"https:\/\/www.europesays.com\/fi\/wp-content\/uploads\/2025\/10\/4a4e280ca1a75d884de6ebd943738ae5d99be138803b843a647b7d7c8a538b0b.png\" alt=\"Osallistu arvontaan\"\/><\/a><\/p>\n","protected":false},"excerpt":{"rendered":"6\u20131-johtoasema ei riitt\u00e4nyt voittoon saakka Mestiksess\u00e4 torstaina. Hermes nousi viiden maalin takaa voittoon. Mikko Lieri \/ AOP Uskotteko&hellip;\n","protected":false},"author":2,"featured_media":108090,"comment_status":"","ping_status":"","sticky":false,"template":"","format":"standard","meta":{"footnotes":""},"categories":[158],"tags":[35,1274,33,31,30,1143,41,1146,159,32,1145,160],"class_list":{"0":"post-108089","1":"post","2":"type-post","3":"status-publish","4":"format-standard","5":"has-post-thumbnail","7":"category-urheilu","8":"tag-24h","9":"tag-ammattiurheilu","10":"tag-fi","11":"tag-finland","12":"tag-finnish","13":"tag-jaakiekko","14":"tag-liikunta-ja-urheilu","15":"tag-miesten-jaakiekko","16":"tag-sports","17":"tag-suomi","18":"tag-talviurheilu","19":"tag-urheilu"},"share_on_mastodon":{"url":"https:\/\/pubeurope.com\/@fi\/115664962955374252","error":""},"_links":{"self":[{"href":"https:\/\/www.europesays.com\/fi\/wp-json\/wp\/v2\/posts\/108089","targetHints":{"allow":["GET"]}}],"collection":[{"href":"https:\/\/www.europesays.com\/fi\/wp-json\/wp\/v2\/posts"}],"about":[{"href":"https:\/\/www.europesays.com\/fi\/wp-json\/wp\/v2\/types\/post"}],"author":[{"embeddable":true,"href":"https:\/\/www.europesays.com\/fi\/wp-json\/wp\/v2\/users\/2"}],"replies":[{"embeddable":true,"href":"https:\/\/www.europesays.com\/fi\/wp-json\/wp\/v2\/comments?post=108089"}],"version-history":[{"count":0,"href":"https:\/\/www.europesays.com\/fi\/wp-json\/wp\/v2\/posts\/108089\/revisions"}],"wp:featuredmedia":[{"embeddable":true,"href":"https:\/\/www.europesays.com\/fi\/wp-json\/wp\/v2\/media\/108090"}],"wp:attachment":[{"href":"https:\/\/www.europesays.com\/fi\/wp-json\/wp\/v2\/media?parent=108089"}],"wp:term":[{"taxonomy":"category","embeddable":true,"href":"https:\/\/www.europesays.com\/fi\/wp-json\/wp\/v2\/categories?post=108089"},{"taxonomy":"post_tag","embeddable":true,"href":"https:\/\/www.europesays.com\/fi\/wp-json\/wp\/v2\/tags?post=108089"}],"curies":[{"name":"wp","href":"https:\/\/api.w.org\/{rel}","templated":true}]}}