{"id":108091,"date":"2025-12-05T04:00:10","date_gmt":"2025-12-05T04:00:10","guid":{"rendered":"https:\/\/www.europesays.com\/fi\/108091\/"},"modified":"2025-12-05T04:00:10","modified_gmt":"2025-12-05T04:00:10","slug":"salakuva-sanna-marin-ja-joni-willberg-yllattivat-kivijalkakaupassa","status":"publish","type":"post","link":"https:\/\/www.europesays.com\/fi\/108091\/","title":{"rendered":"Salakuva: Sanna Marin ja Joni Willberg yll\u00e4ttiv\u00e4t kivijalkakaupassa!"},"content":{"rendered":"<p>            Panu H\u00f6rkk\u00f6, Timo Korhonen\n        <\/p>\n<p class=\"subtitle \">Ex-p\u00e4\u00e4ministeri Sanna Marin on suomiviihteen superjulkkis, jonka asiat kiinnostavat kovin.<\/p>\n<p class=\"article-content article-content-width !bg-background\">Suomessa lienee tuskin yht\u00e4k\u00e4\u00e4n ihmist\u00e4, joka ei tiet\u00e4isi, kuka on .<\/p>\n<p class=\"font-weight-bold m-font-weight-bold article-content article-content-width !bg-background\">Video: Sanna Marin on n\u00e4hty syksyn mittaan j\u00e4lleen Jonin seurassa.<\/p>\n<p class=\"article-content article-content-width !bg-background\">Ex-p\u00e4\u00e4ministeri on nykyinen viihdejulkkis, jonka asiat kiinnostavat tavan \u201dTauno Tasalakkeja\u201d \u2013 eih\u00e4n h\u00e4nen kuplivaa glamour-el\u00e4m\u00e4\u00e4ns\u00e4 muuten seurattaisi niin antaumuksella.<\/p>\n<p class=\"article-content article-content-width !bg-background\">Ex-poliitikko on viime aikoina n\u00e4hty yhdess\u00e4 j\u00e4lleen kampaajarakkaansa  kanssa.<\/p>\n<p class=\"article-content article-content-width !bg-background\">Niin k\u00e4vi nytkin, kun tiistaina vaunulenkill\u00e4 v\u00e4h\u00e4n puolen p\u00e4iv\u00e4n j\u00e4lkeen ollut naislukija h\u00e4mm\u00e4styi k\u00e4velless\u00e4\u00e4n Mannerheimintiell\u00e4.<\/p>\n<p>        <a itemprop=\"url\" href=\"https:\/\/www.seiska.fi\/kotimaa\/joni-rakas-hempea-tunnustus-sanna-marinille\/2008089\" rel=\"nofollow noopener\" target=\"_blank\"><\/p>\n<p>\nSanna kiipesi lavalle\n<\/p>\n<p class=\"section-date\">\n        <strong class=\"article-section\" data-section=\"kotimaa\"><br \/>\n            kotimaa<br \/>\n        <\/strong><br \/>\n        1.12. 16:00\n    <\/p>\n<p>Joni-rakas: Hempe\u00e4 tunnustus Sanna Marinille\n    <\/p>\n<p itemprop=\"description\" class=\"subtitle \">\n    Sanna Marin sai rakkaan tukijan yleis\u00f6\u00f6n.\n<\/p>\n<p>        <\/a><\/p>\n<p>                <img decoding=\"async\" src=\"https:\/\/www.europesays.com\/fi\/wp-content\/uploads\/2025\/12\/1994247.webp\" width=\"576\" height=\"322\" title=\"Sanna Marin kuvattuna vuonna 2020 p\u00e4\u00e4ministeriaikansa alussa.\" alt=\"Mustiin pukeutunut Sanna Marin katsoo hieman ohi kamerasta. H\u00e4nen molemmilla puolillaan n\u00e4kyy tunnistamattomia ihmisi\u00e4.\" loading=\"lazy\" \/>            <\/p>\n<p>\n            Sanna Marin kuvattuna vuonna 2020 p\u00e4\u00e4ministeriaikansa alussa.<br \/>\n            Matti Matikainen\n        <\/p>\n<p>Pitk\u00e4 tovi<\/p>\n<p class=\"article-content article-content-width !bg-background\">Sanna ja Joni olivat nimitt\u00e4in eritt\u00e4inkin keskittyneit\u00e4 er\u00e4\u00e4n kerrostalon kivijalassa sijaitsevassa parkettiliikkeess\u00e4.<\/p>\n<p class=\"article-content article-content-width !bg-background\">\u2013 Menin kerran ohi ja huomasin Sannan ja Jonin.<\/p>\n<p class=\"article-content article-content-width !bg-background\">\u2013 Kiersin sitten toista kautta ja menin uudestaan ohi, en kehdannut menn\u00e4 suoraan samaa reitti\u00e4, lukija hym\u00e4ht\u00e4\u00e4.<\/p>\n<p class=\"article-content article-content-width !bg-background\">T\u00f6\u00f6l\u00f6n tullin kohdalla olevassa liikkeess\u00e4 he olivat lukijan mukaan \u201dpitk\u00e4n tovin\u201d.<\/p>\n<p class=\"article-content article-content-width !bg-background\">\u2013 Siin\u00e4 he pl\u00e4r\u00e4siv\u00e4t myyj\u00e4n kanssa eri parkettilaattoja.<\/p>\n<p class=\"article-content article-content-width !bg-background\">\u2013 He olivat eritt\u00e4in keskittyneit\u00e4 ja olivat liikkeen ainoat asiakkaat siin\u00e4 hetkess\u00e4.<\/p>\n<p>        <a itemprop=\"url\" href=\"https:\/\/www.seiska.fi\/kotimaa\/sanna-marinin-asuntokuviot-tama-on-tilanne-nyt\/2004490\" rel=\"nofollow noopener\" target=\"_blank\"><\/p>\n<p>\nSanna Marin\n<\/p>\n<p class=\"section-date\">\n        <strong class=\"article-section\" data-section=\"kotimaa\"><br \/>\n            kotimaa<br \/>\n        <\/strong><br \/>\n        26.11. 16:00\n    <\/p>\n<p>Sanna Marinin asuntokuviot \u2013 t\u00e4m\u00e4 on tilanne nyt\n    <\/p>\n<p itemprop=\"description\" class=\"subtitle \">\n    Asunto on ollut myynniss\u00e4 tasan kaksi kuukautta.\n<\/p>\n<p>        <\/a><\/p>\n<p>                <img decoding=\"async\" src=\"https:\/\/www.europesays.com\/fi\/wp-content\/uploads\/2025\/12\/1982957.webp\" width=\"576\" height=\"298\" alt=\"Sanna ty\u00f6skentelee nykyisin Tony Blair -instituutissa.\" loading=\"lazy\" \/>            <\/p>\n<p>\n            Sanna ty\u00f6skentelee nykyisin Tony Blair -instituutissa.<br \/>\n            Panu H\u00f6rkk\u00f6\n        <\/p>\n<p>Joni makutuomarina?<\/p>\n<p class=\"article-content article-content-width !bg-background\">Lukija toteaa, ettei kyseess\u00e4 liene mik\u00e4\u00e4n \u201dhalvin mahdollinen liike\u201d.<\/p>\n<p class=\"article-content article-content-width !bg-background\">\u2013 Sannalla oli itselleen tyypillinen vakava ilme, eik\u00e4 siin\u00e4 tilanteessa selv\u00e4sti heitetty mit\u00e4\u00e4n vitsi\u00e4.<\/p>\n<p class=\"article-content article-content-width !bg-background\">\u2013 Sanna oli todella keskittynyt Jonin patsastellessa vieress\u00e4. Liek\u00f6 h\u00e4n ollut mukana sitten makutuomarina\u2026<\/p>\n<p class=\"article-content article-content-width !bg-background\">Yht\u00e4 kaikki, tarina ei valitettavasti t\u00e4ll\u00e4 kertaa kerro, l\u00f6ysik\u00f6 ex-demari miehineen itselleen mieleiset parketit.<\/p>\n<p>        <a itemprop=\"url\" href=\"https:\/\/www.seiska.fi\/kotimaa\/sanna-marin-vaihtoi-vapaalle-kuvat\/1998011\" rel=\"nofollow noopener\" target=\"_blank\"><\/p>\n<p>\nKuvat!\n<\/p>\n<p class=\"section-date\">\n        <strong class=\"article-section\" data-section=\"kotimaa\"><br \/>\n            kotimaa<br \/>\n        <\/strong><br \/>\n        19.11. 20:30\n    <\/p>\n<p>Sanna Marin vaihtoi vapaalle \u2013 kuvat\n    <\/p>\n<p itemprop=\"description\" class=\"subtitle \">\n    Sanna Marin on kierrellyt Yhdysvaltoja kirjaansa promoten.\n<\/p>\n<p>        <\/a><\/p>\n<p>                <img decoding=\"async\" src=\"https:\/\/www.europesays.com\/fi\/wp-content\/uploads\/2025\/12\/2009834.webp\" width=\"576\" height=\"639\" alt=\"Sanna ja Joni katselivat, kun ty\u00f6ntekij\u00e4 esitteli eri parkettimalleja.\" loading=\"lazy\" \/>            <\/p>\n<p>\n            Sanna ja Joni katselivat, kun ty\u00f6ntekij\u00e4 esitteli eri parkettimalleja.<br \/>\n            Lukijan kuva\n        <\/p>\n<p>&#8221;Sopivat toisilleen varmasti!&#8221;<\/p>\n<p class=\"article-content article-content-width !bg-background\">Yleinen mielipide lukijalla on Sannan suhteen melko selv\u00e4.<\/p>\n<p class=\"article-content article-content-width !bg-background\">\u2013 No\u2026 ei h\u00e4n ole ehk\u00e4 oma suosikkipoliitikko.<\/p>\n<p class=\"article-content article-content-width !bg-background\">\u2013 Otsikkotasolla seurailen h\u00e4nen menojaan ja olen tietoinen Joni-rakkaasta ja muista k\u00f6nsikk\u00e4ist\u00e4.<\/p>\n<p class=\"article-content article-content-width !bg-background\">Joni on pitk\u00e4, tumma ja komea ex-koripalloilija.<\/p>\n<p class=\"article-content article-content-width !bg-background\">\u2013 H\u00e4n ei ole ehk\u00e4 omaan makuuni. Minulla on kotona oma, ei niin pitk\u00e4 ja vaalea mies, lukija nauraa.<\/p>\n<p class=\"article-content article-content-width !bg-background\">\u2013 Mutta ovathan he tyylik\u00e4s pari ja sopivat toisilleen varmasti!<\/p>\n<p>        <a itemprop=\"url\" href=\"https:\/\/www.seiska.fi\/kotimaa\/sanna-marin-ja-joni-rakas-suhteen-tilasta-uutta-tietoa\/1994351\" rel=\"nofollow noopener\" target=\"_blank\"><\/p>\n<p>\nSanna Marin ja Joni-rakas\n<\/p>\n<p class=\"section-date\">\n        <strong class=\"article-section\" data-section=\"kotimaa\"><br \/>\n            kotimaa<br \/>\n        <\/strong><br \/>\n        16.11. 17:30\n    <\/p>\n<p>Sanna Marin ja Joni-rakas: suhteen tilasta uutta tietoa\n    <\/p>\n<p itemprop=\"description\" class=\"subtitle \">\n    Sannan syntt\u00e4rijuhlat puhuttavat.\n<\/p>\n<p>        <\/a><\/p>\n","protected":false},"excerpt":{"rendered":"Panu H\u00f6rkk\u00f6, Timo Korhonen Ex-p\u00e4\u00e4ministeri Sanna Marin on suomiviihteen superjulkkis, jonka asiat kiinnostavat kovin. Suomessa lienee tuskin yht\u00e4k\u00e4\u00e4n&hellip;\n","protected":false},"author":2,"featured_media":108092,"comment_status":"","ping_status":"","sticky":false,"template":"","format":"standard","meta":{"footnotes":""},"categories":[130],"tags":[137,33,31,30,2798,20290,6249,2799,32,109,7524],"class_list":{"0":"post-108091","1":"post","2":"type-post","3":"status-publish","4":"format-standard","5":"has-post-thumbnail","7":"category-viihde","8":"tag-entertainment","9":"tag-fi","10":"tag-finland","11":"tag-finnish","12":"tag-joni-willberg","13":"tag-parkettiliike","14":"tag-salakuva","15":"tag-sanna-marin","16":"tag-suomi","17":"tag-viihde","18":"tag-viihdejulkkis"},"share_on_mastodon":{"url":"https:\/\/pubeurope.com\/@fi\/115664966445136667","error":""},"_links":{"self":[{"href":"https:\/\/www.europesays.com\/fi\/wp-json\/wp\/v2\/posts\/108091","targetHints":{"allow":["GET"]}}],"collection":[{"href":"https:\/\/www.europesays.com\/fi\/wp-json\/wp\/v2\/posts"}],"about":[{"href":"https:\/\/www.europesays.com\/fi\/wp-json\/wp\/v2\/types\/post"}],"author":[{"embeddable":true,"href":"https:\/\/www.europesays.com\/fi\/wp-json\/wp\/v2\/users\/2"}],"replies":[{"embeddable":true,"href":"https:\/\/www.europesays.com\/fi\/wp-json\/wp\/v2\/comments?post=108091"}],"version-history":[{"count":0,"href":"https:\/\/www.europesays.com\/fi\/wp-json\/wp\/v2\/posts\/108091\/revisions"}],"wp:featuredmedia":[{"embeddable":true,"href":"https:\/\/www.europesays.com\/fi\/wp-json\/wp\/v2\/media\/108092"}],"wp:attachment":[{"href":"https:\/\/www.europesays.com\/fi\/wp-json\/wp\/v2\/media?parent=108091"}],"wp:term":[{"taxonomy":"category","embeddable":true,"href":"https:\/\/www.europesays.com\/fi\/wp-json\/wp\/v2\/categories?post=108091"},{"taxonomy":"post_tag","embeddable":true,"href":"https:\/\/www.europesays.com\/fi\/wp-json\/wp\/v2\/tags?post=108091"}],"curies":[{"name":"wp","href":"https:\/\/api.w.org\/{rel}","templated":true}]}}