{"id":108097,"date":"2025-12-05T04:05:12","date_gmt":"2025-12-05T04:05:12","guid":{"rendered":"https:\/\/www.europesays.com\/fi\/108097\/"},"modified":"2025-12-05T04:05:12","modified_gmt":"2025-12-05T04:05:12","slug":"uhkaava-tilanne-vihdin-yhteiskoululla-on-ohi-paikalla-oli-useita-poliisipartioita-paikalliset","status":"publish","type":"post","link":"https:\/\/www.europesays.com\/fi\/108097\/","title":{"rendered":"Uhkaava tilanne Vihdin yhteiskoululla on ohi\u2009\u2013\u2009paikalla oli useita poliisipartioita | Paikalliset"},"content":{"rendered":"<p>Vihdin yhteiskoululla ollut poliisiteht\u00e4v\u00e4 on p\u00e4\u00e4ttynyt, tiedottaa L\u00e4nsi-Uudenmaan poliisi.<\/p>\n<p>Poliisi sai h\u00e4lytyksen koululle kello 12.47 uhkaavasti k\u00e4ytt\u00e4ytyneest\u00e4 henkil\u00f6st\u00e4. Poliisin alustavien tietojen mukaan henkil\u00f6 on koulun oppilas. <a href=\"https:\/\/www.mtvuutiset.fi\/artikkeli\/mtv-n-tiedot-oppilas-hyokannyt-opettajan-kimppuun-vihdin-koululla-oppilaat-suljettu-kouluun\/9265246\" rel=\"nofollow noopener\" target=\"_blank\">MTV Uutisten mukaan h\u00e4n hy\u00f6kk\u00e4si opettajan kimppuun.<\/a><\/p>\n<p>Koulun rehtori <strong>Minna Kela<\/strong> ei kommentoinut L\u00e4nsi-Uusimaalle, oliko opettajan kimppuun k\u00e4yneell\u00e4 oppilaalla k\u00e4yt\u00f6ss\u00e4\u00e4n jonkinlaista asetta tai mill\u00e4 luokka-asteella h\u00e4n on.<\/p>\n<p>\u2013\u2009H\u00e4n k\u00e4ytt\u00e4ytyi uhkaavasti, Kela sanoo.<\/p>\n<p>Poliisi saapui Vihdin kirkonkyl\u00e4ll\u00e4 sijaitsevalle koululle nopeasti ja otti henkil\u00f6n kiinni. Kukaan ei loukkaantunut tilanteessa.<\/p>\n<p>Poliisi jatkaa asian selvitt\u00e4mist\u00e4 ja tilanne koululla on nyt rauhallinen. Henkil\u00f6n nuoren i\u00e4n vuoksi poliisi ei kommentoi tapahtunutta yksityiskohtaisemmin.<\/p>\n<p>Minna Kelan mukaan oppilaiden vanhempia on tiedotettu asiasta.<\/p>\n<p><a href=\"https:\/\/www.iltalehti.fi\/kotimaa\/a\/5b010f2c-c070-43b5-8411-c84707839559\" rel=\"nofollow noopener\" target=\"_blank\">Iltalehden mukaan paikalla oli useampi poliisipartio.<\/a><\/p>\n<p>Vihdin yhteiskoulussa on noin 360 oppilasta.<\/p>\n","protected":false},"excerpt":{"rendered":"Vihdin yhteiskoululla ollut poliisiteht\u00e4v\u00e4 on p\u00e4\u00e4ttynyt, tiedottaa L\u00e4nsi-Uudenmaan poliisi. Poliisi sai h\u00e4lytyksen koululle kello 12.47 uhkaavasti k\u00e4ytt\u00e4ytyneest\u00e4 henkil\u00f6st\u00e4.&hellip;\n","protected":false},"author":2,"featured_media":108098,"comment_status":"","ping_status":"","sticky":false,"template":"","format":"standard","meta":{"footnotes":""},"categories":[12],"tags":[22,23,26,27,33,31,30,17,2390,96,757,55,100,24,25,28,29,15,18,21,54,52,32,19,20,16],"class_list":{"0":"post-108097","1":"post","2":"type-post","3":"status-publish","4":"format-standard","5":"has-post-thumbnail","7":"category-suomi","8":"tag-breaking-news","9":"tag-breakingnews","10":"tag-featured-news","11":"tag-featurednews","12":"tag-fi","13":"tag-finland","14":"tag-finnish","15":"tag-headlines","16":"tag-kirkonkyla-vihti","17":"tag-koulutus","18":"tag-koulutus-ja-kasvatus","19":"tag-lainvalvonta","20":"tag-lapset-ja-nuoret","21":"tag-latest-news","22":"tag-latestnews","23":"tag-main-news","24":"tag-mainnews","25":"tag-news","26":"tag-otsikot","27":"tag-paauutiset","28":"tag-pelastuspalvelut","29":"tag-poliisi","30":"tag-suomi","31":"tag-top-stories","32":"tag-topstories","33":"tag-uutiset"},"share_on_mastodon":{"url":"https:\/\/pubeurope.com\/@fi\/115664986013224533","error":""},"_links":{"self":[{"href":"https:\/\/www.europesays.com\/fi\/wp-json\/wp\/v2\/posts\/108097","targetHints":{"allow":["GET"]}}],"collection":[{"href":"https:\/\/www.europesays.com\/fi\/wp-json\/wp\/v2\/posts"}],"about":[{"href":"https:\/\/www.europesays.com\/fi\/wp-json\/wp\/v2\/types\/post"}],"author":[{"embeddable":true,"href":"https:\/\/www.europesays.com\/fi\/wp-json\/wp\/v2\/users\/2"}],"replies":[{"embeddable":true,"href":"https:\/\/www.europesays.com\/fi\/wp-json\/wp\/v2\/comments?post=108097"}],"version-history":[{"count":0,"href":"https:\/\/www.europesays.com\/fi\/wp-json\/wp\/v2\/posts\/108097\/revisions"}],"wp:featuredmedia":[{"embeddable":true,"href":"https:\/\/www.europesays.com\/fi\/wp-json\/wp\/v2\/media\/108098"}],"wp:attachment":[{"href":"https:\/\/www.europesays.com\/fi\/wp-json\/wp\/v2\/media?parent=108097"}],"wp:term":[{"taxonomy":"category","embeddable":true,"href":"https:\/\/www.europesays.com\/fi\/wp-json\/wp\/v2\/categories?post=108097"},{"taxonomy":"post_tag","embeddable":true,"href":"https:\/\/www.europesays.com\/fi\/wp-json\/wp\/v2\/tags?post=108097"}],"curies":[{"name":"wp","href":"https:\/\/api.w.org\/{rel}","templated":true}]}}