{"id":108100,"date":"2025-12-05T04:11:10","date_gmt":"2025-12-05T04:11:10","guid":{"rendered":"https:\/\/www.europesays.com\/fi\/108100\/"},"modified":"2025-12-05T04:11:10","modified_gmt":"2025-12-05T04:11:10","slug":"ymparisto-ilmastokysely-kerasi-ennatysmaaran-vastauksia-kuntalaiset-haluavat-lisaa-kierratysmahdollisuuksia-ja-joukkoliikennetta-paikalliset","status":"publish","type":"post","link":"https:\/\/www.europesays.com\/fi\/108100\/","title":{"rendered":"Ymp\u00e4rist\u00f6 | Ilmastokysely ker\u00e4si enn\u00e4tysm\u00e4\u00e4r\u00e4n vastauksia \u2013 kuntalaiset haluavat lis\u00e4\u00e4 kierr\u00e4tysmahdollisuuksia ja joukkoliikennett\u00e4 | Paikalliset"},"content":{"rendered":"<p>Kunnan ilmastoty\u00f6ss\u00e4 asukkaiden n\u00e4kemykset ovat t\u00e4rke\u00e4ss\u00e4 roolissa, mink\u00e4 takia on toteutettu ilmastoty\u00f6kysely vuodesta 2021 l\u00e4htien.<\/p>\n<p>Vuoden 2025 kysely toteutettiin lokakuussa ja siihen oli mahdollista vastata s\u00e4hk\u00f6isesti tai paperilomakkeella. Kyselyss\u00e4 kartoitettiin asukkaiden ilmastotekoja ja mielipiteit\u00e4 kunnan ilmastoty\u00f6st\u00e4 sek\u00e4 siit\u00e4, miten kunta voisi innostaa ja kannustaa kuntalaisia ilmastotekoihin.<\/p>\n<p>Kyselyyn saatiin 117 vastausta, mik\u00e4 on huomattavasti enemm\u00e4n kuin viime vuonna. Nuorille erikseen r\u00e4\u00e4t\u00e4l\u00f6ityyn ja l\u00e4hetettyyn kyselyyn vastasi 176 oppilasta. Yhteens\u00e4 ilmastoty\u00f6kyselyyn saatiin siis 293 vastausta. Vapaamuotoisten kommenttien ja ideoiden m\u00e4\u00e4r\u00e4 oli my\u00f6s runsas.<\/p>\n<p>\t\t<a class=\"diks-gallery__link\" href=\"https:\/\/i.media.fi\/incoming\/uej5h9\/8235823.jpg\/alternates\/FREE_1440\/8235823.jpg\" data-thumbnail=\"\" data-sub-html=\"Lamput vaihdetaan usein ledeihin ja valot sammutetaan, kun mahdollista. Outi Paappanen\" aria-label=\"Katso isompi kuva\" rel=\"nofollow noopener\" target=\"_blank\"><br \/>\n\t\t\t\t<img class=\"diks-figure__image\" src=\"https:\/\/www.europesays.com\/fi\/wp-content\/uploads\/2025\/12\/8235823.jpg\" loading=\"lazy\" decoding=\"sync\" alt=\"\"\/><\/p>\n<p>\t\t\t<\/a><br \/>\n\t\t\t\t\tLamput vaihdetaan usein ledeihin ja valot sammutetaan, kun mahdollista. Outi Paappanen<\/p>\n<p><strong class=\"diks-storyline__impact\">Asukaskyselyn aktiivisimpia<\/strong> vastaajia olivat omakotiasujat ja 46\u201365-vuotiaat. Veden ja s\u00e4hk\u00f6n s\u00e4\u00e4st\u00e4minen, kierr\u00e4tys, kest\u00e4v\u00e4 kulutus ja liikuntatapojen muutokset olivat eniten toteutuneita ilmastotekoja.<\/p>\n<p>Kuten viime vuonna, niin t\u00e4n\u00e4kin vuonna noin 90 prosenttia kyselyyn vastanneista sammuttaa tarpeettomat valot ja s\u00e4hk\u00f6laitteet sek\u00e4 k\u00e4ytt\u00e4\u00e4 energiatehokkaita lamppuja. Vett\u00e4 s\u00e4\u00e4stet\u00e4\u00e4n pesem\u00e4ll\u00e4 t\u00e4ysi\u00e4 koneellisia pyykki\u00e4 ja tiski\u00e4. L\u00e4mmint\u00e4 vett\u00e4 s\u00e4\u00e4stet\u00e4\u00e4n esimerkiksi sulkemalla suihkussa hana saippuoinnin ajaksi.<\/p>\n<p>Yli 90 prosenttia vastaajista kierr\u00e4tt\u00e4\u00e4 kartongin, lasin, pienmetallit ja bioj\u00e4tteen. Muovipakkausten kierr\u00e4tysaste nousi 4 prosenttia ja 88 prosenttia vastaajista kierr\u00e4tti muovij\u00e4tteen. Bioj\u00e4tteen lajittelun osalta tapahtui suurin muutos (+13,2 prosenttia) verrattuna vuoteen 2024.<\/p>\n<blockquote class=\"voice-no-read rs_skip diks-blockquote\">\n<p class=\"diks-blockquote__text\">Nurmij\u00e4rvel\u00e4iset ovat melko tyytyv\u00e4isi\u00e4 kunnan toimiin ilmastoasioissa.<\/p>\n<\/blockquote>\n<p><strong class=\"diks-storyline__impact\">Asumiseen liittyviin<\/strong> ilmastotekoihin ei tullut suuria muutoksia viime vuoteen verrattuna. Suosituin teko oli edelleen huoneiden l\u00e4mp\u00f6tilan alentaminen, mutta my\u00f6s ilmal\u00e4mp\u00f6pumput olivat suosittuja, sill\u00e4 noin puolet vastaajista oli hankkinut kotiinsa sellaisen. Varaavalla takalla l\u00e4mmitt\u00e4misen suosio laski 9 prosenttia vuoteen 2024 verrattuna.<\/p>\n<p>Liikkumiseen liittyvist\u00e4 ilmastoteoista nousi esiin viime vuoden tapaan autoilun v\u00e4hent\u00e4minen siten, ett\u00e4 samalla matkalla hoidetaan monta asiaa. Suurimmat muutokset liikkumisen ilmastoteoissa olivat tapahtuneet v\u00e4h\u00e4p\u00e4\u00e4st\u00f6isell\u00e4 autolla liikkumisessa (+15,4 prosenttia), l\u00e4himatkailussa (+9,5 prosenttia) ja joukkoliikenteen k\u00e4yt\u00f6ss\u00e4 aina kun se on mahdollista (+7,8 prosenttia).<\/p>\n<p>Merkillepantavaa on my\u00f6s se, ett\u00e4 lentomatkailua pyrkii v\u00e4hent\u00e4m\u00e4\u00e4n 44 prosenttia vastaajista, kun viime vuonna luku oli 48 prosenttia.<\/p>\n<p>\t\t<a class=\"diks-gallery__link\" href=\"https:\/\/i.media.fi\/incoming\/4yk49u\/10951176.jpg\/alternates\/FREE_1440\/10951176.jpg\" data-thumbnail=\"\" data-sub-html=\"Joukkoliikennett\u00e4 suositaan, kun mahdollista.\" aria-label=\"Katso isompi kuva\" rel=\"nofollow noopener\" target=\"_blank\"><br \/>\n\t\t\t\t<img class=\"diks-figure__image\" src=\"https:\/\/www.europesays.com\/fi\/wp-content\/uploads\/2025\/12\/10951176.jpg\" loading=\"lazy\" decoding=\"sync\" alt=\"\"\/><\/p>\n<p>\t\t\t<\/a><br \/>\n\t\t\t\t\tJoukkoliikennett\u00e4 suositaan, kun mahdollista.<\/p>\n<p><strong class=\"diks-storyline__impact\">Kest\u00e4v\u00e4\u00e4 kulutusta<\/strong> kartoitettiin ruokavalioon ja uusien tuotteiden hankintoihin liittyvill\u00e4 kysymyksill\u00e4. T\u00e4n\u00e4 vuonna kest\u00e4v\u00e4n kulutuksen osioon lis\u00e4ttiin uusi kysymys, joka liittyi ruokaj\u00e4tteen v\u00e4ltt\u00e4miseen. T\u00e4m\u00e4 osoittautuikin suosituksi ilmastoteoksi, sill\u00e4 85 prosenttia vastaajista ilmoitti v\u00e4ltt\u00e4v\u00e4ns\u00e4 ruokaj\u00e4tteen syntymist\u00e4.<\/p>\n<p>Viime vuoteen verrattuna suosiotaan nosti eniten kasvisaterioiden lis\u00e4\u00e4minen ruokavalioon (+13,2 prosenttia) sill\u00e4 53 prosenttia vastaajista ilmoitti olevansa sekasy\u00f6j\u00e4, mutta sy\u00f6v\u00e4ns\u00e4 v\u00e4hint\u00e4\u00e4n yhden kasvisaterian viikossa. Muutoin vastauksissa ei ollut merkitt\u00e4vi\u00e4 muutoksia verrattuna vuoteen 2024, ja esimerkiksi rikkoutuneen tuotteen korjausmahdollisuuksia pyrit\u00e4\u00e4n edelleen selvitt\u00e4m\u00e4\u00e4n aktiivisesti ennen kuin harkitaan uuden ostamista.<\/p>\n<p>\t\t<a class=\"diks-gallery__link\" href=\"https:\/\/i.media.fi\/incoming\/ca2frf\/10162746.jpg\/alternates\/FREE_1440\/10162746.jpg\" data-thumbnail=\"\" data-sub-html=\"Bioj\u00e4tett\u00e4 kierr\u00e4tet\u00e4\u00e4n huomattavasti ahkerammin kuin vuosi sitten. Varpu Strengell\" aria-label=\"Katso isompi kuva\" rel=\"nofollow noopener\" target=\"_blank\"><br \/>\n\t\t\t\t<img class=\"diks-figure__image\" src=\"https:\/\/www.europesays.com\/fi\/wp-content\/uploads\/2025\/12\/10162746.jpg\" loading=\"lazy\" decoding=\"sync\" alt=\"\"\/><\/p>\n<p>\t\t\t<\/a><br \/>\n\t\t\t\t\tBioj\u00e4tett\u00e4 kierr\u00e4tet\u00e4\u00e4n huomattavasti ahkerammin kuin vuosi sitten. Varpu Strengell<\/p>\n<p><strong class=\"diks-storyline__impact\">Edellisen vuoden<\/strong> tapaan kunnalta toivottiin taloudellisia kannusteita, uusien, ymp\u00e4rist\u00f6yst\u00e4v\u00e4llisten palveluiden kehitt\u00e4mist\u00e4 ja innostavia kampanjoita ja kokeiluja. Vapaamuotoisissa kommenteissa toivottiin eniten joukkoliikenteen parantamista ja kierr\u00e4tyksen helpottamista.<\/p>\n<p>Hieman alle puolet kyselyyn vastanneista oli kiinnostunut kunnan j\u00e4rjest\u00e4mist\u00e4 ilmastoty\u00f6h\u00f6n liittyvist\u00e4 tilaisuuksista. Kiinnostavimpia aiheita tilaisuuksiin olivat kierr\u00e4tys ja lajittelu sek\u00e4 kest\u00e4v\u00e4 el\u00e4m\u00e4ntapa ja arjen ilmastoteot. My\u00f6s ilmastonmuutos ja luonnon monimuotoisuus nousivat esiin vastauksissa.<\/p>\n<p>Kyselyss\u00e4 kartoitettiin sit\u00e4kin, ett\u00e4 miten kunta ja kuntalaiset voisivat yhdess\u00e4 toteuttaa ilmastotoimia. K\u00e4yt\u00e4nn\u00f6n tapahtumat, kuten kierr\u00e4tysty\u00f6paja, vaatteiden tuunaus\/korjausty\u00f6pajat ja h\u00e4vikkiruoanlaittoon liittyv\u00e4t tilaisuudet kiinnostivat eniten, mutta my\u00f6s tietoisku tai luento her\u00e4tti kiinnostusta.<\/p>\n<p>\t\t<a class=\"diks-gallery__link\" href=\"https:\/\/i.media.fi\/incoming\/mqemi2\/2149200.jpg\/alternates\/FREE_1440\/2149200.jpg\" data-thumbnail=\"\" data-sub-html=\"Vett\u00e4 s\u00e4\u00e4stet\u00e4\u00e4n pesem\u00e4ll\u00e4 vain t\u00e4ysi\u00e4 koneellisia pyykki\u00e4. P\u00e4ivi Tuovinen\" aria-label=\"Katso isompi kuva\" rel=\"nofollow noopener\" target=\"_blank\"><br \/>\n\t\t\t\t<img class=\"diks-figure__image\" src=\"https:\/\/www.europesays.com\/fi\/wp-content\/uploads\/2025\/12\/2149200.jpg\" loading=\"lazy\" decoding=\"sync\" alt=\"\"\/><\/p>\n<p>\t\t\t<\/a><br \/>\n\t\t\t\t\tVett\u00e4 s\u00e4\u00e4stet\u00e4\u00e4n pesem\u00e4ll\u00e4 vain t\u00e4ysi\u00e4 koneellisia pyykki\u00e4. P\u00e4ivi Tuovinen<\/p>\n<p><strong class=\"diks-storyline__impact\">Kyselyn lopuksi <\/strong>oli mahdollisuus kommentoida vapaasti ilmastoty\u00f6t\u00e4 tai kyselyn aihepiirej\u00e4. Kommentteja tuli 51, ja kommenteissa tuotiin esiin konkreettisia ilmaston hyv\u00e4ksi teht\u00e4vi\u00e4 toimia. N\u00e4it\u00e4 olivat esimerkiksi rakennusten purkuj\u00e4tteiden kierr\u00e4tys, kaasutankkausaseman perustaminen ja vieraslajien torjunta kunnan kannustamana.<\/p>\n<p>Kaiken kaikkiaan kuntalaiset ovat melko tyytyv\u00e4isi\u00e4 kunnan toimiin ilmastoasioissa, ja keskiarvo oli kyselyn mukaan 3,2 asteikon ollessa 1\u20135. Ymp\u00e4rist\u00f6yst\u00e4v\u00e4llisyys koettiin t\u00e4rke\u00e4ksi kunnan imagolle, ja sen keskiarvo oli 4,3. Kyselyn tuloksia ja kuntalaisten ehdottamia ideoita pyrit\u00e4\u00e4n huomioimaan kunnan ilmastoty\u00f6ss\u00e4.<\/p>\n<p>My\u00f6s t\u00e4n\u00e4 vuonna haluttiin aktivoida nuoret pohtimaan ja kertomaan mielipiteit\u00e4 ilmastoasioista. Yl\u00e4koulujen ja toisen asteen oppilaille l\u00e4hetettiin nuorisovaltuuston kanssa r\u00e4\u00e4t\u00e4l\u00f6ity ilmastoty\u00f6kysely Wilman kautta. T\u00e4m\u00e4n kyselyn tuloksista kunta tiedottaa my\u00f6hemmin.<\/p>\n","protected":false},"excerpt":{"rendered":"Kunnan ilmastoty\u00f6ss\u00e4 asukkaiden n\u00e4kemykset ovat t\u00e4rke\u00e4ss\u00e4 roolissa, mink\u00e4 takia on toteutettu ilmastoty\u00f6kysely vuodesta 2021 l\u00e4htien. Vuoden 2025 kysely&hellip;\n","protected":false},"author":2,"featured_media":108101,"comment_status":"","ping_status":"","sticky":false,"template":"","format":"standard","meta":{"footnotes":""},"categories":[113],"tags":[446,33,31,30,1096,961,5060,401,118,32,119,447,709],"class_list":{"0":"post-108100","1":"post","2":"type-post","3":"status-publish","4":"format-standard","5":"has-post-thumbnail","7":"category-ymparisto","8":"tag-environment","9":"tag-fi","10":"tag-finland","11":"tag-finnish","12":"tag-ilmasto","13":"tag-luonnonsuojelu","14":"tag-nurmijarven-kunta","15":"tag-nurmijarvi","16":"tag-science","17":"tag-suomi","18":"tag-tiede","19":"tag-ymparisto","20":"tag-ymparistoasiat"},"share_on_mastodon":{"url":"https:\/\/pubeurope.com\/@fi\/115665009818090335","error":""},"_links":{"self":[{"href":"https:\/\/www.europesays.com\/fi\/wp-json\/wp\/v2\/posts\/108100","targetHints":{"allow":["GET"]}}],"collection":[{"href":"https:\/\/www.europesays.com\/fi\/wp-json\/wp\/v2\/posts"}],"about":[{"href":"https:\/\/www.europesays.com\/fi\/wp-json\/wp\/v2\/types\/post"}],"author":[{"embeddable":true,"href":"https:\/\/www.europesays.com\/fi\/wp-json\/wp\/v2\/users\/2"}],"replies":[{"embeddable":true,"href":"https:\/\/www.europesays.com\/fi\/wp-json\/wp\/v2\/comments?post=108100"}],"version-history":[{"count":0,"href":"https:\/\/www.europesays.com\/fi\/wp-json\/wp\/v2\/posts\/108100\/revisions"}],"wp:featuredmedia":[{"embeddable":true,"href":"https:\/\/www.europesays.com\/fi\/wp-json\/wp\/v2\/media\/108101"}],"wp:attachment":[{"href":"https:\/\/www.europesays.com\/fi\/wp-json\/wp\/v2\/media?parent=108100"}],"wp:term":[{"taxonomy":"category","embeddable":true,"href":"https:\/\/www.europesays.com\/fi\/wp-json\/wp\/v2\/categories?post=108100"},{"taxonomy":"post_tag","embeddable":true,"href":"https:\/\/www.europesays.com\/fi\/wp-json\/wp\/v2\/tags?post=108100"}],"curies":[{"name":"wp","href":"https:\/\/api.w.org\/{rel}","templated":true}]}}