{"id":108102,"date":"2025-12-05T04:18:08","date_gmt":"2025-12-05T04:18:08","guid":{"rendered":"https:\/\/www.europesays.com\/fi\/108102\/"},"modified":"2025-12-05T04:18:08","modified_gmt":"2025-12-05T04:18:08","slug":"criscilla-anderson-45-on-kuollut-kirjoitti-oman-kuolinilmoituksensa","status":"publish","type":"post","link":"https:\/\/www.europesays.com\/fi\/108102\/","title":{"rendered":"Criscilla Anderson, 45, on kuollut \u2013 Kirjoitti oman kuolinilmoituksensa"},"content":{"rendered":"<p>Realityt\u00e4hti Criscilla Anderson on kuollut.<\/p>\n<p><img decoding=\"async\" class=\"image image-show image-preview\" src=\"https:\/\/www.europesays.com\/fi\/wp-content\/uploads\/2025\/12\/9bdf70c4693a04efa445edf5cc4e04d8a29f6dd5d5702d17983f5ae833a1214a.png\" alt=\"\"\/><img decoding=\"async\" class=\"image image-show\" src=\"https:\/\/www.europesays.com\/fi\/wp-content\/uploads\/2025\/12\/1764908288_627_9bdf70c4693a04efa445edf5cc4e04d8a29f6dd5d5702d17983f5ae833a1214a.png\" alt=\"\"\/><\/p>\n<p>Criscilla Anderson kirjoitti oman kuolinilmoituksensa. AOP<\/p>\n<p class=\"paragraph\">Tosi-tv-t\u00e4hti ja entinen hip-hop-tanssija <strong>Criscilla Anderson<\/strong> on kuollut 45-vuotiaana paksusuolensy\u00f6p\u00e4\u00e4n 2. joulukuuta. Asiasta uutisoi muun muassa <a href=\"https:\/\/www.eonline.com\/news\/1425814\/criscilla-anderson-country-ever-after-star-announces-her-own-death-at-45\" target=\"_blank\" rel=\"noopener nofollow\">E! News<\/a> ja <a href=\"https:\/\/people.com\/criscilla-anderson-country-ever-after-dead-age-45-colon-cancer-11861104\" target=\"_blank\" rel=\"noopener nofollow\">People<\/a>.<\/p>\n<p class=\"paragraph\">Andersonin yst\u00e4v\u00e4 <strong>Lindsey Vilatoro<\/strong> on julkaissut t\u00e4hden itse kirjoittaman kuolinilmoituksen t\u00e4m\u00e4n Instagram-tilill\u00e4.<\/p>\n<p class=\"paragraph\">\u2013 Jos luet t\u00e4m\u00e4n, olen viimeinkin p\u00e4\u00e4ssyt Jeesuksen syleilyyn \u2013 rauhanomaisesti ja rakkauden ymp\u00e4r\u00f6im\u00e4n\u00e4. \u00c4lk\u00e4\u00e4 j\u00e4\u00e4k\u00f6 t\u00e4m\u00e4n hetken synkkyyteen. Taistelin kovaa ja rakastin syv\u00e4sti. En ole poissa, olen kotona, Andersonin viestiss\u00e4 lukee.<\/p>\n<p>Criscilla Anderson oli naimisissa kantriartisti Coffey Andersonin kanssa vuosina 2009\u20132022. Zuma Press<\/p>\n<p class=\"paragraph\">Anderson l\u00e4hett\u00e4\u00e4 my\u00f6s viestin lapsilleen <strong>Ethanille<\/strong>, 14, <strong>Emmarielle<\/strong>, 12, ja <strong>Everleighill\u00e4<\/strong>, 9, sek\u00e4 tyt\u00e4rpuolelleen <strong>Savannah\u2019lle<\/strong>, 17.<\/p>\n<p class=\"paragraph\">\u2013 Ethan, teit minusta \u00e4idin. Olen yh\u00e4 vierell\u00e4si kannustamassa sinua. Savannah, bonus-tytt\u00e4reni: olit lahja, jonka Jumala tiesi minun tarvitsevan. Emmarie, Jeesusta rakastava tanssijani: jatka tanssimista jokaisessa vuodenajassa. Everleigh, kirkas kipin\u00e4ni: jahtaa unelmiasi rohkeasti ja pelotta.<\/p>\n<p class=\"paragraph\">\u2013 Lapseni, tarkkailen teit\u00e4. Kun hetki tuntuu l\u00e4mpim\u00e4lt\u00e4, tutulta tai liian kauniilta ollakseen sattumaa, se olen min\u00e4. Olen edelleen \u00e4idillinen teid\u00e4n kanssanne. Olen yh\u00e4 teid\u00e4n.<\/p>\n<p class=\"paragraph\">Anderson haluaa my\u00f6s kiitt\u00e4\u00e4 muun muassa siskojaan tuesta ja siit\u00e4, ett\u00e4 he veiv\u00e4t h\u00e4nt\u00e4 l\u00e4\u00e4k\u00e4rin vastaanotoille. Lopuksi Anderson pyyt\u00e4\u00e4 ihmisi\u00e4 olemaan kilttej\u00e4 toisilleen.<\/p>\n<p class=\"paragraph\">\u2013 Rakastan teit\u00e4 kaikkia. Aina, kirjoitus p\u00e4\u00e4ttyy.<\/p>\n<p class=\"paragraph\">Mik\u00e4li linkki ei n\u00e4y, voit katsoa julkaisun <a href=\"https:\/\/www.instagram.com\/p\/DRyFg2SEVEW\/?img_index=14\" target=\"_blank\" rel=\"noopener nofollow\">t\u00e4\u00e4lt\u00e4<\/a>.<\/p>\n<p class=\"paragraph\">Andersonilla diagnosoitiin paksusuolensy\u00f6p\u00e4 vuonna 2018, mutta hoitojen j\u00e4lkeen se julistettiin remissioon vuonna 2021. Seuraavana vuonna sy\u00f6p\u00e4 uusiutui.<\/p>\n<p class=\"paragraph\">Viime kuussa Vilatoro ilmoitti l\u00e4\u00e4k\u00e4rien havainneen Andersonin aivohalvauksen j\u00e4lkeen, ett\u00e4 Andersonin sy\u00f6p\u00e4 oli levinnyt aivoihin. Vilatoro kertoi Andersonin suunnitelleen s\u00e4dehoitojen ja mahdollisesti kemoterapian jatkamista.<\/p>\n<p class=\"paragraph\">Anderson t\u00e4hditti Netflixin Country Ever After -tosi-tv-sarjaa vuonna 2020 yhdess\u00e4 entisen kumppaninsa, kantriartisti <strong>Coffey Andersonin<\/strong>, kanssa. Pari oli naimisissa vuosina 2009\u20132022.<\/p>\n<p class=\"paragraph\">Anderson esiintyi aikoinaan hip-hop-tanssijana esimerkiksi Britney Spearsin, Rihannan ja Snoop Doggin kanssa. Lis\u00e4ksi Anderson toimi koreografina Dallas Cowboy Cheerleadersille ja esiintyi joukkueesta kertovassa Netflix-dokumenttisarjassa.<\/p>\n<p>Criscilla Anderson sairasti paksusuolensy\u00f6p\u00e4\u00e4. AOP<\/p>\n<p><script async src=\"\/\/www.instagram.com\/embed.js\"><\/script><\/p>\n","protected":false},"excerpt":{"rendered":"Realityt\u00e4hti Criscilla Anderson on kuollut. Criscilla Anderson kirjoitti oman kuolinilmoituksensa. AOP Tosi-tv-t\u00e4hti ja entinen hip-hop-tanssija Criscilla Anderson on&hellip;\n","protected":false},"author":2,"featured_media":108103,"comment_status":"","ping_status":"","sticky":false,"template":"","format":"standard","meta":{"footnotes":""},"categories":[136],"tags":[35,138,407,137,33,31,30,408,47,32,140,139,109],"class_list":{"0":"post-108102","1":"post","2":"type-post","3":"status-publish","4":"format-standard","5":"has-post-thumbnail","7":"category-julkkikset","8":"tag-24h","9":"tag-audio","10":"tag-celebrities","11":"tag-entertainment","12":"tag-fi","13":"tag-finland","14":"tag-finnish","15":"tag-julkkikset","16":"tag-musiikki","17":"tag-suomi","18":"tag-tv-ja-elokuvat","19":"tag-tv-ohjelmat","20":"tag-viihde"},"share_on_mastodon":{"url":"https:\/\/pubeurope.com\/@fi\/115665037262519560","error":""},"_links":{"self":[{"href":"https:\/\/www.europesays.com\/fi\/wp-json\/wp\/v2\/posts\/108102","targetHints":{"allow":["GET"]}}],"collection":[{"href":"https:\/\/www.europesays.com\/fi\/wp-json\/wp\/v2\/posts"}],"about":[{"href":"https:\/\/www.europesays.com\/fi\/wp-json\/wp\/v2\/types\/post"}],"author":[{"embeddable":true,"href":"https:\/\/www.europesays.com\/fi\/wp-json\/wp\/v2\/users\/2"}],"replies":[{"embeddable":true,"href":"https:\/\/www.europesays.com\/fi\/wp-json\/wp\/v2\/comments?post=108102"}],"version-history":[{"count":0,"href":"https:\/\/www.europesays.com\/fi\/wp-json\/wp\/v2\/posts\/108102\/revisions"}],"wp:featuredmedia":[{"embeddable":true,"href":"https:\/\/www.europesays.com\/fi\/wp-json\/wp\/v2\/media\/108103"}],"wp:attachment":[{"href":"https:\/\/www.europesays.com\/fi\/wp-json\/wp\/v2\/media?parent=108102"}],"wp:term":[{"taxonomy":"category","embeddable":true,"href":"https:\/\/www.europesays.com\/fi\/wp-json\/wp\/v2\/categories?post=108102"},{"taxonomy":"post_tag","embeddable":true,"href":"https:\/\/www.europesays.com\/fi\/wp-json\/wp\/v2\/tags?post=108102"}],"curies":[{"name":"wp","href":"https:\/\/api.w.org\/{rel}","templated":true}]}}