{"id":108110,"date":"2025-12-05T04:29:07","date_gmt":"2025-12-05T04:29:07","guid":{"rendered":"https:\/\/www.europesays.com\/fi\/108110\/"},"modified":"2025-12-05T04:29:07","modified_gmt":"2025-12-05T04:29:07","slug":"ifin-tilastot-viime-joulukuussa-ennatysmaara-kynttilapaloja","status":"publish","type":"post","link":"https:\/\/www.europesays.com\/fi\/108110\/","title":{"rendered":"Ifin tilastot: Viime joulukuussa enn\u00e4tysm\u00e4\u00e4r\u00e4 kynttil\u00e4paloja"},"content":{"rendered":"<p>Kynttil\u00e4t aiheuttivat enn\u00e4tyksellisen m\u00e4\u00e4r\u00e4n paloja vuoden 2024 joulukuussa aiempiin vuosiin verrattuna, selvi\u00e4\u00e4 Ifin vahinkotilastoista yli kymmenen vuoden ajalta.<\/p>\n<p>Vuoden pimeimp\u00e4n\u00e4 aikana kynttil\u00f6iden el\u00e4v\u00e4 tuli tuo tunnelmaa koteihin ja lis\u00e4ksi niiden polttaminen kuuluu perinteisiin adventtina, itsen\u00e4isyysp\u00e4iv\u00e4n\u00e4 ja tietysti jouluna. Ifin tilastojen mukaan joulukuussa sattuu joka vuosi eniten kynttil\u00e4paloja verrattuna muihin kuukausiin.<\/p>\n<p>&#8211; Vaikka led-kynttil\u00f6iden k\u00e4ytt\u00f6 on yleistynyt viime vuosina, emme valitettavasti viel\u00e4 n\u00e4e trendi\u00e4, ett\u00e4 kynttil\u00e4palot olisivat t\u00e4m\u00e4n seurauksena l\u00e4hteneet laskuun. Ik\u00e4v\u00e4 kyll\u00e4 viime joulukuu todistaa p\u00e4invastaista, Ifin omaisuusvakuutusten vakuutusp\u00e4\u00e4llikk\u00f6 <strong>Ismo Ruokoselk\u00e4<\/strong> kommentoi.<\/p>\n<p>Kolme vaarallisinta p\u00e4iv\u00e4\u00e4 paloturvallisuuden kannalta<\/p>\n<p>Ifin laajemmista palovahinkotilastoista nousee selv\u00e4sti kolme p\u00e4iv\u00e4\u00e4, jolloin tapahtuu eniten palovahinkoja. Paloja syttyy kaikista vuodenp\u00e4ivist\u00e4 eniten jouluaattona, uudenvuodenaattona ja uudenvuodenp\u00e4iv\u00e4n\u00e4.<\/p>\n<p>&#8211; Kynttil\u00e4- ja saunapaloissa n\u00e4hd\u00e4\u00e4n piikki erityisesti jouluaattona. Aatonaattona on piikki puolestaan uunipaloissa, Ruokoselk\u00e4 selvent\u00e4\u00e4.<\/p>\n<p>Valvottuna kynttil\u00e4vahingoilta yleens\u00e4 v\u00e4ltyt\u00e4\u00e4n<\/p>\n<p>Kynttil\u00f6iden aiheuttamat palot johtuvat usein valvonnan puutteesta. Sis\u00e4tiloissa lasten tai el\u00e4inten toiminta voi kaataa kynttil\u00e4n tai jotain syttyv\u00e4\u00e4 p\u00e4\u00e4tyy tulen p\u00e4\u00e4lle. Ulkona puolestaan tuuli voi kaataa ulkok\u00e4ytt\u00f6\u00f6n suunnitellun lyhdyn tai ulkotulen.<\/p>\n<p>&#8211; Valvottuna vahingoilta yleens\u00e4 v\u00e4ltyt\u00e4\u00e4n, sill\u00e4 tilanteeseen ehtii reagoimaan nopeasti. L\u00e4helt\u00e4 piti -tilanteet eiv\u00e4t p\u00e4\u00e4dy tilastoihin. Kotivakuutus tuo turvaa omaisuusvahinkojen osalta, mutta pahimmissa tapauksissa paloissa syntyy my\u00f6s henkil\u00f6vahinkoja, kertoo Ruokoselk\u00e4.<\/p>\n<p>Jos valvomaton kynttil\u00e4 sytytt\u00e4\u00e4 tulipalon ulkona, reagoi sis\u00e4ll\u00e4 oleva palovaroitin siihen vaarallisella viiveell\u00e4.<\/p>\n<p>&#8211; P\u00e4\u00e4s\u00e4\u00e4nt\u00f6n\u00e4 on, ettei kynttil\u00f6it\u00e4 j\u00e4tet\u00e4 valvomatta palamaan, ei sis\u00e4lle eik\u00e4 ulos, Ruokoselk\u00e4 muistuttaa.<\/p>\n<p><strong>Viisi vinkki\u00e4 turvalliseen tunnelmointiin:<\/strong><\/p>\n<ul>\n<li>\u00c4l\u00e4 j\u00e4t\u00e4 lapsia tai lemmikkej\u00e4 avotulen kanssa yksin.<\/li>\n<li>Sammuta kaikki tulet sis\u00e4lt\u00e4 ja ulkoa, kun poistut paikalta tai menet nukkumaan.<\/li>\n<li>Pid\u00e4 palava materiaali, kuten\u202fkoristeet\u202fja tekstiilit,\u202fkaukana tulesta.<\/li>\n<li>J\u00e4t\u00e4 kynttil\u00e4st\u00e4 noin kaksi senttimetri\u00e4 polttamatta. Loppuun palanut\u202fkynttil\u00e4 saattaa aiheuttaa tulipaloriskin, jos kynttil\u00e4 ei sammu itsest\u00e4\u00e4n.\u202f<\/li>\n<li>Varmista, ett\u00e4 l\u00e4helt\u00e4 l\u00f6ytyy sammutuspeite tai k\u00e4sisammutin\u202ftulipalon varalta.<\/li>\n<\/ul>\n<p>Lue lis\u00e4\u00e4 <a href=\"https:\/\/www.if.fi\/henkiloasiakkaat\/vakuutukset\/kotivakuutus\/kodin-turvallisuus\/turvallinen-tuli\" target=\"_blank\" rel=\"nofollow noopener\">turvallisesta toimimisesta tulen kanssa<\/a>.<\/p>\n","protected":false},"excerpt":{"rendered":"Kynttil\u00e4t aiheuttivat enn\u00e4tyksellisen m\u00e4\u00e4r\u00e4n paloja vuoden 2024 joulukuussa aiempiin vuosiin verrattuna, selvi\u00e4\u00e4 Ifin vahinkotilastoista yli kymmenen vuoden ajalta.&hellip;\n","protected":false},"author":2,"featured_media":108111,"comment_status":"","ping_status":"","sticky":false,"template":"","format":"standard","meta":{"footnotes":""},"categories":[76],"tags":[79,77,33,31,30,32,78],"class_list":{"0":"post-108110","1":"post","2":"type-post","3":"status-publish","4":"format-standard","5":"has-post-thumbnail","7":"category-talous","8":"tag-business","9":"tag-economy","10":"tag-fi","11":"tag-finland","12":"tag-finnish","13":"tag-suomi","14":"tag-talous"},"share_on_mastodon":{"url":"https:\/\/pubeurope.com\/@fi\/115665080501173934","error":""},"_links":{"self":[{"href":"https:\/\/www.europesays.com\/fi\/wp-json\/wp\/v2\/posts\/108110","targetHints":{"allow":["GET"]}}],"collection":[{"href":"https:\/\/www.europesays.com\/fi\/wp-json\/wp\/v2\/posts"}],"about":[{"href":"https:\/\/www.europesays.com\/fi\/wp-json\/wp\/v2\/types\/post"}],"author":[{"embeddable":true,"href":"https:\/\/www.europesays.com\/fi\/wp-json\/wp\/v2\/users\/2"}],"replies":[{"embeddable":true,"href":"https:\/\/www.europesays.com\/fi\/wp-json\/wp\/v2\/comments?post=108110"}],"version-history":[{"count":0,"href":"https:\/\/www.europesays.com\/fi\/wp-json\/wp\/v2\/posts\/108110\/revisions"}],"wp:featuredmedia":[{"embeddable":true,"href":"https:\/\/www.europesays.com\/fi\/wp-json\/wp\/v2\/media\/108111"}],"wp:attachment":[{"href":"https:\/\/www.europesays.com\/fi\/wp-json\/wp\/v2\/media?parent=108110"}],"wp:term":[{"taxonomy":"category","embeddable":true,"href":"https:\/\/www.europesays.com\/fi\/wp-json\/wp\/v2\/categories?post=108110"},{"taxonomy":"post_tag","embeddable":true,"href":"https:\/\/www.europesays.com\/fi\/wp-json\/wp\/v2\/tags?post=108110"}],"curies":[{"name":"wp","href":"https:\/\/api.w.org\/{rel}","templated":true}]}}