{"id":108112,"date":"2025-12-05T04:30:14","date_gmt":"2025-12-05T04:30:14","guid":{"rendered":"https:\/\/www.europesays.com\/fi\/108112\/"},"modified":"2025-12-05T04:30:14","modified_gmt":"2025-12-05T04:30:14","slug":"euroopan-karsittujen-armeijoiden-kasvattaminen-vie-vuosia-voimme-taistella-tana-iltana-jos-tarvitsee-mikkelin-naton-ykkosmies-sanoo-uutiset-kotimaasta-ja-maailmalta","status":"publish","type":"post","link":"https:\/\/www.europesays.com\/fi\/108112\/","title":{"rendered":"Euroopan karsittujen armeijoiden kasvattaminen vie vuosia \u2013 \u201dVoimme taistella t\u00e4n\u00e4 iltana, jos tarvitsee\u201d, Mikkelin Naton ykk\u00f6smies sanoo &#8211; Uutiset kotimaasta ja maailmalta"},"content":{"rendered":"<p>Ven\u00e4j\u00e4n raja tyhjenee asukkaista niin Suomessa kuin Norjassakin. \u201dTarvitsemme eri maiden paikallistuntemusta\u201d, kertoo eversti Ove Staurset.<\/p>\n<p><a class=\"ArticleImage_imageContainer__e0EST\" href=\"https:\/\/www.europesays.com\/fi\/wp-content\/uploads\/2025\/12\/vQk_rmVR-jbF6nPtaYlvbD_lK-s.jpg\"><img decoding=\"async\" src=\"https:\/\/www.europesays.com\/fi\/wp-content\/uploads\/2025\/12\/vQk_rmVR-jbF6nPtaYlvbD_lK-s.jpg\" alt=\"Ven\u00e4j\u00e4n hy\u00f6kk\u00e4ys Ukrainaan on Ove Staursetin mukaan todella muuttanut Natoa: 9\/11-iskujen my\u00f6t\u00e4 maailmalle rauhanturvateht\u00e4viin l\u00e4htenyt Nato on nyt palannut juurilleen puolustamaan Eurooppaa.\" loading=\"lazy\"\/><\/a><\/p>\n<p>Ven\u00e4j\u00e4n hy\u00f6kk\u00e4ys Ukrainaan on Ove Staursetin mukaan todella muuttanut Natoa: 9\/11-iskujen my\u00f6t\u00e4 maailmalle rauhanturvateht\u00e4viin l\u00e4htenyt Nato on nyt palannut juurilleen puolustamaan Eurooppaa.\u00a0Kuva: Anna-Katri H\u00e4nninen<\/p>\n<p><a class=\"Article_location__nxqZ7\" aria-current=\"false\" href=\"https:\/\/www.maaseuduntulevaisuus.fi\/aihe\/mikkeli\" rel=\"nofollow noopener\" target=\"_blank\"> Mikkeli <\/a><\/p>\n<p class=\"RichTextParagraph_richTextParagraph__Wxs3t undefined\">It\u00e4rajan autioituminen her\u00e4tt\u00e4\u00e4 Suomessa huolta. My\u00f6s Norjassa Ven\u00e4j\u00e4n raja tyhjenee asukkaista.<\/p>\n<p class=\"RichTextParagraph_richTextParagraph__Wxs3t undefined\">\u201dNorjassa n\u00e4kyy sama trendi, pohjoisessa Finnmarkissa\u201d, kertoo norjalainen eversti <strong id=\"strong-e86baf9f9c183e5af9626797966791d6\">Ove Staurset<\/strong>.<\/p>\n<p class=\"RichTextParagraph_richTextParagraph__Wxs3t undefined\">\u201dOlemme taas rautaesiripun takana.\u201d<\/p>\n<p class=\"RichTextParagraph_richTextParagraph__Wxs3t undefined\">Staurset on Mikkelin Naton ykk\u00f6smies, tarkemmin ottaen Mikkeliss\u00e4 sijaitsevan Naton pohjoisen alueen maavoimajohtoportaan osastop\u00e4\u00e4llikk\u00f6.<\/p>\n<p><a class=\"ArticleImage_imageContainer__e0EST\" href=\"https:\/\/www.europesays.com\/fi\/wp-content\/uploads\/2025\/12\/qME9m_Qo1dyXpU6UtjUp4cJ9f6U.jpg\"><img decoding=\"async\" src=\"https:\/\/www.europesays.com\/fi\/wp-content\/uploads\/2025\/12\/qME9m_Qo1dyXpU6UtjUp4cJ9f6U.jpg\" alt=\"Natolle suunnitellaan Mikkelin Karkialammen alueelle omaa toimistorakennusta. Sen rakentaminen alkaa parin vuoden p\u00e4\u00e4st\u00e4.\" loading=\"lazy\"\/><\/a><\/p>\n<p>Natolle suunnitellaan Mikkelin Karkialammen alueelle omaa toimistorakennusta. Sen rakentaminen alkaa parin vuoden p\u00e4\u00e4st\u00e4.\u00a0Kuva: Anna-Katri H\u00e4nninen<\/p>\n<p class=\"RichTextParagraph_richTextParagraph__Wxs3t undefined\">Mikkelin Karkialammella Suomen Maavoimien esikunnan sek\u00e4 Naton maavoimajohtoportaan pihassa liehuu Naton lippu.<\/p>\n<p class=\"RichTextParagraph_richTextParagraph__Wxs3t undefined\">Miten Nato n\u00e4kyy nyt meill\u00e4 2,5 vuotta sen j\u00e4lkeen, kun Suomi liittyi puolustusliiton j\u00e4seneksi?<\/p>\n<p class=\"RichTextParagraph_richTextParagraph__Wxs3t undefined\">Suomalaisille Nato n\u00e4kyy Staursetin mukaan ulkomaisina joukkoina, esimerkiksi Mikkeliss\u00e4, Rovaniemell\u00e4 ja harjoituksissa. \u201dJoukkojen vahvuus vaihtelee.\u201d<\/p>\n<p class=\"RichTextParagraph_richTextParagraph__Wxs3t undefined\">Norja oli yksi Naton perustajavaltioista vuonna 1949. Pohjois-Norjassa on totuttu ulkomaisiin joukkoihin.<\/p>\n<p class=\"RichTextParagraph_richTextParagraph__Wxs3t undefined\">\u201dKotikyl\u00e4ss\u00e4ni Norjan luoteisrannikolla on 2000 asukasta. Joka talvi noin 1500\u20132000 sotilasta tuli sinne harjoittelemaan. Uskon, ett\u00e4 Suomessa n\u00e4hd\u00e4\u00e4n lis\u00e4\u00e4 ulkomaisia joukkoja. Ovatko ne Nato-lipun alla vai eiv\u00e4t, riippuu siit\u00e4, mit\u00e4 min\u00e4 teen t\u00e4\u00e4ll\u00e4.\u201d<\/p>\n<p class=\"Blockquote_text___ueE4\">\u201dArktisessa ilmastossa toimiminen on aika vaikeaa.\u201d<\/p>\n<p>Ove Staurset<\/p>\n<p class=\"RichTextParagraph_richTextParagraph__Wxs3t undefined\">Mikkelin maavoimajohtoporras suunnittelee ja koordinoi rauhan aikana Naton j\u00e4senmaiden toimintaa Pohjois-Euroopassa, esimerkiksi harjoituksia. Sodan aikana esikunta komentaisi Naton joukkoja.<\/p>\n<p class=\"RichTextParagraph_richTextParagraph__Wxs3t undefined\">Suomessa, Ruotsissa tai Norjassa harjoittelu on Staursetin mukaan tarpeen muiden Nato-maiden joukoille.<\/p>\n<p class=\"RichTextParagraph_richTextParagraph__Wxs3t undefined\">Staursetin mukaan muiden maiden valmius toimia pohjoisen oloissa vaihtelee. \u201dOlen n\u00e4hnyt, ett\u00e4 ulkomaiset joukot Norjassa ovat sopeutumiskykyisi\u00e4. On ollut my\u00f6s melko avuttomia armeijan yksik\u00f6it\u00e4.\u201d<\/p>\n<p class=\"RichTextParagraph_richTextParagraph__Wxs3t undefined\">\u201dArktisessa ilmastossa toimiminen on aika vaikeaa. On t\u00e4rke\u00e4\u00e4, ett\u00e4 voimme tuoda paikan p\u00e4\u00e4lle ulkomaisia joukkoja, jotka todella pystyv\u00e4t toimimaan t\u00e4\u00e4ll\u00e4.\u201d<\/p>\n<p class=\"RichTextParagraph_richTextParagraph__Wxs3t undefined\">\u201dTodenn\u00e4k\u00f6isesti vaarallisin asia, mit\u00e4 he tekev\u00e4t, on teill\u00e4mme kulkeminen. Toivon, ett\u00e4 liikenteess\u00e4 ei tule onnettomuuksia. Ulkomaiset joukot eiv\u00e4t ole tottuneet teiden liukkauteen.\u201d<\/p>\n<p><a class=\"ArticleImage_imageContainer__e0EST\" href=\"https:\/\/www.europesays.com\/fi\/wp-content\/uploads\/2025\/12\/zqw_jk5TOBkQKl0DOI08PCy7x1U.jpg\"><img decoding=\"async\" src=\"https:\/\/www.europesays.com\/fi\/wp-content\/uploads\/2025\/12\/zqw_jk5TOBkQKl0DOI08PCy7x1U.jpg\" alt=\"Puolustusministeri Antti H\u00e4kk\u00e4nen esitt\u00e4\u00e4 Natolle johtamisj\u00e4rjestelm\u00e4yksik\u00f6n sijoittamista Suomeen. \u201dSiit\u00e4 olisi apua. Se antaisi meille enemm\u00e4n toimivuutta yhteydenpitoon\u201d, kertoo Ove Staurset.\" loading=\"lazy\"\/><\/a><\/p>\n<p>Puolustusministeri Antti H\u00e4kk\u00e4nen esitt\u00e4\u00e4 Natolle johtamisj\u00e4rjestelm\u00e4yksik\u00f6n sijoittamista Suomeen. \u201dSiit\u00e4 olisi apua. Se antaisi meille enemm\u00e4n toimivuutta yhteydenpitoon\u201d, kertoo Ove Staurset.\u00a0Kuva: Anna-Katri H\u00e4nninen<\/p>\n<p class=\"RichTextParagraph_richTextParagraph__Wxs3t undefined\">Suomen ja Ruotsin liitytty\u00e4 Natoon Pohjoismaat saavat Staursetin mukaan nyt todella yhten\u00e4isen puolustuksen, ensimm\u00e4ist\u00e4 kertaa historiassa.<\/p>\n<p class=\"RichTextParagraph_richTextParagraph__Wxs3t undefined\">\u201dSe ei ole historiallista vain Suomelle, vaan kaikille Pohjoismaille.\u201d<\/p>\n<p class=\"RichTextParagraph_richTextParagraph__Wxs3t undefined\">Natoa rakentavat nyt niin Suomi, Ruotsi kuin Norjakin. Mikkelin maavoimajohtoporras koordinoi puolustusta. Ruotsi rakentaa logistiikkaesikuntaa, Norja sai ilmavoimien johdon.<\/p>\n<p class=\"RichTextParagraph_richTextParagraph__Wxs3t undefined\">Naton maa-alue Pohjoismaissa on kolminkertaistunut entisest\u00e4 Suomen ja Ruotsin j\u00e4senyyden my\u00f6t\u00e4.<\/p>\n<p class=\"Blockquote_text___ueE4\">\u201dPuolustuksen rakentaminen ja upseerien kouluttaminen vie vuosia.\u201d<\/p>\n<p>Ove Staurset<\/p>\n<p class=\"RichTextParagraph_richTextParagraph__Wxs3t undefined\">Pieneksi supistetut Euroopan maiden armeijat tuottavat haasteita my\u00f6s Naton Mikkelin maavoimajohtoportaan toiminnalle, kertoo Staurset.<\/p>\n<p class=\"RichTextParagraph_richTextParagraph__Wxs3t undefined\">Useimpien Euroopan maiden asevoimia on supistettu merkitt\u00e4v\u00e4sti kylm\u00e4n sodan p\u00e4\u00e4ttymisen j\u00e4lkeen.<\/p>\n<p class=\"RichTextParagraph_richTextParagraph__Wxs3t undefined\">\u201dPuolustuksen rakentaminen ja upseerien kouluttaminen vie vuosia.\u201d<\/p>\n<p class=\"RichTextParagraph_richTextParagraph__Wxs3t undefined\">Kauanko kest\u00e4\u00e4 rakentaa Pohjoismaiden armeijat vastaamaan Ven\u00e4j\u00e4n uhkaan?<\/p>\n<p class=\"RichTextParagraph_richTextParagraph__Wxs3t undefined\">\u201dVoimme taistella t\u00e4n\u00e4 iltana, jos tarvitsee. Mutta jos kysyt minulta, emme ikin\u00e4 ole sataprosenttisen valmiit.\u201d<\/p>\n<p>Ove Staurset<\/p>\n<p class=\"FactBox_text__oXQkV undefined\">Norjalainen eversti<\/p>\n<p class=\"FactBox_text__oXQkV undefined\">Palvellut Naton erilaisissa teht\u00e4viss\u00e4 10 vuotta ja komentorakenteessa 9 vuotta.<\/p>\n<p class=\"FactBox_text__oXQkV undefined\">Ollut Naton rauhanturvateht\u00e4viss\u00e4 Kosovossa ja Afganistanissa. Libanonissa palveli YK:n teht\u00e4viss\u00e4. Palvellut my\u00f6s operaatiop\u00e4\u00e4llikk\u00f6n\u00e4 Egyptin Siinailla osana monikansallista tarkkailijajoukkoa. <\/p>\n<p class=\"FactBox_text__oXQkV undefined\">Suomeen Staurset tuli Saksasta Naton esikunnasta.<\/p>\n<p class=\"FactBox_text__oXQkV undefined\">Ty\u00f6skennellyt Suomen Puolustusvoimien kanssa esimerkiksi Libanonissa, Kosovossa ja Afganistanissa.<\/p>\n<p class=\"FactBox_text__oXQkV undefined\">Harrastaa alppihiihtoa, toiminut hiihtovalmentajana. Staursetin kolme poikaa on ollut FIS-kilpailijoita alppihiihdossa. Yksi on hiiht\u00e4nyt Yhdysvalloissa nelj\u00e4 vuotta North American Cupissa ja College Leaguessa.<\/p>\n<p class=\"RichTextParagraph_richTextParagraph__Wxs3t undefined\">Mikkelin maavoimajohtoportaan toiminta on vasta alussa. Nato-upseereja on kaupungissa nyt 11. M\u00e4\u00e4r\u00e4 kasvaa noin 50 henkeen.<\/p>\n<p class=\"RichTextParagraph_richTextParagraph__Wxs3t undefined\">Upseereja on Ruotsista, Norjasta, Tanskasta ja Yhdysvalloista. Lis\u00e4ksi hollantilainen ja brittil\u00e4isi\u00e4 upseereja on tulossa ensimm\u00e4isess\u00e4 aallossa.<\/p>\n<p class=\"RichTextParagraph_richTextParagraph__Wxs3t undefined\">Esikuntien eri kansallisuudet vahvistavat Staursetin mukaan koordinaatiota ja yhteenkuuluvuuden tunnetta. Mikkeliss\u00e4 suurin osa upseereista tulee olemaan Pohjoismaista.<\/p>\n<p class=\"RichTextParagraph_richTextParagraph__Wxs3t undefined\">\u201dAlueemme ulottuu pohjoisessa Norjan Kirkkoniemest\u00e4 etel\u00e4ss\u00e4 Tanskaan asti, joten tarvitsemme eri maiden paikallistuntemusta. My\u00f6s Islanti kuuluu alueeseemme.\u201d<\/p>\n<p class=\"Blockquote_text___ueE4\">Johtoportaan upseereja on joulukuun alussa niin Rovaniemell\u00e4 kuin Izmiriss\u00e4kin.<\/p>\n<p class=\"RichTextParagraph_richTextParagraph__Wxs3t undefined\">Alku on ollut Mikkeliss\u00e4 Staursetin mukaan kiireinen. Johtoportaan upseereja on joulukuun alussa niin Rovaniemell\u00e4 kuin Izmiriss\u00e4kin.<\/p>\n<p class=\"RichTextParagraph_richTextParagraph__Wxs3t undefined\">Rovaniemelle ja Sodankyl\u00e4\u00e4n on tulossa Suomen toinen Naton esikunta. Ulkomaiset FLF-joukot k\u00e4yv\u00e4t Suomessa harjoittelemassa Puolustusvoimien kanssa esimerkiksi Rovaj\u00e4rven harjoitusalueella.<\/p>\n<p class=\"RichTextParagraph_richTextParagraph__Wxs3t undefined\">Esikunnan henkil\u00f6kunnan m\u00e4\u00e4r\u00e4st\u00e4 ei ole kerrottu tarkkoja lukuja, sill\u00e4 suunnittelu on viel\u00e4 kesken. FLF-joukkojen toimintaa Suomessa koordinoi kehysvaltiona Ruotsi.<\/p>\n<p class=\"RichTextParagraph_richTextParagraph__Wxs3t undefined\">Turkin Izmiriss\u00e4 puolestaan on Naton Maavoimien esikunta Landcom, johon Mikkelin maavoimajohtoporras kuuluu.<\/p>\n<p><a class=\"ArticleImage_imageContainer__e0EST\" href=\"https:\/\/www.europesays.com\/fi\/wp-content\/uploads\/2025\/12\/H21orFMHHzAsHeyEAw_92xsadx4.jpg\"><img decoding=\"async\" src=\"https:\/\/www.europesays.com\/fi\/wp-content\/uploads\/2025\/12\/H21orFMHHzAsHeyEAw_92xsadx4.jpg\" alt=\"Mikkelin maavoimajohtoporras kuuluu Naton Maavoimien esikuntaan Landcomiin, jonka p\u00e4\u00e4maja on Turkin Izmiriss\u00e4.\" loading=\"lazy\"\/><\/a><\/p>\n<p>Mikkelin maavoimajohtoporras kuuluu Naton Maavoimien esikuntaan Landcomiin, jonka p\u00e4\u00e4maja on Turkin Izmiriss\u00e4.\u00a0Kuva: Anna-Katri H\u00e4nninen<\/p>\n<p class=\"RichTextParagraph_richTextParagraph__Wxs3t undefined\">Staursetin mukaan ensivaikutelma Suomesta on todella hyv\u00e4.<\/p>\n<p class=\"RichTextParagraph_richTextParagraph__Wxs3t undefined\">Suomi on yksi harvoista maista, joka ei l\u00e4htenyt pienent\u00e4m\u00e4\u00e4n armeijaansa merkitt\u00e4v\u00e4sti kylm\u00e4n sodan p\u00e4\u00e4tytty\u00e4.<\/p>\n<p class=\"RichTextParagraph_richTextParagraph__Wxs3t undefined\">Nyt Euroopan kutistettuja armeijoita taas kasvatetaan. \u201dToivottavasti se riitt\u00e4\u00e4 est\u00e4m\u00e4\u00e4n Ven\u00e4j\u00e4n aggression\u201d, sanoo Staurset.<\/p>\n<p class=\"RichTextParagraph_richTextParagraph__Wxs3t undefined\">H\u00e4nen mukaansa Pohjoismaat tarvitsevat asevelvollisuusarmeijat, sill\u00e4 meill\u00e4 on valtavat maa-alueet eiv\u00e4tk\u00e4 v\u00e4est\u00f6t ole kovin isoja.<\/p>\n<p class=\"Blockquote_text___ueE4\">Naissotilaat ovat Staursetin mukaan nyky\u00e4\u00e4n normaali asia, jota ei Norjassa kyseenalaisteta.<\/p>\n<p class=\"RichTextParagraph_richTextParagraph__Wxs3t undefined\">Ruotsi laittoi asevelvollisuutensa tauolle vuosina 2010\u20132017. Norjassa keskusteltiin palkka-armeijaan siirtymisest\u00e4 mutta asevelvollisuus on s\u00e4ilynyt ja muuttunut vuonna 2016 valikoivaksi ja sukupuolineutraaliksi.<\/p>\n<p class=\"RichTextParagraph_richTextParagraph__Wxs3t undefined\">\u201dOn todella hyv\u00e4, ett\u00e4 naiset ja miehet ovat yhdess\u00e4 armeijassa. Se tekee hyv\u00e4\u00e4 yksik\u00f6iden ilmapiirille.\u201d<\/p>\n<p class=\"RichTextParagraph_richTextParagraph__Wxs3t undefined\">Naissotilaat ovat Staursetin mukaan nyky\u00e4\u00e4n normaali asia, jota ei Norjassa kyseenalaisteta.<\/p>\n<p class=\"RichTextParagraph_richTextParagraph__Wxs3t undefined\">Staursetista on hyv\u00e4 ottaa palvelukseen nuoria eri taustoista, ei vain \u201dparhaita\u201d. He saattavat liueta nopeasti opintojen pariin. Terveysvaatimukset rajaavat nyt monet ulkopuolelle.<\/p>\n<p class=\"RichTextParagraph_richTextParagraph__Wxs3t undefined\">\u201dLuulen, ett\u00e4 tulevaisuudessa tarvitsemme asepalvelukseen kaikki, jotka saamme.\u201d<\/p>\n<p><a class=\"ArticleImage_imageContainer__e0EST\" href=\"https:\/\/www.europesays.com\/fi\/wp-content\/uploads\/2025\/12\/dm31pFumE3L7lnwe9rKwfr3FDCA.jpg\"><img decoding=\"async\" src=\"https:\/\/www.europesays.com\/fi\/wp-content\/uploads\/2025\/12\/dm31pFumE3L7lnwe9rKwfr3FDCA.jpg\" alt=\"\u201dMikkeli on mukava kaupunki, t\u00e4\u00e4ll\u00e4 on kaikki mit\u00e4 tarvitsen\u201d, kertoo Ove Staurset. H\u00e4n muutti Mikkeliin elokuussa ja johtoporras aloitti virallisesti toimintansa syyskuussa.\" loading=\"lazy\"\/><\/a><\/p>\n<p>\u201dMikkeli on mukava kaupunki, t\u00e4\u00e4ll\u00e4 on kaikki mit\u00e4 tarvitsen\u201d, kertoo Ove Staurset. H\u00e4n muutti Mikkeliin elokuussa ja johtoporras aloitti virallisesti toimintansa syyskuussa.\u00a0Kuva: Anna-Katri H\u00e4nninen<\/p>\n<p class=\"RichTextParagraph_richTextParagraph__Wxs3t undefined\">40 vuoden armeijauran tehnyt Staurset oli aikeissa j\u00e4\u00e4d\u00e4 el\u00e4kkeelle, kun h\u00e4nt\u00e4 pyydettiin Mikkeliin.<\/p>\n<p class=\"RichTextParagraph_richTextParagraph__Wxs3t undefined\">\u201dOlen ollut urallani supistamassa armeijaa. Nyt taas rakennan sit\u00e4. Siit\u00e4 tulee motivaationi.\u201d<\/p>\n<p>V\u00e4ki v\u00e4henee id\u00e4ss\u00e4<\/p>\n<p class=\"FactBox_text__oXQkV undefined\">Vuosina 2000\u20132024 ja 2010\u20132024 v\u00e4est\u00f6 v\u00e4heni kaikissa it\u00e4rajan maakunnissa Pohjois-Pohjanmaata lukuun ottamatta.<\/p>\n<p class=\"FactBox_text__oXQkV undefined\">It\u00e4rajan kunnista v\u00e4est\u00f6n ennustetaan kasvavan vain Inarissa, muualla se laskee 2050 menness\u00e4, MDI ennusti t\u00e4m\u00e4n vuoden v\u00e4est\u00f6ennusteessaan.<\/p>\n<p class=\"FactBox_text__oXQkV undefined\">Isoimmat v\u00e4est\u00f6tappiot rajalla ovat Lieksassa, jossa v\u00e4est\u00f6n ennustetaan v\u00e4henev\u00e4n 38,6 prosenttia ja Parikkalassa, jossa v\u00e4ki v\u00e4henee 38,4 prosenttia, jos maahanmuutto jatkuu 2020-luvun alun tasolla.<\/p>\n<p class=\"FactBox_text__oXQkV undefined\">Vuosina 1980\u20132023 v\u00e4est\u00f6 hupeni Suomessa eniten Parikkalassa, Sallassa, Posiolla, Puolangalla, Hyrynsalmella, R\u00e4\u00e4kkyl\u00e4ss\u00e4 ja Rautavaarassa.<\/p>\n<p class=\"FactBox_text__oXQkV undefined\">It\u00e4rajan sulkeminen on aiheuttanut talousongelmia It\u00e4-Suomen yrityksille ja asukkaille.<\/p>\n<p class=\"FactBox_text__oXQkV undefined\">Ven\u00e4j\u00e4n k\u00e4ym\u00e4 sota ja sen harjoittama politiikka luovat tilannetta, jossa it\u00e4rajan maakunnat eiv\u00e4t n\u00e4ytt\u00e4ydy menneiden vuosikymmenten tapaan investointimahdollisuuksina vaan korkean ep\u00e4varmuuden alueina, Eriytynyt Suomi -julkaisussa arvioidaan.<\/p>\n","protected":false},"excerpt":{"rendered":"Ven\u00e4j\u00e4n raja tyhjenee asukkaista niin Suomessa kuin Norjassakin. \u201dTarvitsemme eri maiden paikallistuntemusta\u201d, kertoo eversti Ove Staurset. Ven\u00e4j\u00e4n hy\u00f6kk\u00e4ys&hellip;\n","protected":false},"author":2,"featured_media":108113,"comment_status":"","ping_status":"","sticky":false,"template":"","format":"standard","meta":{"footnotes":""},"categories":[14],"tags":[22,23,26,27,33,31,30,17,24,25,28,29,15,18,21,32,19,20,56,16,59,60,61],"class_list":{"0":"post-108112","1":"post","2":"type-post","3":"status-publish","4":"format-standard","5":"has-post-thumbnail","7":"category-ulkomaat","8":"tag-breaking-news","9":"tag-breakingnews","10":"tag-featured-news","11":"tag-featurednews","12":"tag-fi","13":"tag-finland","14":"tag-finnish","15":"tag-headlines","16":"tag-latest-news","17":"tag-latestnews","18":"tag-main-news","19":"tag-mainnews","20":"tag-news","21":"tag-otsikot","22":"tag-paauutiset","23":"tag-suomi","24":"tag-top-stories","25":"tag-topstories","26":"tag-ulkomaat","27":"tag-uutiset","28":"tag-world","29":"tag-world-news","30":"tag-worldnews"},"share_on_mastodon":{"url":"https:\/\/pubeurope.com\/@fi\/115665084697780233","error":""},"_links":{"self":[{"href":"https:\/\/www.europesays.com\/fi\/wp-json\/wp\/v2\/posts\/108112","targetHints":{"allow":["GET"]}}],"collection":[{"href":"https:\/\/www.europesays.com\/fi\/wp-json\/wp\/v2\/posts"}],"about":[{"href":"https:\/\/www.europesays.com\/fi\/wp-json\/wp\/v2\/types\/post"}],"author":[{"embeddable":true,"href":"https:\/\/www.europesays.com\/fi\/wp-json\/wp\/v2\/users\/2"}],"replies":[{"embeddable":true,"href":"https:\/\/www.europesays.com\/fi\/wp-json\/wp\/v2\/comments?post=108112"}],"version-history":[{"count":0,"href":"https:\/\/www.europesays.com\/fi\/wp-json\/wp\/v2\/posts\/108112\/revisions"}],"wp:featuredmedia":[{"embeddable":true,"href":"https:\/\/www.europesays.com\/fi\/wp-json\/wp\/v2\/media\/108113"}],"wp:attachment":[{"href":"https:\/\/www.europesays.com\/fi\/wp-json\/wp\/v2\/media?parent=108112"}],"wp:term":[{"taxonomy":"category","embeddable":true,"href":"https:\/\/www.europesays.com\/fi\/wp-json\/wp\/v2\/categories?post=108112"},{"taxonomy":"post_tag","embeddable":true,"href":"https:\/\/www.europesays.com\/fi\/wp-json\/wp\/v2\/tags?post=108112"}],"curies":[{"name":"wp","href":"https:\/\/api.w.org\/{rel}","templated":true}]}}