{"id":108114,"date":"2025-12-05T04:31:09","date_gmt":"2025-12-05T04:31:09","guid":{"rendered":"https:\/\/www.europesays.com\/fi\/108114\/"},"modified":"2025-12-05T04:31:09","modified_gmt":"2025-12-05T04:31:09","slug":"tallainen-oli-ratinan-puukottajan-katse-uhrilta-kylmaava-kuvailu","status":"publish","type":"post","link":"https:\/\/www.europesays.com\/fi\/108114\/","title":{"rendered":"T\u00e4llainen oli Ratinan puukottajan katse \u2013 uhrilta kylm\u00e4\u00e4v\u00e4 kuvailu"},"content":{"rendered":"<p>Aamupodin p\u00e4\u00e4aiheena on Ratinan joukkopuukotuksen oikeudenk\u00e4ynti. Sen j\u00e4lkeen aamuraati keskustelee Riina Tanskasen pys\u00e4ytt\u00e4v\u00e4st\u00e4 puheesta, BDSM-parisuhteesta ja Linnan juhlista.<\/p>\n<p class=\"article-body mb-nof-24 px-nof-16\">Aamulehti<\/p>\n<p class=\"article-body mb-nof-24 px-nof-16\">Aamupodin p\u00e4\u00e4aiheena keskustellaan <a class=\"article-genericlink\" href=\"https:\/\/www.aamulehti.fi\/rikos\/art-2000011639317.html\" rel=\"nofollow noopener\" target=\"_blank\">Ratinan joukkopuukotuksesta<\/a>, joka j\u00e4rkytti Tampereella viime kes\u00e4n\u00e4. Nyt tapausta on k\u00e4sitelty oikeudessa. Mit\u00e4 uutta tapahtumista on selvinnyt? T\u00e4st\u00e4 kertovat Aamulehden toimittajat <a class=\"article-personlink\" href=\"https:\/\/www.aamulehti.fi\/haku\/?query=Jenna%20Keto-Tokoi\" rel=\"nofollow noopener\" target=\"_blank\">Jenna Keto-Tokoi<\/a> ja <a class=\"article-personlink\" href=\"https:\/\/www.aamulehti.fi\/haku\/?query=Pauliina%20Karjalainen\" rel=\"nofollow noopener\" target=\"_blank\">Pauliina Karjalainen<\/a>.<\/p>\n<p>Kuuntele t\u00e4st\u00e4:Aiheet:<\/p>\n<p class=\"article-body mb-nof-24 px-nof-16\">00:00 Ratinan joukkopuukotuksen oikeudenk\u00e4ynti<\/p>\n<p class=\"article-body mb-nof-24 px-nof-16\">22:50 Riina Tanskasen puhe<\/p>\n<p class=\"article-body mb-nof-24 px-nof-16\">36:53 BDSM-parisuhde<\/p>\n<p class=\"article-body mb-nof-24 px-nof-16\">45:24 Linnan juhlat<\/p>\n<p class=\"article-body mb-nof-24 px-nof-16\">P\u00e4\u00e4aiheen j\u00e4lkeen Aamuraati pureutuu viikon muihin puheenaiheisiin. <a class=\"article-personlink\" href=\"https:\/\/www.aamulehti.fi\/haku\/?query=Riina%20Tanskanen\" rel=\"nofollow noopener\" target=\"_blank\">Riina Tanskanen<\/a> voitti Aamulehden Tulenkantaja-palkinnon, ja h\u00e4nen puheensa <a class=\"article-genericlink\" href=\"https:\/\/www.aamulehti.fi\/kirjat\/art-2000011661128.html\" rel=\"nofollow noopener\" target=\"_blank\">liikutti yleis\u00f6n kyyneliin<\/a> Tampereen Kirjafestareilla. Lis\u00e4ksi puhutaan <a class=\"article-genericlink\" href=\"https:\/\/www.aamulehti.fi\/ihmiset\/art-2000011663056.html\" rel=\"nofollow noopener\" target=\"_blank\">BDSM-pariskunnasta<\/a>, joka avaa arkeaan eritt\u00e4in luetussa jutussa. Nainen siirt\u00e4\u00e4 palkan miehens\u00e4 tilille ja pyyt\u00e4\u00e4 luvan jopa vessak\u00e4yntiin. Mit\u00e4 t\u00e4st\u00e4 pit\u00e4isi ajatella?<\/p>\n<p class=\"article-body mb-nof-24 px-nof-16\">Raati keskustelee my\u00f6s Linnan juhlista: <a class=\"article-genericlink\" href=\"https:\/\/www.aamulehti.fi\/kotimaa\/art-2000011653677.html\" rel=\"nofollow noopener\" target=\"_blank\">millaiset ne ovat t\u00e4n\u00e4 vuonna<\/a> ja mit\u00e4 kannattaa erityisesti seurata? Aamuraadissa ovat mukana toimittajat <a class=\"article-personlink\" href=\"https:\/\/www.aamulehti.fi\/haku\/?query=Kaisa%20J%C3%A4rvel%C3%A4\" rel=\"nofollow noopener\" target=\"_blank\">Kaisa J\u00e4rvel\u00e4<\/a> ja <a class=\"article-personlink\" href=\"https:\/\/www.aamulehti.fi\/haku\/?query=Anu%20Leena%20Hankaniemi\" rel=\"nofollow noopener\" target=\"_blank\">Anu Leena Hankaniemi<\/a>, joka raportoi lauantaina Presidentinlinnasta.<\/p>\n<p class=\"article-body mb-nof-24 px-nof-16\">Podcastin juontavat uutisp\u00e4\u00e4llikk\u00f6 <a class=\"article-personlink\" href=\"https:\/\/www.aamulehti.fi\/haku\/?query=Saara%20Tunturi\" rel=\"nofollow noopener\" target=\"_blank\">Saara Tunturi <\/a>ja liven ja kuvan p\u00e4\u00e4llikk\u00f6 <a class=\"article-personlink\" href=\"https:\/\/www.aamulehti.fi\/haku\/?query=Tuukka%20V%C3%A4lim%C3%A4ki\" rel=\"nofollow noopener\" target=\"_blank\">Tuukka V\u00e4lim\u00e4ki<\/a>.<\/p>\n<p class=\"article-body mb-nof-24 px-nof-16\">Aamupodi on Aamulehden perjantaisin ilmestyv\u00e4 viikkopodcast. Kaikki jaksot l\u00f6ytyv\u00e4t Aamulehden sivuilta ja uutissovelluksesta sek\u00e4 my\u00f6s <a class=\"article-genericlink\" href=\"https:\/\/www.supla.fi\/podcast\/aamupodi\" rel=\"nofollow noopener\" target=\"_blank\">Suplasta<\/a>, <a class=\"article-genericlink\" href=\"https:\/\/open.spotify.com\/show\/6wy7wah5Sj2ichX3qvEomf\" rel=\"nofollow noopener\" target=\"_blank\">Spotifysta<\/a> ja <a class=\"article-genericlink\" href=\"https:\/\/podcasts.apple.com\/fi\/podcast\/aamupodi\/id1785006665\" rel=\"nofollow noopener\" target=\"_blank\">Apple Podcasteista<\/a>.<\/p>\n","protected":false},"excerpt":{"rendered":"Aamupodin p\u00e4\u00e4aiheena on Ratinan joukkopuukotuksen oikeudenk\u00e4ynti. Sen j\u00e4lkeen aamuraati keskustelee Riina Tanskasen pys\u00e4ytt\u00e4v\u00e4st\u00e4 puheesta, BDSM-parisuhteesta ja Linnan juhlista.&hellip;\n","protected":false},"author":2,"featured_media":57734,"comment_status":"","ping_status":"","sticky":false,"template":"","format":"standard","meta":{"footnotes":""},"categories":[12],"tags":[157,22,23,26,27,33,31,30,17,24,25,28,29,15,18,21,32,19,20,16],"class_list":{"0":"post-108114","1":"post","2":"type-post","3":"status-publish","4":"format-standard","5":"has-post-thumbnail","7":"category-suomi","8":"tag-aamulehti","9":"tag-breaking-news","10":"tag-breakingnews","11":"tag-featured-news","12":"tag-featurednews","13":"tag-fi","14":"tag-finland","15":"tag-finnish","16":"tag-headlines","17":"tag-latest-news","18":"tag-latestnews","19":"tag-main-news","20":"tag-mainnews","21":"tag-news","22":"tag-otsikot","23":"tag-paauutiset","24":"tag-suomi","25":"tag-top-stories","26":"tag-topstories","27":"tag-uutiset"},"share_on_mastodon":{"url":"https:\/\/pubeurope.com\/@fi\/115665088358817732","error":""},"_links":{"self":[{"href":"https:\/\/www.europesays.com\/fi\/wp-json\/wp\/v2\/posts\/108114","targetHints":{"allow":["GET"]}}],"collection":[{"href":"https:\/\/www.europesays.com\/fi\/wp-json\/wp\/v2\/posts"}],"about":[{"href":"https:\/\/www.europesays.com\/fi\/wp-json\/wp\/v2\/types\/post"}],"author":[{"embeddable":true,"href":"https:\/\/www.europesays.com\/fi\/wp-json\/wp\/v2\/users\/2"}],"replies":[{"embeddable":true,"href":"https:\/\/www.europesays.com\/fi\/wp-json\/wp\/v2\/comments?post=108114"}],"version-history":[{"count":0,"href":"https:\/\/www.europesays.com\/fi\/wp-json\/wp\/v2\/posts\/108114\/revisions"}],"wp:featuredmedia":[{"embeddable":true,"href":"https:\/\/www.europesays.com\/fi\/wp-json\/wp\/v2\/media\/57734"}],"wp:attachment":[{"href":"https:\/\/www.europesays.com\/fi\/wp-json\/wp\/v2\/media?parent=108114"}],"wp:term":[{"taxonomy":"category","embeddable":true,"href":"https:\/\/www.europesays.com\/fi\/wp-json\/wp\/v2\/categories?post=108114"},{"taxonomy":"post_tag","embeddable":true,"href":"https:\/\/www.europesays.com\/fi\/wp-json\/wp\/v2\/tags?post=108114"}],"curies":[{"name":"wp","href":"https:\/\/api.w.org\/{rel}","templated":true}]}}