{"id":108119,"date":"2025-12-05T04:37:10","date_gmt":"2025-12-05T04:37:10","guid":{"rendered":"https:\/\/www.europesays.com\/fi\/108119\/"},"modified":"2025-12-05T04:37:10","modified_gmt":"2025-12-05T04:37:10","slug":"multala-hiilineutraaliustavoite-pidetaan-vuodessa-2035","status":"publish","type":"post","link":"https:\/\/www.europesays.com\/fi\/108119\/","title":{"rendered":"Multala: Hiilineutraaliustavoite pidet\u00e4\u00e4n vuodessa 2035"},"content":{"rendered":"<p>Ilmastotoimet|Suomen hiilineutraaliustavoite pidet\u00e4\u00e4n yh\u00e4 vuodessa 2035, ilmoitti ymp\u00e4rist\u00f6- ja ilmastoministeri Sari Multala tiedotustilaisuudessa torstaina.<\/p>\n<p>4.12. 16:06<\/p>\n<p>Lue tiivistelm\u00e4<\/p>\n<p>Tiivistelm\u00e4 on teko\u00e4lyn tekem\u00e4 ja ihmisen tarkistama.<\/p>\n<p class=\"article-body mb-nof-24 px-nof-16 sndp-summary-bullet-point-font\">Ymp\u00e4rist\u00f6- ja ilmastoministeri Sari Multala vahvistaa, ett\u00e4 Suomi pit\u00e4\u00e4 kiinni hiilineutraaliustavoitteesta vuodelle 2035.<\/p>\n<p class=\"article-body mb-nof-24 px-nof-16 sndp-summary-bullet-point-font\">Valtiontalouden tarkastusviraston raportti paljasti torstaina, ett\u00e4 hallitus teki kev\u00e4\u00e4ll\u00e4 2024 keskeiset ilmastop\u00e4\u00e4t\u00f6kset ilman riitt\u00e4vi\u00e4 kustannustietoja.<\/p>\n<p class=\"article-body mb-nof-24 px-nof-16 sndp-summary-bullet-point-font\">Multala my\u00f6nt\u00e4\u00e4 ilmastopolitiikan tietopohjan vaativan parantamista sek\u00e4 kustannusvaikutusten ett\u00e4 p\u00e4\u00e4st\u00f6v\u00e4hennysten osalta.<\/p>\n<p class=\"article-body mb-nof-24 px-nof-16\">Hallitus pit\u00e4\u00e4 kiinni Suomen hiilineutraaliustavoitteesta vuodelle 2035, mutta tarvitsee lis\u00e4tietoa p\u00e4\u00e4t\u00f6ksenteon tueksi, sanoo ymp\u00e4rist\u00f6- ja ilmastoministeri<a class=\"article-personlink\" href=\"https:\/\/www.hs.fi\/haku\/?query=%20Sari%20Multala\" rel=\"nofollow noopener\" target=\"_blank\"> Sari Multala<\/a> (kok).<\/p>\n<p class=\"article-body mb-nof-24 px-nof-16\">Valtioneuvosto l\u00e4hetti torstaina kansallisen energia- ja ilmastostrategian sek\u00e4 keskipitk\u00e4n aikav\u00e4lin ilmastosuunnitelman eduskuntaan. Strategialla pyrit\u00e4\u00e4n v\u00e4hent\u00e4m\u00e4\u00e4n kasvihuonekaasup\u00e4\u00e4st\u00f6j\u00e4 ja vahvistamaan hiilinieluja.<\/p>\n<p class=\"article-body mb-nof-24 px-nof-16\">Multalan vahvistus vuoden 2035 hiilineutraaliustavoitteen s\u00e4ilytt\u00e4misest\u00e4 on merkitt\u00e4v\u00e4, sill\u00e4 <a class=\"article-genericlink\" href=\"https:\/\/www.hs.fi\/politiikka\/art-2000011656639.html\" rel=\"nofollow noopener\" target=\"_blank\">HS:n tietojen mukaan perussuomalaiset haluaa lyk\u00e4t\u00e4 <\/a>vuoden 2035 tavoitetta. Siit\u00e4kin huolimatta, ett\u00e4 sen ei pit\u00e4isi olla hallitusohjelman puitteissa mahdollista.<\/p>\n<p class=\"article-body mb-nof-24 px-nof-16\">Hallitusohjelma sitoutuu sek\u00e4 Suomen ilmastolakiin ett\u00e4 EU:n velvoitteisiin.<\/p>\n<p class=\"article-body mb-nof-24 px-nof-16\">Suomen suurin haaste ilmastopolitiikassa liittyy t\u00e4ll\u00e4 hetkell\u00e4 maank\u00e4ytt\u00f6sektoriin, joka on k\u00e4\u00e4ntynyt nielusta p\u00e4\u00e4st\u00f6l\u00e4hteeksi. Syyn\u00e4 ovat muun muassa Ven\u00e4j\u00e4n puuntuonnin lopettaminen, lis\u00e4\u00e4ntyneet hakkuut ja puuston kasvun aleneminen.<\/p>\n<p class=\"article-body mb-nof-24 px-nof-16\">Multala kommentoi tilaisuudessa my\u00f6s torstaina julkaistua valtiontalouden tarkastusviraston raporttia, joka paljasti <a class=\"article-genericlink\" href=\"https:\/\/www.hs.fi\/politiikka\/art-2000011668583.html\" rel=\"nofollow noopener\" target=\"_blank\">vakavia puutteita ilmastopolitiikan<\/a> valmistelussa. VTV:n mukaan hallitus teki kev\u00e4\u00e4ll\u00e4 2024 keskeiset ilmastop\u00e4\u00e4t\u00f6kset ilman riitt\u00e4vi\u00e4 kustannustietoja.<\/p>\n<p class=\"article-body mb-nof-24 px-nof-16\">&#8221;On selv\u00e4\u00e4, ett\u00e4 kaikkien toimien kustannusvaikutusta on hyvin vaikeakin arvioida. Ihan kaikkia vaikutusarvioita ei ole k\u00e4yt\u00f6ss\u00e4&#8221;, Multala my\u00f6nsi.<\/p>\n<p class=\"article-body mb-nof-24 px-nof-16\">H\u00e4n sanoi prosessin osoittaneen jo ilman VTV:n arviointia, ett\u00e4 ilmastopolitiikan tietopohjassa on parannettavaa.<\/p>\n<p class=\"article-body mb-nof-24 px-nof-16\">&#8221;Meill\u00e4 on parannettavaa sek\u00e4 kustannusvaikutuksista ett\u00e4 p\u00e4\u00e4st\u00f6v\u00e4hennysten vaikutuksista. T\u00e4t\u00e4 ty\u00f6t\u00e4 aion itse vied\u00e4 eteenp\u00e4in&#8221;, Multala lupasi.<\/p>\n","protected":false},"excerpt":{"rendered":"Ilmastotoimet|Suomen hiilineutraaliustavoite pidet\u00e4\u00e4n yh\u00e4 vuodessa 2035, ilmoitti ymp\u00e4rist\u00f6- ja ilmastoministeri Sari Multala tiedotustilaisuudessa torstaina. 4.12. 16:06 Lue tiivistelm\u00e4&hellip;\n","protected":false},"author":2,"featured_media":108120,"comment_status":"","ping_status":"","sticky":false,"template":"","format":"standard","meta":{"footnotes":""},"categories":[113],"tags":[446,33,31,30,46,118,32,119,447],"class_list":{"0":"post-108119","1":"post","2":"type-post","3":"status-publish","4":"format-standard","5":"has-post-thumbnail","7":"category-ymparisto","8":"tag-environment","9":"tag-fi","10":"tag-finland","11":"tag-finnish","12":"tag-helsingin-sanomat","13":"tag-science","14":"tag-suomi","15":"tag-tiede","16":"tag-ymparisto"},"share_on_mastodon":{"url":"https:\/\/pubeurope.com\/@fi\/115665111799684792","error":""},"_links":{"self":[{"href":"https:\/\/www.europesays.com\/fi\/wp-json\/wp\/v2\/posts\/108119","targetHints":{"allow":["GET"]}}],"collection":[{"href":"https:\/\/www.europesays.com\/fi\/wp-json\/wp\/v2\/posts"}],"about":[{"href":"https:\/\/www.europesays.com\/fi\/wp-json\/wp\/v2\/types\/post"}],"author":[{"embeddable":true,"href":"https:\/\/www.europesays.com\/fi\/wp-json\/wp\/v2\/users\/2"}],"replies":[{"embeddable":true,"href":"https:\/\/www.europesays.com\/fi\/wp-json\/wp\/v2\/comments?post=108119"}],"version-history":[{"count":0,"href":"https:\/\/www.europesays.com\/fi\/wp-json\/wp\/v2\/posts\/108119\/revisions"}],"wp:featuredmedia":[{"embeddable":true,"href":"https:\/\/www.europesays.com\/fi\/wp-json\/wp\/v2\/media\/108120"}],"wp:attachment":[{"href":"https:\/\/www.europesays.com\/fi\/wp-json\/wp\/v2\/media?parent=108119"}],"wp:term":[{"taxonomy":"category","embeddable":true,"href":"https:\/\/www.europesays.com\/fi\/wp-json\/wp\/v2\/categories?post=108119"},{"taxonomy":"post_tag","embeddable":true,"href":"https:\/\/www.europesays.com\/fi\/wp-json\/wp\/v2\/tags?post=108119"}],"curies":[{"name":"wp","href":"https:\/\/api.w.org\/{rel}","templated":true}]}}