{"id":108121,"date":"2025-12-05T04:44:10","date_gmt":"2025-12-05T04:44:10","guid":{"rendered":"https:\/\/www.europesays.com\/fi\/108121\/"},"modified":"2025-12-05T04:44:10","modified_gmt":"2025-12-05T04:44:10","slug":"shirly-karvinen-ja-ahti-peltonen-salakuva-superparista","status":"publish","type":"post","link":"https:\/\/www.europesays.com\/fi\/108121\/","title":{"rendered":"Shirly Karvinen ja Ahti Peltonen \u2013 salakuva superparista!"},"content":{"rendered":"<p>            Timo Korhonen, Warner Music Finland\n        <\/p>\n<p class=\"subtitle \">Tiistaina ei oltu j\u00e4\u00e4hallilla, eik\u00e4 edes Vaasassa, vaan Helsingin arvoalueella Kaartinkaupungissa.<\/p>\n<p class=\"article-content article-content-width !bg-background\"> p\u00e4\u00e4h\u00e4n ly\u00f6tiin kruunu Miss Suomi -voiton merkiksi armon vuonna 2016.<\/p>\n<p class=\"article-content article-content-width !bg-background\">T\u00e4m\u00e4n j\u00e4lkeen Shirly on tehnyt vaikka ja mit\u00e4, kuten esiintynyt muun muassa eri tosi-tv-ohjelmissa ja seurustellut  sek\u00e4  eli muusikko  kanssa.<\/p>\n<p class=\"article-content article-content-width !bg-background\">Shirly ja Sanni ilmoittivat erostaan hein\u00e4kuussa somessa.<\/p>\n<p>        <a itemprop=\"url\" href=\"https:\/\/www.seiska.fi\/kotimaa\/valirikko-julianna-jokelan-kanssa-nyt-puhuu-shirly-karvinen\/1926343\" rel=\"nofollow noopener\" target=\"_blank\"><\/p>\n<p>\nV\u00e4lirikko Julianna Jokelan kanssa?\n<\/p>\n<p class=\"section-date\">\n        <strong class=\"article-section\" data-section=\"kotimaa\"><br \/>\n            kotimaa<br \/>\n        <\/strong><br \/>\n        10.9. 16:00\n    <\/p>\n<p>V\u00e4lirikko Julianna Jokelan kanssa? Nyt puhuu Shirly Karvinen!\n    <\/p>\n<p itemprop=\"description\" class=\"subtitle \">\n    Shirly Karvinen piti lauantaina syntt\u00e4ridinnerin, mutta paikalla ei ollut kuitenkaan Archie Cruzia, Sanna Marinia, Johanna Tukiaista, eik\u00e4 edes Julianna Jokelaa.\n<\/p>\n<p>        <\/a><\/p>\n<p class=\"article-content article-content-width !bg-background\">\u2013 Heippa kaikki. Parisuhteeni on p\u00e4\u00e4ttynyt jo jonkin aikaa sitten. En kommentoi asiaa sen enemp\u00e4\u00e4. El\u00e4m\u00e4 jatkuu, Shirly ilmoitti Instagraminsa tarinoissa tuolloin.<\/p>\n<p class=\"article-content article-content-width !bg-background\">My\u00f6s Sanni ilmoitti tahollaan eron olevan tosiasia.<\/p>\n<p>                <img decoding=\"async\" src=\"https:\/\/www.europesays.com\/fi\/wp-content\/uploads\/2025\/12\/2009999.webp\" width=\"576\" height=\"322\" alt=\"T\u00e4lt\u00e4 n\u00e4ytti uunituore Miss Suomi kev\u00e4\u00e4ll\u00e4 2016. Shirlyn vasemmalla puolella perint\u00f6prinsessat Emilia Sepp\u00e4nen ja Heta Sallinen.\" loading=\"lazy\" \/>            <\/p>\n<p>\n            T\u00e4lt\u00e4 n\u00e4ytti uunituore Miss Suomi kev\u00e4\u00e4ll\u00e4 2016. Shirlyn vasemmalla puolella perint\u00f6prinsessat Emilia Sepp\u00e4nen ja Heta Sallinen.<br \/>\n            Pasi Murto\n        <\/p>\n<p> 15 ottelussa per\u00e4ti 35 pistett\u00e4 <\/p>\n<p class=\"article-content article-content-width !bg-background\">Seiskaan oli jo aiemmin tullut vinkkej\u00e4 kuvien kera, ett\u00e4 Shirly olisi viihtynyt  kanssa.<\/p>\n<p class=\"article-content article-content-width !bg-background\">Ahti tunnetaan r\u00e4pp\u00e4rin\u00e4, jonka tyylitelty artistinimi on AHTI.<\/p>\n<p>        <a itemprop=\"url\" href=\"https:\/\/www.seiska.fi\/vain-seiskassa\/yllatyssutinaa-shirly-karvinen-ja-rap-tahti-ahti-vaihtoivat-intohimoisia-suudelmia-kuvat-ja-video\/1862031\" rel=\"nofollow noopener\" target=\"_blank\"><\/p>\n<p>\nKuvat ja video!\n<\/p>\n<p class=\"section-date\">\n        <strong class=\"article-section\" data-section=\"vain seiskassa\"><br \/>\n            vain seiskassa<br \/>\n        <\/strong><br \/>\n        17.7. 05:00\n    <\/p>\n<p>Yll\u00e4tyssutinaa! Shirly Karvinen ja rap-t\u00e4hti Ahti vaihtoivat intohimoisia suudelmia \u2013 kuvat ja video!\n    <\/p>\n<p itemprop=\"description\" class=\"subtitle \">\n    Shirlyn ja Sannin suhteen tila on her\u00e4tt\u00e4nyt kysymyksi\u00e4 jo pitk\u00e4\u00e4n.\n<\/p>\n<p>        <\/a><\/p>\n<p class=\"article-content article-content-width !bg-background\">Tuskin edes herran suurimmatkaan fanit tiet\u00e4v\u00e4t, ett\u00e4 vaasalainen toimi 4. divarissa pelanneen Hunters Team -j\u00e4\u00e4kiekkojoukkueen kapteenina kaudella 2021\u201322.<\/p>\n<p class=\"article-content article-content-width !bg-background\">Hy\u00f6kk\u00e4\u00e4j\u00e4 nakutti kyseisell\u00e4 kaudella 15 ottelussa per\u00e4ti 35 pistett\u00e4.<\/p>\n<p>                <img decoding=\"async\" src=\"https:\/\/www.europesays.com\/fi\/wp-content\/uploads\/2025\/12\/2010001.webp\" width=\"576\" height=\"322\" alt=\"Shirly ja Sanni pitiv\u00e4t yht\u00e4 useamman vuoden.\" loading=\"lazy\" \/>            <\/p>\n<p>\n            Shirly ja Sanni pitiv\u00e4t yht\u00e4 useamman vuoden.<br \/>\n            Timo Korhonen\n        <\/p>\n<p>&#8221;Piti oikein prosessoida hetken&#8221;<\/p>\n<p class=\"article-content article-content-width !bg-background\">Tiistaina ei oltu j\u00e4\u00e4hallilla, eik\u00e4 edes Vaasassa, vaan Helsingin arvoalueella Kaartinkaupungissa.<\/p>\n<p class=\"article-content article-content-width !bg-background\">Puoli kolmen aikaan iltap\u00e4iv\u00e4st\u00e4 Seiskan lukija n\u00e4ki kaksi tuttua hahmoa.<\/p>\n<p class=\"article-content article-content-width !bg-background\">\u2013 Piti oikein prosessoida hetken, kunnes tajusin, keit\u00e4 he ovat.<\/p>\n<p>        <a itemprop=\"url\" href=\"https:\/\/www.seiska.fi\/kotimaa\/shirly-karviselta-shokkipaljastus-podcastissa-ex-kumppani-kontrolloi-jarkyttavalla-tavalla\/1976850\" rel=\"nofollow noopener\" target=\"_blank\"><\/p>\n<p>\nPodcast:\n<\/p>\n<p class=\"section-date\">\n        <strong class=\"article-section\" data-section=\"kotimaa\"><br \/>\n            kotimaa<br \/>\n        <\/strong><br \/>\n        29.10. 14:57\n    <\/p>\n<p>Shirly Karviselta shokkipaljastus podcastissa: Ex-kumppani kontrolloi j\u00e4rkytt\u00e4v\u00e4ll\u00e4 tavalla\n    <\/p>\n<p itemprop=\"description\" class=\"subtitle \">\n    Shirly joutui pyyt\u00e4m\u00e4\u00e4n kumppaniltaan lupaa arkisiinkin asioihin.\n<\/p>\n<p>        <\/a><\/p>\n<p class=\"article-content article-content-width !bg-background\">\u2013 Shirly ja Ahti olivat aika l\u00e4heisiss\u00e4 tunnelmissa.<\/p>\n<p class=\"article-content article-content-width !bg-background\">Kaksikko k\u00e4veli kohti Shirlyn Mercedes-Benzi\u00e4.<\/p>\n<p class=\"article-content article-content-width !bg-background\">\u2013 Muistelen heid\u00e4n pit\u00e4neen hieman ennen kuvanottohetke\u00e4 toisiaan k\u00e4dest\u00e4 kiinni.<\/p>\n<p>                <img decoding=\"async\" src=\"https:\/\/www.europesays.com\/fi\/wp-content\/uploads\/2025\/12\/1870053.webp\" width=\"576\" height=\"855\" alt=\"Shirly ja Ahti vaihtoivat kuumia suudelmia hein\u00e4kuussa Ruisrockissa.\" loading=\"lazy\" \/>            <\/p>\n<p>\n            Shirly ja Ahti vaihtoivat kuumia suudelmia hein\u00e4kuussa Ruisrockissa.<br \/>\n            Lukijan kuva\n        <\/p>\n<p>&#8221;Ei mit\u00e4\u00e4n pahaa sanottavaa&#8221;<\/p>\n<p class=\"article-content article-content-width !bg-background\">Kaksikon astellessa autolle hypp\u00e4si Shirly ratin taakse, ja Ahdin oli tyytyminen pelk\u00e4\u00e4j\u00e4n paikalle.<\/p>\n<p class=\"article-content article-content-width !bg-background\">Traficom tiet\u00e4\u00e4 kertoa, ett\u00e4 kyseinen \u00f6kymersu on Shirlyn yrityksen nimiss\u00e4 ja auton malli on melkoista munkkilatinaa: Mercedes-Benz GLC 400 e 4MATIC.<\/p>\n<p class=\"article-content article-content-width !bg-background\">Johtot\u00e4hti itse tiet\u00e4\u00e4 mainostaa, ett\u00e4 GLC-lataushybridi on \u201dyksi luokkansa etevimmist\u00e4\u201d.<\/p>\n<p class=\"article-content article-content-width !bg-background\">Takaisin superkaksikkoon.<\/p>\n<p class=\"article-content article-content-width !bg-background\">\u2013 Ei mit\u00e4\u00e4n pahaa sanottavaa kummastakaan.<\/p>\n<p class=\"article-content article-content-width !bg-background\">\u2013 Kuuntelen Ahtia ja olen k\u00e4ynyt keikallakin.<\/p>\n<p>                <img decoding=\"async\" src=\"https:\/\/www.europesays.com\/fi\/wp-content\/uploads\/2025\/12\/2009997.webp\" width=\"576\" height=\"476\" alt=\"Shirly hypp\u00e4si ratin taakse ja Ahti viereen.\" loading=\"lazy\" \/>            <\/p>\n<p>\n            Shirly hypp\u00e4si ratin taakse ja Ahti viereen.<br \/>\n            Lukijan kuva\n        <\/p>\n<p class=\"article-content article-content-width !bg-background\">Lukija kertoo yll\u00e4ttyneens\u00e4 kes\u00e4ll\u00e4 Shirlyn ja Sannin erosta.<\/p>\n<p class=\"article-content article-content-width !bg-background\">\u2013 En my\u00f6sk\u00e4\u00e4n olisi voinut kuvitella Shirly\u00e4 ja Ahtia yhdess\u00e4, mutta toisaalta miksip\u00e4s ei\u2026<\/p>\n<p class=\"article-content article-content-width !bg-background\">\u2013 Vaikka onhan niill\u00e4 tuota ik\u00e4eroakin.<\/p>\n<p class=\"article-content article-content-width !bg-background\">Shirly on 33-vuotias ja Ahti 25-vuotias.<\/p>\n<p class=\"article-content article-content-width !bg-background\">\u2013 Komea pari he kuitenkin ovat!<\/p>\n","protected":false},"excerpt":{"rendered":"Timo Korhonen, Warner Music Finland Tiistaina ei oltu j\u00e4\u00e4hallilla, eik\u00e4 edes Vaasassa, vaan Helsingin arvoalueella Kaartinkaupungissa. p\u00e4\u00e4h\u00e4n ly\u00f6tiin&hellip;\n","protected":false},"author":2,"featured_media":108122,"comment_status":"","ping_status":"","sticky":false,"template":"","format":"standard","meta":{"footnotes":""},"categories":[136],"tags":[8139,407,137,33,31,30,104,408,3458,20292,5457,32,109],"class_list":{"0":"post-108121","1":"post","2":"type-post","3":"status-publish","4":"format-standard","5":"has-post-thumbnail","7":"category-julkkikset","8":"tag-ahti-peltonen","9":"tag-celebrities","10":"tag-entertainment","11":"tag-fi","12":"tag-finland","13":"tag-finnish","14":"tag-helsinki","15":"tag-julkkikset","16":"tag-miss-suomi","17":"tag-sanni-kurkisuo","18":"tag-shirly-karvinen","19":"tag-suomi","20":"tag-viihde"},"share_on_mastodon":{"url":"https:\/\/pubeurope.com\/@fi\/115665139597509578","error":""},"_links":{"self":[{"href":"https:\/\/www.europesays.com\/fi\/wp-json\/wp\/v2\/posts\/108121","targetHints":{"allow":["GET"]}}],"collection":[{"href":"https:\/\/www.europesays.com\/fi\/wp-json\/wp\/v2\/posts"}],"about":[{"href":"https:\/\/www.europesays.com\/fi\/wp-json\/wp\/v2\/types\/post"}],"author":[{"embeddable":true,"href":"https:\/\/www.europesays.com\/fi\/wp-json\/wp\/v2\/users\/2"}],"replies":[{"embeddable":true,"href":"https:\/\/www.europesays.com\/fi\/wp-json\/wp\/v2\/comments?post=108121"}],"version-history":[{"count":0,"href":"https:\/\/www.europesays.com\/fi\/wp-json\/wp\/v2\/posts\/108121\/revisions"}],"wp:featuredmedia":[{"embeddable":true,"href":"https:\/\/www.europesays.com\/fi\/wp-json\/wp\/v2\/media\/108122"}],"wp:attachment":[{"href":"https:\/\/www.europesays.com\/fi\/wp-json\/wp\/v2\/media?parent=108121"}],"wp:term":[{"taxonomy":"category","embeddable":true,"href":"https:\/\/www.europesays.com\/fi\/wp-json\/wp\/v2\/categories?post=108121"},{"taxonomy":"post_tag","embeddable":true,"href":"https:\/\/www.europesays.com\/fi\/wp-json\/wp\/v2\/tags?post=108121"}],"curies":[{"name":"wp","href":"https:\/\/api.w.org\/{rel}","templated":true}]}}