{"id":108123,"date":"2025-12-05T04:47:08","date_gmt":"2025-12-05T04:47:08","guid":{"rendered":"https:\/\/www.europesays.com\/fi\/108123\/"},"modified":"2025-12-05T04:47:08","modified_gmt":"2025-12-05T04:47:08","slug":"kauniit-ja-rohkeat-will-tunnustaa-electralle-pettaneensa-tata-lunan-kanssa","status":"publish","type":"post","link":"https:\/\/www.europesays.com\/fi\/108123\/","title":{"rendered":"Kauniit ja rohkeat: Will tunnustaa Electralle pett\u00e4neens\u00e4 t\u00e4t\u00e4 Lunan kanssa"},"content":{"rendered":"<p class=\"article-content article-content-width !bg-background\"> Will katuu syv\u00e4sti, ett\u00e4 hairahtui vahingossa s\u00e4nkyyn Lunan kanssa. Katie-\u00e4iti kuitenkin kielt\u00e4\u00e4 Willi\u00e4 kertomasta asiasta Electralle. Se olisi Katien mielest\u00e4 h\u00e4t\u00e4inen ja v\u00e4\u00e4r\u00e4 tapa p\u00e4\u00e4st\u00e4 pois syyllisyydest\u00e4. <\/p>\n<p class=\"font-weight-bold m-font-weight-bold italic m-italic article-content article-content-width !bg-background\">Arkistovideo: Kaunarit-t\u00e4htien koronaterveiset<\/p>\n<p class=\"article-content article-content-width !bg-background\">Eric pyyt\u00e4\u00e4 Electraa viett\u00e4m\u00e4\u00e4n iltaa h\u00e4nen ja Donnan kanssa. Electra kuitenkin suunnittelee romanttista iltaa Willin kanssa ja taannoisen lemmenhetken toistamista. Electra iloitsee Ericille, ett\u00e4 voi luottaa Williin koko syd\u00e4mest\u00e4\u00e4n.<\/p>\n<p class=\"article-content article-content-width !bg-background\">Deaconin poika Deke tulee vierailulle. H\u00e4n kertoo Lunaan liittyv\u00e4t uutiset, joita Deacon ei ole viel\u00e4 tiennyt.<\/p>\n<p class=\"article-content article-content-width !bg-background\">Bill vaatii raskaaksi p\u00e4\u00e4tynytt\u00e4 Lunaa tekem\u00e4\u00e4n abortin. Sheila taas n\u00e4kee Lunan raskaudessa mahdollisuuksia juonitteluihin. Li sit\u00e4 vastoin on pahasti pettynyt Lunaan.<\/p>\n<p class=\"article-content article-content-width !bg-background\">Will kertoo totuuden Electralle. \u201dLuulin, ett\u00e4 se olet sin\u00e4\u201d, Will vakuuttaa. Electra on suunniltaan.<\/p>\n<p class=\"italic m-italic article-content article-content-width !bg-background\">Kauniit ja rohkeat MTV3 maanantaista perjantaihin.<\/p>\n","protected":false},"excerpt":{"rendered":"Will katuu syv\u00e4sti, ett\u00e4 hairahtui vahingossa s\u00e4nkyyn Lunan kanssa. Katie-\u00e4iti kuitenkin kielt\u00e4\u00e4 Willi\u00e4 kertomasta asiasta Electralle. Se olisi&hellip;\n","protected":false},"author":2,"featured_media":108124,"comment_status":"","ping_status":"","sticky":false,"template":"","format":"standard","meta":{"footnotes":""},"categories":[133],"tags":[3476,137,33,31,30,375,3475,3474,2376,905,7320,32,206,156,109,3477],"class_list":{"0":"post-108123","1":"post","2":"type-post","3":"status-publish","4":"format-standard","5":"has-post-thumbnail","7":"category-televisiot","8":"tag-electra","9":"tag-entertainment","10":"tag-fi","11":"tag-finland","12":"tag-finnish","13":"tag-kauniit-ja-rohkeat","14":"tag-kauniit-ja-rohkeat-juonipaljastukset","15":"tag-luna","16":"tag-mtv","17":"tag-mtv3","18":"tag-pettaminen","19":"tag-suomi","20":"tag-televisiot","21":"tag-tv","22":"tag-viihde","23":"tag-will"},"share_on_mastodon":{"url":"https:\/\/pubeurope.com\/@fi\/115665151170750101","error":""},"_links":{"self":[{"href":"https:\/\/www.europesays.com\/fi\/wp-json\/wp\/v2\/posts\/108123","targetHints":{"allow":["GET"]}}],"collection":[{"href":"https:\/\/www.europesays.com\/fi\/wp-json\/wp\/v2\/posts"}],"about":[{"href":"https:\/\/www.europesays.com\/fi\/wp-json\/wp\/v2\/types\/post"}],"author":[{"embeddable":true,"href":"https:\/\/www.europesays.com\/fi\/wp-json\/wp\/v2\/users\/2"}],"replies":[{"embeddable":true,"href":"https:\/\/www.europesays.com\/fi\/wp-json\/wp\/v2\/comments?post=108123"}],"version-history":[{"count":0,"href":"https:\/\/www.europesays.com\/fi\/wp-json\/wp\/v2\/posts\/108123\/revisions"}],"wp:featuredmedia":[{"embeddable":true,"href":"https:\/\/www.europesays.com\/fi\/wp-json\/wp\/v2\/media\/108124"}],"wp:attachment":[{"href":"https:\/\/www.europesays.com\/fi\/wp-json\/wp\/v2\/media?parent=108123"}],"wp:term":[{"taxonomy":"category","embeddable":true,"href":"https:\/\/www.europesays.com\/fi\/wp-json\/wp\/v2\/categories?post=108123"},{"taxonomy":"post_tag","embeddable":true,"href":"https:\/\/www.europesays.com\/fi\/wp-json\/wp\/v2\/tags?post=108123"}],"curies":[{"name":"wp","href":"https:\/\/api.w.org\/{rel}","templated":true}]}}