{"id":108127,"date":"2025-12-05T04:52:11","date_gmt":"2025-12-05T04:52:11","guid":{"rendered":"https:\/\/www.europesays.com\/fi\/108127\/"},"modified":"2025-12-05T04:52:11","modified_gmt":"2025-12-05T04:52:11","slug":"uutisankkurilegenda-pirjo-nuotio-73-on-rautaisessa-kunnossa","status":"publish","type":"post","link":"https:\/\/www.europesays.com\/fi\/108127\/","title":{"rendered":"Uutisankkurilegenda Pirjo Nuotio, 73, on rautaisessa kunnossa"},"content":{"rendered":"<p>            MTV\n        <\/p>\n<p class=\"subtitle \">&#8221;Vieriv\u00e4 kivi ei sammaloidu&#8221; on sanonta, joka toden totta pit\u00e4\u00e4 Pirjo Nuotion kohdalla paikkansa.<\/p>\n<p class=\"article-content article-content-width !bg-background\"> lienee niit\u00e4 nimi\u00e4, jotka eiv\u00e4t v\u00e4ltt\u00e4m\u00e4tt\u00e4 sano t\u00e4m\u00e4n p\u00e4iv\u00e4n nuorille mit\u00e4\u00e4n, mutta eilisp\u00e4iv\u00e4n nuorille kyll\u00e4kin.<\/p>\n<p class=\"article-content article-content-width !bg-background\">Pirjo ty\u00f6skenteli ensimm\u00e4ist\u00e4 kertaa uutisankkurina vuonna 1983, ja vakituisena h\u00e4n kertoi maailman menosta vuodesta 1990 vuoteen 2016, jolloin h\u00e4n j\u00e4i el\u00e4kkeelle.<\/p>\n<p class=\"article-content article-content-width !bg-background\">Mutta ei vieriv\u00e4 kivi sammaloidu.\u00a0Pirjo on edelleen rautaisessa kunnossa ja tekee yh\u00e4 jonkinlaisia t\u00f6it\u00e4.<\/p>\n<p>                <img decoding=\"async\" src=\"https:\/\/www.europesays.com\/fi\/wp-content\/uploads\/2025\/12\/2011349.webp\" width=\"576\" height=\"322\" alt=\"Urpo Martikainen ja Pirjo Nuotio kertoivat maailmanmenosta suomalaisille vuosien ajan.\" loading=\"lazy\" \/>            <\/p>\n<p>\n            Urpo Martikainen ja Pirjo Nuotio kertoivat maailmanmenosta suomalaisille vuosien ajan.<br \/>\n            MTV\n        <\/p>\n<p>Kulttuuriharrastuksia <\/p>\n<p class=\"article-content article-content-width !bg-background\">Julkisuudessa 73-vuotias Pirjo ei ole juuri ollut, vaan on nauttinut isojen valojen ulkopuolella olemisesta.<\/p>\n<p class=\"article-content article-content-width !bg-background\">Keskiviikkoiltana oli toisin, kun Pirjo pelmahti JouluMielelle-konserttiin ja pressitilaisuuteen yhdess\u00e4 puolisonsa\u00a0 kanssa.<\/p>\n<p class=\"article-content article-content-width !bg-background\">\u2013 Kaikenlaisia kulttuuriharrastuksia on ollut syksy t\u00e4ynn\u00e4, Pirjo huokaa Katsolle.<\/p>\n<p class=\"article-content article-content-width !bg-background\">Heti Maikkarilta el\u00e4k\u00f6itymisen j\u00e4lkeen Pirjo palasi P\u00f6ll\u00f6laaksoon antamaan puhe- ja esiintymiskoulutusta \u2013 onhan h\u00e4n koulutukseltaan puheterapeutti.<\/p>\n<p class=\"article-content article-content-width !bg-background\">\u2013 Ne hommat ovat tosin nyt koko ajan v\u00e4henem\u00e4\u00e4n p\u00e4in, ja ihan hyv\u00e4 niin.<\/p>\n<p>        <a itemprop=\"url\" href=\"https:\/\/www.seiska.fi\/kotimaa\/tallaisiin-pulmiin-pirjo-nuotio-ja-reijo-rakas-tormasivat-muuttaessaan-yhteen\/268552\" rel=\"nofollow noopener\" target=\"_blank\"><\/p>\n<p class=\"section-date\">\n        <strong class=\"article-section\" data-section=\"kotimaa\"><br \/>\n            kotimaa<br \/>\n        <\/strong><br \/>\n        1.7.2022 13:17\n    <\/p>\n<p>T\u00e4llaisiin pulmiin Pirjo Nuotio ja Reijo-rakas t\u00f6rm\u00e4siv\u00e4t muuttaessaan yhteen\n    <\/p>\n<p>        <\/a><\/p>\n<p>                <img decoding=\"async\" src=\"https:\/\/www.europesays.com\/fi\/wp-content\/uploads\/2025\/12\/2011348.webp\" width=\"576\" height=\"720\" alt=\"Golf ei ole Pirjolle vain harrastus, vaan intohimo.\" loading=\"lazy\" \/>            <\/p>\n<p>\n            Golf ei ole Pirjolle vain harrastus, vaan intohimo.<br \/>\n            Tomi Kaukolehto\n        <\/p>\n<p>Golf, kuntosali, padel<\/p>\n<p class=\"article-content article-content-width !bg-background\">Puhe- ja juontokoulutus on ollut Pirjon mukaan palkitsevaa.<\/p>\n<p class=\"article-content article-content-width !bg-background\">\u2013 Siell\u00e4 on eritt\u00e4in hyv\u00e4\u00e4 porukkaa, ja kaikkien, jotka ovat k\u00e4yneet, ty\u00f6t\u00e4 kuuntelen kotona innolla.<\/p>\n<p class=\"article-content article-content-width !bg-background\">Kulttuurin lis\u00e4ksi Pirjon el\u00e4m\u00e4n t\u00e4ytt\u00e4\u00e4 golf, jota h\u00e4n pelaa kes\u00e4st\u00e4 aina lokakuun loppuun.<\/p>\n<p>\n            Olen toivonut, ettei h\u00e4n osta mit\u00e4\u00e4n. Se on toive.\n            <\/p>\n<p class=\"article-content article-content-width !bg-background\">\u2013 Sitten on v\u00e4h\u00e4n padelia ja kuntosalia.<\/p>\n<p class=\"article-content article-content-width !bg-background\">Lis\u00e4ksi Pirjo ja Reijo-rakas harrastavat my\u00f6s tanssia.<\/p>\n<p class=\"article-content article-content-width !bg-background\">Penkkitulostaan Pirjo ei suurin surminkaan paljasta.<\/p>\n<p class=\"article-content article-content-width !bg-background\">\u2013 En harrasta painonnostoa kuntosalilla, madame naurahtaa.<\/p>\n<p class=\"article-content article-content-width !bg-background\">\u2013 Teen muita k\u00e4siliikkeit\u00e4.<\/p>\n<p>        <a itemprop=\"url\" href=\"https:\/\/www.seiska.fi\/katso\/tallaiset-pippalot-ylella-lopettanut-uutisankkuri-sai-erikoinen-poislahto\/1965252\" rel=\"nofollow noopener\" target=\"_blank\"><\/p>\n<p>\nEl\u00e4kepippalot Ylell\u00e4\n<\/p>\n<p class=\"section-date\">\n        <strong class=\"article-section\" data-section=\"katso\"><br \/>\n            katso<br \/>\n        <\/strong><br \/>\n        17.10. 09:15\n    <\/p>\n<p>T\u00e4llaiset pippalot Ylell\u00e4 lopettanut uutisankkuri sai \u2013 erikoinen poisl\u00e4ht\u00f6\n    <\/p>\n<p itemprop=\"description\" class=\"subtitle \">\n    Marjukka Havum\u00e4ki sai arvoisensa juhlat torstaina 16.10.\n<\/p>\n<p>        <\/a><\/p>\n<p>                <img decoding=\"async\" src=\"https:\/\/www.europesays.com\/fi\/wp-content\/uploads\/2025\/12\/2011346.webp\" width=\"576\" height=\"322\" alt=\"Pirjo ja Reijo Markku muodostavat dynaamisen kombon, jossa molemmat p\u00e4\u00e4sev\u00e4t toteuttamaan itse\u00e4\u00e4n.\" loading=\"lazy\" \/>            <\/p>\n<p>\n            Pirjo ja Reijo Markku muodostavat dynaamisen kombon, jossa molemmat p\u00e4\u00e4sev\u00e4t toteuttamaan itse\u00e4\u00e4n.<br \/>\n            Matti Matikainen\n        <\/p>\n<p>Ei toiveita \u2013 jotain kuitenkin<\/p>\n<p class=\"article-content article-content-width !bg-background\">Joululahjatoivekin on esitetty Reijolle.<\/p>\n<p class=\"article-content article-content-width !bg-background\">\u2013 Olen toivonut, ettei h\u00e4n osta mit\u00e4\u00e4n. Se on toive.<\/p>\n<p class=\"article-content article-content-width !bg-background\">Hetken p\u00e4\u00e4st\u00e4 Pirjo kuitenkin kertoo toivovansa pesusieni\u00e4 ja almanakkaa.<\/p>\n<p class=\"article-content article-content-width !bg-background\">\u2013 Yrit\u00e4mme keskitty\u00e4 joululahjoissamme itsemme sijasta enemm\u00e4nkin lasten suuntaan, Pirjo p\u00e4\u00e4tt\u00e4\u00e4.<\/p>\n<p>        <a itemprop=\"url\" href=\"https:\/\/www.seiska.fi\/katso\/uutisankkuri-keijo-leppanen-liikuttui-kyyneliin-jattaessaan-hyvastit-katsojatkin-itkivat\/1474257\" rel=\"nofollow noopener\" target=\"_blank\"><\/p>\n<p class=\"section-date\">\n        <strong class=\"article-section\" data-section=\"katso\"><br \/>\n            katso<br \/>\n        <\/strong><br \/>\n        1.10.2024 09:22\n    <\/p>\n<p>Uutisankkuri Keijo Lepp\u00e4nen liikuttui kyyneliin j\u00e4tt\u00e4ess\u00e4\u00e4n hyv\u00e4stit \u2013 katsojatkin itkiv\u00e4t\n    <\/p>\n<p itemprop=\"description\" class=\"subtitle \">\n    Uutisankkuri p\u00e4\u00e4tti 30 vuoden ankkuriuransa 30. syyskuuta siirtyess\u00e4\u00e4n el\u00e4kkeelle.\n<\/p>\n<p>        <\/a><\/p>\n","protected":false},"excerpt":{"rendered":"MTV &#8221;Vieriv\u00e4 kivi ei sammaloidu&#8221; on sanonta, joka toden totta pit\u00e4\u00e4 Pirjo Nuotion kohdalla paikkansa. lienee niit\u00e4 nimi\u00e4,&hellip;\n","protected":false},"author":2,"featured_media":108128,"comment_status":"","ping_status":"","sticky":false,"template":"","format":"standard","meta":{"footnotes":""},"categories":[130],"tags":[137,33,31,30,3978,20295,20293,20294,32,7266,109],"class_list":{"0":"post-108127","1":"post","2":"type-post","3":"status-publish","4":"format-standard","5":"has-post-thumbnail","7":"category-viihde","8":"tag-entertainment","9":"tag-fi","10":"tag-finland","11":"tag-finnish","12":"tag-golf","13":"tag-kulttuuriharrastukset","14":"tag-pirjo-nuotio","15":"tag-reijo-markku","16":"tag-suomi","17":"tag-uutisankkuri","18":"tag-viihde"},"share_on_mastodon":{"url":"https:\/\/pubeurope.com\/@fi\/115665170913671028","error":""},"_links":{"self":[{"href":"https:\/\/www.europesays.com\/fi\/wp-json\/wp\/v2\/posts\/108127","targetHints":{"allow":["GET"]}}],"collection":[{"href":"https:\/\/www.europesays.com\/fi\/wp-json\/wp\/v2\/posts"}],"about":[{"href":"https:\/\/www.europesays.com\/fi\/wp-json\/wp\/v2\/types\/post"}],"author":[{"embeddable":true,"href":"https:\/\/www.europesays.com\/fi\/wp-json\/wp\/v2\/users\/2"}],"replies":[{"embeddable":true,"href":"https:\/\/www.europesays.com\/fi\/wp-json\/wp\/v2\/comments?post=108127"}],"version-history":[{"count":0,"href":"https:\/\/www.europesays.com\/fi\/wp-json\/wp\/v2\/posts\/108127\/revisions"}],"wp:featuredmedia":[{"embeddable":true,"href":"https:\/\/www.europesays.com\/fi\/wp-json\/wp\/v2\/media\/108128"}],"wp:attachment":[{"href":"https:\/\/www.europesays.com\/fi\/wp-json\/wp\/v2\/media?parent=108127"}],"wp:term":[{"taxonomy":"category","embeddable":true,"href":"https:\/\/www.europesays.com\/fi\/wp-json\/wp\/v2\/categories?post=108127"},{"taxonomy":"post_tag","embeddable":true,"href":"https:\/\/www.europesays.com\/fi\/wp-json\/wp\/v2\/tags?post=108127"}],"curies":[{"name":"wp","href":"https:\/\/api.w.org\/{rel}","templated":true}]}}