{"id":108141,"date":"2025-12-05T05:17:08","date_gmt":"2025-12-05T05:17:08","guid":{"rendered":"https:\/\/www.europesays.com\/fi\/108141\/"},"modified":"2025-12-05T05:17:08","modified_gmt":"2025-12-05T05:17:08","slug":"taklaus-tappara-tahteen-poiki-pelikiellon-antti-tyrvaiselle","status":"publish","type":"post","link":"https:\/\/www.europesays.com\/fi\/108141\/","title":{"rendered":"Taklaus Tappara-t\u00e4hteen poiki pelikiellon Antti Tyrv\u00e4iselle"},"content":{"rendered":"<p>Taklaus p\u00e4\u00e4tti Kristian Tanuksen ottelun keskiviikkona.<\/p>\n<p class=\"article-body mb-nof-24 px-nof-16\">Aamulehti<\/p>\n<p class=\"article-body mb-nof-24 px-nof-16\">JYPin hy\u00f6kk\u00e4\u00e4j\u00e4 <a class=\"article-personlink\" href=\"https:\/\/www.aamulehti.fi\/haku\/?query=Antti%20Tyrv%C3%A4inen\" rel=\"nofollow noopener\" target=\"_blank\">Antti Tyrv\u00e4inen<\/a> on m\u00e4\u00e4r\u00e4tty kolmen ottelun pelikieltoon miesten j\u00e4\u00e4kiekkoliigassa. Tyrv\u00e4inen, 36, taklasi keskiviikon Tappara-ottelun ensimm\u00e4isess\u00e4 er\u00e4ss\u00e4 kirvesrintojen <a class=\"article-personlink\" href=\"https:\/\/www.aamulehti.fi\/haku\/?query=Kristian%20Tanusta\" rel=\"nofollow noopener\" target=\"_blank\">Kristian Tanusta<\/a>. Tanuksen ottelu p\u00e4\u00e4ttyi siihen.<\/p>\n<p class=\"article-body mb-nof-24 px-nof-16\">Tyrv\u00e4iselle annettiin 5+20 minuutin rangaistus p\u00e4\u00e4n tai niskan alueelle kohdistuneesta taklauksesta. Kiekkoliigan kurinpitodelegaatio m\u00e4tk\u00e4isi pelikiellon torstai-iltana.<\/p>\n<p class=\"article-body mb-nof-24 px-nof-16\">\u201dRangaistusharkinnan osalta kurinpitodelegaatio toteaa ensinn\u00e4kin, ett\u00e4 Tanus on taklaushetkell\u00e4 kiekoton pelaaja, jota ei saa taklata. Kurinpitodelegaatio katsoo, ett\u00e4 taklauksen voima kohdistuu valtaosin Tanuksen vartaloon eik\u00e4 p\u00e4\u00e4h\u00e4n, joten taklausta on syyt\u00e4 arvioida est\u00e4mist\u00e4 koskevan s\u00e4\u00e4nn\u00f6n perusteella\u201d, p\u00e4\u00e4t\u00f6ksess\u00e4 todetaan.<\/p>\n<p class=\"article-body mb-nof-24 px-nof-16\">\u201dEst\u00e4mist\u00e4 koskevan rangaistusharkinnan osalta kurinpitodelegaatio toteaa, ett\u00e4 Tyrv\u00e4inen suorittaa t\u00e4ydell\u00e4 voimalla vartalotaklauksen, jossa tulee my\u00f6s kontaktia kiekottoman Tanuksen p\u00e4\u00e4h\u00e4n. Taklauksen seurauksena Tanus joutuu j\u00e4tt\u00e4m\u00e4\u00e4n ottelun kesken. Edelleen rangaistusharkinnan osalta kurinpitodelegaatio katsoo, ett\u00e4 Tyrv\u00e4inen on taklauksellaan piittaamattomasti vaarantanut vastustajaa ja taklauksesta on aiheellista m\u00e4\u00e4r\u00e4t\u00e4 pelikielto.\u201d<\/p>\n<p class=\"article-body mb-nof-24 px-nof-16\">Tyrv\u00e4inen siirtyi JYPiin kesken kauden ja on pelannut Jyv\u00e4skyl\u00e4ss\u00e4 kaksi ottelua pisteitt\u00e4. Konkari sai pelirangaistuksen my\u00f6t\u00e4 urallaan t\u00e4yteen tuhat runkosarjan j\u00e4\u00e4hyminuuttia.<\/p>\n","protected":false},"excerpt":{"rendered":"Taklaus p\u00e4\u00e4tti Kristian Tanuksen ottelun keskiviikkona. Aamulehti JYPin hy\u00f6kk\u00e4\u00e4j\u00e4 Antti Tyrv\u00e4inen on m\u00e4\u00e4r\u00e4tty kolmen ottelun pelikieltoon miesten j\u00e4\u00e4kiekkoliigassa.&hellip;\n","protected":false},"author":2,"featured_media":107425,"comment_status":"","ping_status":"","sticky":false,"template":"","format":"standard","meta":{"footnotes":""},"categories":[158],"tags":[157,33,31,30,159,32,160],"class_list":{"0":"post-108141","1":"post","2":"type-post","3":"status-publish","4":"format-standard","5":"has-post-thumbnail","7":"category-urheilu","8":"tag-aamulehti","9":"tag-fi","10":"tag-finland","11":"tag-finnish","12":"tag-sports","13":"tag-suomi","14":"tag-urheilu"},"share_on_mastodon":{"url":"https:\/\/pubeurope.com\/@fi\/115665269277899950","error":""},"_links":{"self":[{"href":"https:\/\/www.europesays.com\/fi\/wp-json\/wp\/v2\/posts\/108141","targetHints":{"allow":["GET"]}}],"collection":[{"href":"https:\/\/www.europesays.com\/fi\/wp-json\/wp\/v2\/posts"}],"about":[{"href":"https:\/\/www.europesays.com\/fi\/wp-json\/wp\/v2\/types\/post"}],"author":[{"embeddable":true,"href":"https:\/\/www.europesays.com\/fi\/wp-json\/wp\/v2\/users\/2"}],"replies":[{"embeddable":true,"href":"https:\/\/www.europesays.com\/fi\/wp-json\/wp\/v2\/comments?post=108141"}],"version-history":[{"count":0,"href":"https:\/\/www.europesays.com\/fi\/wp-json\/wp\/v2\/posts\/108141\/revisions"}],"wp:featuredmedia":[{"embeddable":true,"href":"https:\/\/www.europesays.com\/fi\/wp-json\/wp\/v2\/media\/107425"}],"wp:attachment":[{"href":"https:\/\/www.europesays.com\/fi\/wp-json\/wp\/v2\/media?parent=108141"}],"wp:term":[{"taxonomy":"category","embeddable":true,"href":"https:\/\/www.europesays.com\/fi\/wp-json\/wp\/v2\/categories?post=108141"},{"taxonomy":"post_tag","embeddable":true,"href":"https:\/\/www.europesays.com\/fi\/wp-json\/wp\/v2\/tags?post=108141"}],"curies":[{"name":"wp","href":"https:\/\/api.w.org\/{rel}","templated":true}]}}