{"id":108148,"date":"2025-12-05T05:23:10","date_gmt":"2025-12-05T05:23:10","guid":{"rendered":"https:\/\/www.europesays.com\/fi\/108148\/"},"modified":"2025-12-05T05:23:10","modified_gmt":"2025-12-05T05:23:10","slug":"yksityisten-vuokranantajien-tappiot-kasvoivat-ennatyssuuriksi-katso-paljonko-naapurissasi-tehtiin-tappiota","status":"publish","type":"post","link":"https:\/\/www.europesays.com\/fi\/108148\/","title":{"rendered":"Yksityisten vuokranantajien tappiot kasvoivat enn\u00e4tyssuuriksi \u2013 katso, paljonko naapurissasi tehtiin tappiota"},"content":{"rendered":"<p>Asuntomarkkina|Yksityiset vuokranantajat k\u00e4rsiv\u00e4t viime vuonna enn\u00e4tyksellisen suuret tappiot. Se kertoo, ett\u00e4 vuokralaisella on nyt valttikortit k\u00e4dess\u00e4\u00e4n.<\/p>\n<p>4.12. 17:45<\/p>\n<p class=\"article-body mb-nof-24 px-nof-16\">Asuntojen vuokraaminen aiheutti viime vuonna yksityisille vuokranantajille enn\u00e4tyksellisen suuret tappiot. T\u00e4m\u00e4 selvi\u00e4\u00e4 Verohallinnon tuoreista tilastoista.<\/p>\n<p class=\"article-body mb-nof-24 px-nof-16\">Verottajan tilastojen mukaan osakehuoneistojen vuokrauksesta ilmoitettujen tappioiden m\u00e4\u00e4r\u00e4 nousi viime vuonna jo yli 237 miljoonaan euroon. Ilmoitettujen tappioiden m\u00e4\u00e4r\u00e4\u00e4 on tilastoitu vuodesta 2018. Viel\u00e4 tuolloin vuokraustoiminnan tappiot j\u00e4iv\u00e4t vajaaseen 109 miljoonaan euroon.<\/p>\n","protected":false},"excerpt":{"rendered":"Asuntomarkkina|Yksityiset vuokranantajat k\u00e4rsiv\u00e4t viime vuonna enn\u00e4tyksellisen suuret tappiot. Se kertoo, ett\u00e4 vuokralaisella on nyt valttikortit k\u00e4dess\u00e4\u00e4n. 4.12. 17:45&hellip;\n","protected":false},"author":2,"featured_media":108149,"comment_status":"","ping_status":"","sticky":false,"template":"","format":"standard","meta":{"footnotes":""},"categories":[12],"tags":[22,23,26,27,33,31,30,17,46,24,25,28,29,15,18,21,32,19,20,16],"class_list":{"0":"post-108148","1":"post","2":"type-post","3":"status-publish","4":"format-standard","5":"has-post-thumbnail","7":"category-suomi","8":"tag-breaking-news","9":"tag-breakingnews","10":"tag-featured-news","11":"tag-featurednews","12":"tag-fi","13":"tag-finland","14":"tag-finnish","15":"tag-headlines","16":"tag-helsingin-sanomat","17":"tag-latest-news","18":"tag-latestnews","19":"tag-main-news","20":"tag-mainnews","21":"tag-news","22":"tag-otsikot","23":"tag-paauutiset","24":"tag-suomi","25":"tag-top-stories","26":"tag-topstories","27":"tag-uutiset"},"share_on_mastodon":{"url":"https:\/\/pubeurope.com\/@fi\/115665292781333824","error":""},"_links":{"self":[{"href":"https:\/\/www.europesays.com\/fi\/wp-json\/wp\/v2\/posts\/108148","targetHints":{"allow":["GET"]}}],"collection":[{"href":"https:\/\/www.europesays.com\/fi\/wp-json\/wp\/v2\/posts"}],"about":[{"href":"https:\/\/www.europesays.com\/fi\/wp-json\/wp\/v2\/types\/post"}],"author":[{"embeddable":true,"href":"https:\/\/www.europesays.com\/fi\/wp-json\/wp\/v2\/users\/2"}],"replies":[{"embeddable":true,"href":"https:\/\/www.europesays.com\/fi\/wp-json\/wp\/v2\/comments?post=108148"}],"version-history":[{"count":0,"href":"https:\/\/www.europesays.com\/fi\/wp-json\/wp\/v2\/posts\/108148\/revisions"}],"wp:featuredmedia":[{"embeddable":true,"href":"https:\/\/www.europesays.com\/fi\/wp-json\/wp\/v2\/media\/108149"}],"wp:attachment":[{"href":"https:\/\/www.europesays.com\/fi\/wp-json\/wp\/v2\/media?parent=108148"}],"wp:term":[{"taxonomy":"category","embeddable":true,"href":"https:\/\/www.europesays.com\/fi\/wp-json\/wp\/v2\/categories?post=108148"},{"taxonomy":"post_tag","embeddable":true,"href":"https:\/\/www.europesays.com\/fi\/wp-json\/wp\/v2\/tags?post=108148"}],"curies":[{"name":"wp","href":"https:\/\/api.w.org\/{rel}","templated":true}]}}