{"id":108179,"date":"2025-12-05T06:15:09","date_gmt":"2025-12-05T06:15:09","guid":{"rendered":"https:\/\/www.europesays.com\/fi\/108179\/"},"modified":"2025-12-05T06:15:09","modified_gmt":"2025-12-05T06:15:09","slug":"ikoninen-ravintolaketju-tuli-kaikessa-hiljaisuudessa-helsinkiin-tarkoitus-avata-lisaa-paikalliset","status":"publish","type":"post","link":"https:\/\/www.europesays.com\/fi\/108179\/","title":{"rendered":"Ikoninen ravintolaketju tuli kaikessa hiljaisuudessa Helsinkiin \u2013 &#8221;Tarkoitus avata lis\u00e4\u00e4&#8221; | Paikalliset"},"content":{"rendered":"<p>Linkosuo on avannut Vallilan Teollisuuskadulle uuden Rouhea-lounasravintolan. Tamperelaisyritys on hivuttautunut viime vuosina Helsingin katukuvaan yh\u00e4 n\u00e4kyv\u00e4mmin. Sill\u00e4 on ravintolat ennest\u00e4\u00e4n jo Kalasatamassa ja T\u00f6\u00f6l\u00f6nlahdella. Lis\u00e4ksi Etel\u00e4esplanadilla on kahvila.<\/p>\n<p>Vuonna 1936 perustettu Linkosuo on iso br\u00e4ndi Pirkanmaalla. Muuallakin Suomessa sen logo on tuttu muassa Ruissipsi-pussien kyljest\u00e4.<\/p>\n<p>\u2013\u2009Meid\u00e4n on tarkoitus avata p\u00e4\u00e4kaupunkiseudulle lis\u00e4\u00e4 ravintoloita. . Etsimme sopivia kohteita erityisesti Helsingist\u00e4, mutta my\u00f6s Espoo ja Vantaa kiinnostavat, toimitusjohtaja <strong>Jyrki Karlsson <\/strong>kertoo Helsingin Uutisille.<\/p>\n<p>\t\t<a class=\"diks-gallery__link\" href=\"https:\/\/i.media.fi\/incoming\/h9xztc\/11182252.jpg\/alternates\/FREE_1440\/11182252.jpg\" data-thumbnail=\"\" data-sub-html=\"Rouhean lounastarjontaa. Linkosuo\" aria-label=\"Katso isompi kuva\" rel=\"nofollow noopener\" target=\"_blank\"><br \/>\n\t\t\t\t<img class=\"diks-figure__image\" src=\"https:\/\/www.europesays.com\/fi\/wp-content\/uploads\/2025\/12\/11182252.jpg\" loading=\"lazy\" decoding=\"sync\" alt=\"\"\/><\/p>\n<p>\t\t\t<\/a><br \/>\n\t\t\t\t\tRouhean lounastarjontaa. Linkosuo<\/p>\n<p>Ketjulla on nyt yhteens\u00e4 14 ravintolaa ja kahvilaa. Toimitusjohtaja sanoo yrityksen etsiv\u00e4n merkitt\u00e4v\u00e4\u00e4 kasvua, mutta j\u00e4ttitoimija se ei halua olla jatkossakaan.<\/p>\n<blockquote class=\"voice-no-read rs_skip diks-blockquote\">\n<p class=\"diks-blockquote__text\">Perheyhti\u00f6n\u00e4 haluamme pysy\u00e4 suhteellisen pienen\u00e4 toimijana.<\/p>\n<p>Jyrki Karlsson<\/p><\/blockquote>\n<p>\u2013\u2009Perheyhti\u00f6n\u00e4 haluamme pysy\u00e4 suhteellisen pienen\u00e4 toimijana. Ei satoja paikkoja vaan ennemmin muutamia kymmeni\u00e4.<\/p>\n<p>\t\t<a class=\"diks-gallery__link\" href=\"https:\/\/i.media.fi\/incoming\/yy0f5a\/11184145.jpg\/alternates\/FREE_1440\/11184145.jpg\" data-thumbnail=\"https:\/\/i.media.fi\/incoming\/yy0f5a\/11184145.jpg\/alternates\/SQUARE_240\/11184145.jpg\" data-sub-html=\"Linkosuon kahvila sijaitsee Etel\u00e4espalla. Klikkaamalla kuvaa voit katsoa lis\u00e4\u00e4 kuvia kahvilasta. Kari Palsila\" aria-label=\"Katso isompi kuva\" rel=\"nofollow noopener\" target=\"_blank\"><br \/>\n\t\t\t\t<img class=\"diks-figure__image\" src=\"https:\/\/www.europesays.com\/fi\/wp-content\/uploads\/2025\/12\/11184145.jpg\" loading=\"lazy\" decoding=\"sync\" alt=\"\"\/><\/p>\n<p> 2<\/p>\n<p>\t\t\t<\/a><br \/>\n\t\t\t\t\tLinkosuon kahvila sijaitsee Etel\u00e4espalla. Klikkaamalla kuvaa voit katsoa lis\u00e4\u00e4 kuvia kahvilasta. Kari Palsila\t\t\t\t\t\t\t\t<\/p>\n<p><strong class=\"diks-storyline__impact\">Saako<\/strong> Helsingin Linkosuon lounaalla tamperelaista mustamakkaraa?<\/p>\n<p>\u2013\u2009On joskus kokeiltu, mutta paikallisten makutottumukset ovat Helsingiss\u00e4 erilaisia, toimitusjohtaja vastaa.<\/p>\n<p>\t\t<a class=\"diks-gallery__link\" href=\"https:\/\/i.media.fi\/incoming\/wga8qv\/11182401.jpg\/alternates\/FREE_1440\/11182401.jpg\" data-thumbnail=\"\" data-sub-html=\"Linkosuon Snygg-ravintola sijaitsee Verko-toimistorakennuskessa Kalasataman ja S\u00f6rn\u00e4isten rajalla. Jaakko Sandqvist\" aria-label=\"Katso isompi kuva\" rel=\"nofollow noopener\" target=\"_blank\"><br \/>\n\t\t\t\t<img class=\"diks-figure__image\" src=\"https:\/\/www.europesays.com\/fi\/wp-content\/uploads\/2025\/12\/11182401.jpg\" loading=\"lazy\" decoding=\"sync\" alt=\"\"\/><\/p>\n<p>\t\t\t<\/a><br \/>\n\t\t\t\t\tLinkosuon Snygg-ravintola sijaitsee Verko-toimistorakennuskessa Kalasataman ja S\u00f6rn\u00e4isten rajalla. Jaakko Sandqvist<\/p>\n<p>Et\u00e4ty\u00f6n vuoksi Uudellamaalla lounasravintoloista, joukkoliikenteest\u00e4 ja toimistoista katoaa yhteens\u00e4 jopa satojen miljoonien eurojen verran tuloja vuodessa, selvi\u00e4\u00e4 EK:n ja MaRan tilaamasta selvityksest\u00e4.<\/p>\n<p><strong class=\"diks-storyline__impact\">Hyv\u00e4 <\/strong>lounasravintola houkuttelee ihmisi\u00e4 l\u00e4hity\u00f6h\u00f6n, Karlsson uskoo.<\/p>\n<p>\u2013\u2009Olemme n\u00e4hneet, ett\u00e4 konttoreille on palattu tekem\u00e4\u00e4n t\u00f6it\u00e4. Ja kun konttorille tullaan, niin omien mikroruokien sy\u00f6misen sijaan l\u00e4hdet\u00e4\u00e4n entist\u00e4 todenn\u00e4k\u00f6isemmin lounasravintolaan. Se on t\u00e4rke\u00e4 sosiaalinen tapahtuma.<\/p>\n<p> Mara:n toimitusjohtaja\u00a0Timo Lappi\u00a0<a href=\"https:\/\/www.vantaansanomat.fi\/paikalliset\/9051811\" rel=\"nofollow noopener\" target=\"_blank\">arvioi <\/a>et\u00e4ty\u00f6n vaikutuksia <a href=\"https:\/\/www.vantaansanomat.fi\/paikalliset\/9051811\" rel=\"nofollow noopener\" target=\"_blank\">Vantaan Sanomien<\/a> haastattelussa.<\/p>\n<p>\u2013\u2009Et\u00e4ty\u00f6 ei ole syntipukki kaikkeen, mutta se on yksi iso tekij\u00e4, kun mietit\u00e4\u00e4n, miksi Helsingin keskusta ja p\u00e4\u00e4kaupunkiseudun ravintolat yskiv\u00e4t, vaikka muualla Euroopassa ala on jo yli vuoden 2019 tason,<\/p>\n<p>Hiljaisimpia p\u00e4ivi\u00e4 Linkosuonkin lounasravintoloissa ovat maanantait ja perjantait.<\/p>\n<p>\u2013\u2009Perjantaisin asiakkaita houkutellaan esimerkiksi burgereilla ja katuruoalla. Kiinteist\u00f6tkin ovat toivoneet, ett\u00e4 perjantaisin olisi jotain erilaisempaa, jotta saadaan houkuteltua ihmisi\u00e4 t\u00f6ihin.<\/p>\n","protected":false},"excerpt":{"rendered":"Linkosuo on avannut Vallilan Teollisuuskadulle uuden Rouhea-lounasravintolan. Tamperelaisyritys on hivuttautunut viime vuosina Helsingin katukuvaan yh\u00e4 n\u00e4kyv\u00e4mmin. Sill\u00e4 on&hellip;\n","protected":false},"author":2,"featured_media":108180,"comment_status":"","ping_status":"","sticky":false,"template":"","format":"standard","meta":{"footnotes":""},"categories":[12],"tags":[22,23,400,26,27,33,31,30,17,3721,20298,104,24,25,28,29,15,18,21,402,3722,900,32,19,20,16],"class_list":{"0":"post-108179","1":"post","2":"type-post","3":"status-publish","4":"format-standard","5":"has-post-thumbnail","7":"category-suomi","8":"tag-breaking-news","9":"tag-breakingnews","10":"tag-espoo","11":"tag-featured-news","12":"tag-featurednews","13":"tag-fi","14":"tag-finland","15":"tag-finnish","16":"tag-headlines","17":"tag-helsingin-ravintolat","18":"tag-helsingin-uudet-ravintolat","19":"tag-helsinki","20":"tag-latest-news","21":"tag-latestnews","22":"tag-main-news","23":"tag-mainnews","24":"tag-news","25":"tag-otsikot","26":"tag-paauutiset","27":"tag-rakentaminen-kiinteistot","28":"tag-ravitsemusala","29":"tag-ruoka","30":"tag-suomi","31":"tag-top-stories","32":"tag-topstories","33":"tag-uutiset"},"share_on_mastodon":{"url":"https:\/\/pubeurope.com\/@fi\/115665497394927418","error":""},"_links":{"self":[{"href":"https:\/\/www.europesays.com\/fi\/wp-json\/wp\/v2\/posts\/108179","targetHints":{"allow":["GET"]}}],"collection":[{"href":"https:\/\/www.europesays.com\/fi\/wp-json\/wp\/v2\/posts"}],"about":[{"href":"https:\/\/www.europesays.com\/fi\/wp-json\/wp\/v2\/types\/post"}],"author":[{"embeddable":true,"href":"https:\/\/www.europesays.com\/fi\/wp-json\/wp\/v2\/users\/2"}],"replies":[{"embeddable":true,"href":"https:\/\/www.europesays.com\/fi\/wp-json\/wp\/v2\/comments?post=108179"}],"version-history":[{"count":0,"href":"https:\/\/www.europesays.com\/fi\/wp-json\/wp\/v2\/posts\/108179\/revisions"}],"wp:featuredmedia":[{"embeddable":true,"href":"https:\/\/www.europesays.com\/fi\/wp-json\/wp\/v2\/media\/108180"}],"wp:attachment":[{"href":"https:\/\/www.europesays.com\/fi\/wp-json\/wp\/v2\/media?parent=108179"}],"wp:term":[{"taxonomy":"category","embeddable":true,"href":"https:\/\/www.europesays.com\/fi\/wp-json\/wp\/v2\/categories?post=108179"},{"taxonomy":"post_tag","embeddable":true,"href":"https:\/\/www.europesays.com\/fi\/wp-json\/wp\/v2\/tags?post=108179"}],"curies":[{"name":"wp","href":"https:\/\/api.w.org\/{rel}","templated":true}]}}