{"id":108187,"date":"2025-12-05T06:32:08","date_gmt":"2025-12-05T06:32:08","guid":{"rendered":"https:\/\/www.europesays.com\/fi\/108187\/"},"modified":"2025-12-05T06:32:08","modified_gmt":"2025-12-05T06:32:08","slug":"peltirumpu-tiskiratti-on-mulla-unelma-ismo-alanko-ja-jukka-orma-kertovat-sielun-veljien-klassikkobiiseista","status":"publish","type":"post","link":"https:\/\/www.europesays.com\/fi\/108187\/","title":{"rendered":"Peltirumpu, Tiskir\u00e4tti, On mulla unelma&#8230; Ismo Alanko ja Jukka Orma kertovat Sielun Veljien klassikkobiiseist\u00e4"},"content":{"rendered":"<p>Joko on Soundin 10\/25 Sielun Veljet -artikkeli tarkastettu? Kannattaisi olla, sill\u00e4 t\u00e4m\u00e4 Ari V\u00e4nt\u00e4sen toimittama haastattelu on erinomaisen kiinnostavaa luettavaa erityisesti kaikille L\u2019amourha-levyn yst\u00e4ville. Juttu tehtiin albumin 40-vuotissyntt\u00e4reiden kunniaksi, ja artikkelissa Ismo Alanko ja Jukka Orma kertovat seikkaper\u00e4isesti julkaisun tekoprosessista sek\u00e4 kappaleista.<\/p>\n<p>Kovaa kamaahan levyll\u00e4 on vaikka kuinka: Peltirumpu soi edelleen rock-orientoituneilla radioasemilla, Tiskir\u00e4tti muistetaan kummallisen ylv\u00e4\u00e4st\u00e4 kertos\u00e4keest\u00e4\u00e4n ja levyn b-puolen aloittanut On mulla unelma aiheutti pahennusta \u201dpyyhin perseeni Siniristilipulla\u201d -sanoituksineen. Julkaisemme nyt verkkosivuilla jutusta katkelman, jossa tekij\u00e4kaksikko puhuu n\u00e4iden biisien synnyst\u00e4. Lue loput lehdest\u00e4!<\/p>\n<p>Lue my\u00f6s: <a href=\"https:\/\/www.soundi.fi\/uutiset\/tarina-siita-miten-sielun-veljet-kaappasi-silu-seppalan-ulkomaille-jossain-vaiheessa-me-annettiin-silun-soittaa-tyttoystavalleen\/\" title=\"Tarina siit\u00e4, miten Sielun Veljet kaappasi Silu Sepp\u00e4l\u00e4n ulkomaille: \u201dJossain vaiheessa me annettiin Silun soittaa tytt\u00f6yst\u00e4v\u00e4lleen\u201d\" class=\"underline-custom !font-montserrat !font-bold !underline-offset-4 !decoration-4 !decoration-tilt-light\" rel=\"nofollow noopener\" target=\"_blank\">Tarina siit\u00e4, miten Sielun Veljet kaappasi Silu Sepp\u00e4l\u00e4n ulkomaille: \u201dJossain vaiheessa me annettiin Silun soittaa tytt\u00f6yst\u00e4v\u00e4lleen\u201d<\/a><\/p>\n<p>Lue my\u00f6s: <a href=\"https:\/\/www.soundi.fi\/jutut\/soundi-10-25-sielun-veljet-orvokki-max-cavalera-ratto-ja-lehtisalo-shiraz-lane\/\" title=\"Soundi 10\/25: Sielun Veljet, Orvokki, Max Cavalera, R\u00e4tt\u00f6 ja Lehtisalo, Shiraz Lane\u2026\" class=\"underline-custom !font-montserrat !font-bold !underline-offset-4 !decoration-4 !decoration-tilt-light\" rel=\"nofollow noopener\" target=\"_blank\">Soundi 10\/25: Sielun Veljet, Orvokki, Max Cavalera, R\u00e4tt\u00f6 ja Lehtisalo, Shiraz Lane\u2026<\/a><\/p>\n<p>L\u2019amourhan tunnetuin biisi on Peltirumpu. Se on suomalaisen rockin klassikko, jyt\u00e4\u00e4v\u00e4 riffibiisi ja tarttuva listahitti. Aluksi se oli kuitenkin jotakin aivan muuta: Alanko muistelee s\u00e4velt\u00e4neens\u00e4 kappaleen kosketinsoittimella er\u00e4\u00e4nlaiseksi balladiksi. Orma muistaa, milloin kuuli biisin ensi kertaa.<\/p>\n<p>\u2013 Kun Ismo soitti Peltirummun meille ekan kerran treeneiss\u00e4, ajattelin, ett\u00e4 nyt on Mozartia. Siin\u00e4 oli romanttisen klasarimusiikin tuntua ja kertsiss\u00e4 perinteinen kvinttikierto, Orma kertoo.<\/p>\n<p>Tribalistinen glam rock -jytke sovitettiin Peltirumpuun vasta treenik\u00e4mp\u00e4ll\u00e4. Vaikka biisiss\u00e4 oli tarttumapintaa ja imua, Alanko ei arvannut sit\u00e4 hitiksi.<\/p>\n<p>\u2013 Ei sit\u00e4 voi koskaan tiet\u00e4\u00e4. Paitsi Hassisen Koneen Rappiolla-biisin tehty\u00e4ni kyll\u00e4 tiesin. Aiemmille Siekkari-levyille haettiin h\u00e4m\u00e4r\u00e4mpi\u00e4 ratkaisuja kuin L\u2019amourhalle. Niilt\u00e4 jopa poistettiin juttuja, jotka tuntuivat liian normaaleilta. Esimerkiksi ekan levyn Y\u00f6 erottaa pojasta miehen -biisin kertsi oli alun perin paljon kauniimpi.<\/p>\n<p>L\u2019amourhan biisit L\u2019amour, Tiskir\u00e4tti ja Ik\u00e4v\u00e4 ovat Alangon ja Orman yhdess\u00e4 kirjoittamia. Miehet muistelevat rakennelleensa biisej\u00e4 l\u00e4hinn\u00e4 treeneiss\u00e4 ja keikkabussissa. Orman mukaan Tiskir\u00e4tti tehtiin hotellihuoneessa. Kyseinen kappale yhdistet\u00e4\u00e4n usein basistina ja n\u00e4yttelij\u00e4n\u00e4 tunnettuun Silu Sepp\u00e4l\u00e4\u00e4n.<\/p>\n<p>\u2013 Silulla oli tapana ruoskia itse\u00e4\u00e4n henkisesti. Kerran se kutsui itse\u00e4\u00e4n tiskir\u00e4tiksi, ja siit\u00e4 tuli biisin nimi. Mutta se ei pid\u00e4 paikkaansa, ett\u00e4 kertos\u00e4keen fraasi olisi kokonaisuudessaan per\u00e4isin Silun suusta, Alanko sanoo.<\/p>\n<p>L\u2019amourhan kohubiisi on On mulla unelma, joka joutui Yleisradiossa soittokieltoon lippua h\u00e4p\u00e4isev\u00e4n sanoituksensa vuoksi.<\/p>\n<p>\u2013 Se kohutuin rivi \u201dm\u00e4 pyyhin perseeni Siniristilipulla\u201d syntyi aika yll\u00e4tt\u00e4v\u00e4sti. Kirjoitin sen barcelonalaisessa baarissa fiilistelless\u00e4ni pieness\u00e4 nousussa, ett\u00e4 onpa hauskaa olla Espanjassa eik\u00e4 Suomessa. Ei se sen kummempi asia alun perin ollut, Alanko sanoo.<\/p>\n<p>Biisiss\u00e4 on paljon muutakin sis\u00e4lt\u00f6\u00e4. Sen nimi viittaa Martin Luther Kingin puheeseen ja sanoitus antaa kyyti\u00e4 suurvaltojen lipuille ja maiden v\u00e4lisille rajoille.<\/p>\n<p>\u2013 Biisi kertoi sen ajan maailmasta ja siit\u00e4, miten vaikeaa silloin oli matkustaa rajojen yli. Nykyinen avoin Eurooppa oli pelkk\u00e4 haavekuva. Siin\u00e4 mieless\u00e4 On mulla unelma oli huuto vapaudelle, Alanko sanoo.<\/p>\n<p>Kappaleesta l\u00f6ytyy my\u00f6s kiihkois\u00e4nmaallisuuden kritiikki\u00e4 ja sukupolvikapinaa.<\/p>\n<p>\u2013 Se oli provokatiivinen statement edellisen sukupolven koti, uskonto, is\u00e4nmaa -paatosta vastaan. Siin\u00e4 korostettiin samassa veneess\u00e4 olemista ja ihmisten yhteisyytt\u00e4. Soitan sit\u00e4 nykyisin soolokeikoillani hiljaisena versiona. Symboliikka toimii, vaikka aikakaudet vaihtuvat, Alanko sanoo.<\/p>\n<p>On mulla unelma on Alangolle selke\u00e4sti mieleinen biisi. H\u00e4n intoutuu kertomaan sen soinnuista, viittauksista, melodioista ja ovelista yksityiskohdista. Sitten h\u00e4n pys\u00e4htyy kysym\u00e4\u00e4n Ormalta, mit\u00e4 mielt\u00e4 t\u00e4m\u00e4 oli kappaleesta.<\/p>\n<p>\u2013 Se on ihan saatanan tanakka rokkibiisi ja mielt\u00e4ylent\u00e4v\u00e4 statement. Mist\u00e4 tuli mieleen, ett\u00e4 muutama vuosi sitten pystytin landelle omin k\u00e4sin lipputangon ja vedin Siniristilipun juhannuksena salkoon. Oli pakko l\u00e4hett\u00e4\u00e4 Ismolle kuva, ett\u00e4 t\u00e4m\u00e4n verran on meininki muuttunut, Orma nauraa.\u00a0<\/p>\n","protected":false},"excerpt":{"rendered":"Joko on Soundin 10\/25 Sielun Veljet -artikkeli tarkastettu? Kannattaisi olla, sill\u00e4 t\u00e4m\u00e4 Ari V\u00e4nt\u00e4sen toimittama haastattelu on erinomaisen&hellip;\n","protected":false},"author":2,"featured_media":108188,"comment_status":"","ping_status":"","sticky":false,"template":"","format":"standard","meta":{"footnotes":""},"categories":[132],"tags":[137,33,31,30,2382,195,47,32,109],"class_list":{"0":"post-108187","1":"post","2":"type-post","3":"status-publish","4":"format-standard","5":"has-post-thumbnail","7":"category-musiikki","8":"tag-entertainment","9":"tag-fi","10":"tag-finland","11":"tag-finnish","12":"tag-haastattelu","13":"tag-music","14":"tag-musiikki","15":"tag-suomi","16":"tag-viihde"},"share_on_mastodon":{"url":"https:\/\/pubeurope.com\/@fi\/115665563995751787","error":""},"_links":{"self":[{"href":"https:\/\/www.europesays.com\/fi\/wp-json\/wp\/v2\/posts\/108187","targetHints":{"allow":["GET"]}}],"collection":[{"href":"https:\/\/www.europesays.com\/fi\/wp-json\/wp\/v2\/posts"}],"about":[{"href":"https:\/\/www.europesays.com\/fi\/wp-json\/wp\/v2\/types\/post"}],"author":[{"embeddable":true,"href":"https:\/\/www.europesays.com\/fi\/wp-json\/wp\/v2\/users\/2"}],"replies":[{"embeddable":true,"href":"https:\/\/www.europesays.com\/fi\/wp-json\/wp\/v2\/comments?post=108187"}],"version-history":[{"count":0,"href":"https:\/\/www.europesays.com\/fi\/wp-json\/wp\/v2\/posts\/108187\/revisions"}],"wp:featuredmedia":[{"embeddable":true,"href":"https:\/\/www.europesays.com\/fi\/wp-json\/wp\/v2\/media\/108188"}],"wp:attachment":[{"href":"https:\/\/www.europesays.com\/fi\/wp-json\/wp\/v2\/media?parent=108187"}],"wp:term":[{"taxonomy":"category","embeddable":true,"href":"https:\/\/www.europesays.com\/fi\/wp-json\/wp\/v2\/categories?post=108187"},{"taxonomy":"post_tag","embeddable":true,"href":"https:\/\/www.europesays.com\/fi\/wp-json\/wp\/v2\/tags?post=108187"}],"curies":[{"name":"wp","href":"https:\/\/api.w.org\/{rel}","templated":true}]}}