{"id":108211,"date":"2025-12-05T07:06:11","date_gmt":"2025-12-05T07:06:11","guid":{"rendered":"https:\/\/www.europesays.com\/fi\/108211\/"},"modified":"2025-12-05T07:06:11","modified_gmt":"2025-12-05T07:06:11","slug":"stubbilta-pysayttava-teksti-uhkakuvista-yksi-asia-heratti-asiantuntijan-erityishuomion-iltalehti","status":"publish","type":"post","link":"https:\/\/www.europesays.com\/fi\/108211\/","title":{"rendered":"Stubbilta pys\u00e4ytt\u00e4v\u00e4 teksti uhkakuvista \u2013 Yksi asia her\u00e4tti asiantuntijan erityishuomion &#8211; Iltalehti"},"content":{"rendered":"<ol>\n<li><a href=\"https:\/\/news.google.com\/rss\/articles\/CBMifEFVX3lxTE91QmF0MU5oRUl5eUlVVDhQSURaeDFvV3c4UElnN0g0T1NpRmozVXBlME9PR3BlQUFEX0J2dW0zNnh2SnZzTTAzdkhFVG5oLThzdnlvWHhRQndudUNPanNlLXVEUmw4Wm5ZWS1aT0dJdHpiUEdUUnJsejctcmo?oc=5\" target=\"_blank\" rel=\"nofollow noopener\">Stubbilta pys\u00e4ytt\u00e4v\u00e4 teksti uhkakuvista \u2013 Yksi asia her\u00e4tti asiantuntijan erityishuomion<\/a>&nbsp;&nbsp;Iltalehti<\/li>\n<li><a href=\"https:\/\/news.google.com\/rss\/articles\/CBMiYEFVX3lxTE9uQmJBTlo3eWV1Rk41VG9NQmdlNmdDQ2tWYnBPcTNwOEhGVEhrNVB1Z29oVm1iaDRjdjh6UXZIYnk3U2tyRmh4WEV2d05HMXN2bFhVWmNKSXFRbzdod1JIYw?oc=5\" target=\"_blank\" rel=\"nofollow noopener\">Kommentti: Stubbin \u00e4killinen suunnanmuutos her\u00e4tt\u00e4\u00e4 kiusallisia kysymyksi\u00e4<\/a>&nbsp;&nbsp;Ilta-Sanomat<\/li>\n<li><a href=\"https:\/\/news.google.com\/rss\/articles\/CBMiYEFVX3lxTE5abmo2QXNWWEh2SzZDMG9Hb2VidmhQcFBhSmZOMUFkYTZSOTJ6Q0UyTEg1VWhqN0lnM0pPaVZkT0R4SU9hSkJIanlEbng5dE9CZW9JWW00N0tMbUNWSDEwYQ?oc=5\" target=\"_blank\" rel=\"nofollow noopener\">Presidentti | Stubb esitti huolen maailmanj\u00e4rjestyksen murroksesta: \u201dEp\u00e4onnistumisen hinta olisi valtava\u201d<\/a>&nbsp;&nbsp;HS.fi<\/li>\n<li><a href=\"https:\/\/news.google.com\/rss\/articles\/CBMiQkFVX3lxTE52S0RxWTk0VXRIaDl6Qk9OYUF6eFdPWUhMTVI5Q24wVXhRb2U3NkZKWjl3M0tZcTFCWHJzV056Y09pdw?oc=5\" target=\"_blank\" rel=\"nofollow noopener\">Stubb: Ukrainan rauhasta tulee kompromissi<\/a>&nbsp;&nbsp;Yle<\/li>\n<li><a href=\"https:\/\/news.google.com\/rss\/articles\/CBMi6wFBVV95cUxNa1ZXamhxT1FEZTFOR3ppRF9XcW1mZzJ6NmdtWkEtMWlmbmFRQUd0OWxacHhVOVhXNVpZQzRrTjBFVnBfaThvMnJrbnlrOXoyQ19TaHh2TFhyd18tMEhxY1BMeUVNaVpUMl9ENlZ5ZVlXbWhhRFB4TFA4X3Q3RU1ZcjV0dHdER3FqS1Vza1FQSk5GNjl4OFl5VExNNTJaWndMdWdxMHV4RDZzSzRySTNwbmM3LTFqWkNSUE1UVjFjT2lyZTkxX1pzVnVHckF0ZGhCLWlpbzRoaV9CQkVMSHVIUHJGWS1IVHpENGE4?oc=5\" target=\"_blank\" rel=\"nofollow noopener\">P\u00e4\u00e4toimittajan kommentti: Stubbin haastattelu MTV:ll\u00e4 levisi Euroopan mediassa kuin humaus \u2013 ja sille on selv\u00e4 syy<\/a>&nbsp;&nbsp;mtvuutiset.fi<\/li>\n<\/ol>\n","protected":false},"excerpt":{"rendered":"Stubbilta pys\u00e4ytt\u00e4v\u00e4 teksti uhkakuvista \u2013 Yksi asia her\u00e4tti asiantuntijan erityishuomion&nbsp;&nbsp;Iltalehti Kommentti: Stubbin \u00e4killinen suunnanmuutos her\u00e4tt\u00e4\u00e4 kiusallisia kysymyksi\u00e4&nbsp;&nbsp;Ilta-Sanomat Presidentti&hellip;\n","protected":false},"author":2,"featured_media":108212,"comment_status":"","ping_status":"","sticky":false,"template":"","format":"standard","meta":{"footnotes":""},"categories":[14],"tags":[35,22,23,26,27,33,31,30,17,24,25,28,29,15,18,21,142,637,144,886,32,19,20,56,16,638,59,60,61],"class_list":{"0":"post-108211","1":"post","2":"type-post","3":"status-publish","4":"format-standard","5":"has-post-thumbnail","7":"category-ulkomaat","8":"tag-24h","9":"tag-breaking-news","10":"tag-breakingnews","11":"tag-featured-news","12":"tag-featurednews","13":"tag-fi","14":"tag-finland","15":"tag-finnish","16":"tag-headlines","17":"tag-latest-news","18":"tag-latestnews","19":"tag-main-news","20":"tag-mainnews","21":"tag-news","22":"tag-otsikot","23":"tag-paauutiset","24":"tag-poliitikot","25":"tag-politiikka","26":"tag-presidentti","27":"tag-puolueet","28":"tag-suomi","29":"tag-top-stories","30":"tag-topstories","31":"tag-ulkomaat","32":"tag-uutiset","33":"tag-valtiovalta","34":"tag-world","35":"tag-world-news","36":"tag-worldnews"},"share_on_mastodon":{"url":"https:\/\/pubeurope.com\/@fi\/115665697787098907","error":""},"_links":{"self":[{"href":"https:\/\/www.europesays.com\/fi\/wp-json\/wp\/v2\/posts\/108211","targetHints":{"allow":["GET"]}}],"collection":[{"href":"https:\/\/www.europesays.com\/fi\/wp-json\/wp\/v2\/posts"}],"about":[{"href":"https:\/\/www.europesays.com\/fi\/wp-json\/wp\/v2\/types\/post"}],"author":[{"embeddable":true,"href":"https:\/\/www.europesays.com\/fi\/wp-json\/wp\/v2\/users\/2"}],"replies":[{"embeddable":true,"href":"https:\/\/www.europesays.com\/fi\/wp-json\/wp\/v2\/comments?post=108211"}],"version-history":[{"count":0,"href":"https:\/\/www.europesays.com\/fi\/wp-json\/wp\/v2\/posts\/108211\/revisions"}],"wp:featuredmedia":[{"embeddable":true,"href":"https:\/\/www.europesays.com\/fi\/wp-json\/wp\/v2\/media\/108212"}],"wp:attachment":[{"href":"https:\/\/www.europesays.com\/fi\/wp-json\/wp\/v2\/media?parent=108211"}],"wp:term":[{"taxonomy":"category","embeddable":true,"href":"https:\/\/www.europesays.com\/fi\/wp-json\/wp\/v2\/categories?post=108211"},{"taxonomy":"post_tag","embeddable":true,"href":"https:\/\/www.europesays.com\/fi\/wp-json\/wp\/v2\/tags?post=108211"}],"curies":[{"name":"wp","href":"https:\/\/api.w.org\/{rel}","templated":true}]}}