{"id":108215,"date":"2025-12-05T07:08:09","date_gmt":"2025-12-05T07:08:09","guid":{"rendered":"https:\/\/www.europesays.com\/fi\/108215\/"},"modified":"2025-12-05T07:08:09","modified_gmt":"2025-12-05T07:08:09","slug":"yrittajan-ravintolailta-paattyi-rautoihin-rahisi-crocseissa-ja-osti-sivulliselta-kengat-jaloista","status":"publish","type":"post","link":"https:\/\/www.europesays.com\/fi\/108215\/","title":{"rendered":"Yritt\u00e4j\u00e4n ravintolailta p\u00e4\u00e4ttyi rautoihin \u2013 R\u00e4hisi Crocseissa ja osti sivulliselta keng\u00e4t jaloista"},"content":{"rendered":"<p>Lieksalainen yritt\u00e4j\u00e4 uhosi j\u00e4rjest\u00e4v\u00e4ns\u00e4 j\u00e4rjestyksenvalvojalle potkut.<\/p>\n<p><img decoding=\"async\" class=\"image image-show image-preview\" src=\"https:\/\/www.europesays.com\/fi\/wp-content\/uploads\/2025\/12\/427f2f918d461390fe9a2f35b20770819cc057bc5fa916d662d2b5f86f09cbaa.jpg\" alt=\"\"\/><img decoding=\"async\" class=\"image image-show\" src=\"https:\/\/www.europesays.com\/fi\/wp-content\/uploads\/2025\/12\/1764918489_524_427f2f918d461390fe9a2f35b20770819cc057bc5fa916d662d2b5f86f09cbaa.jpg\" alt=\"\"\/><\/p>\n<p>Yritt\u00e4j\u00e4n jalkinevalinta ei kelvannut kuopiolaisen ravintolan j\u00e4rjestyksenvalvojalle. Kuvituskuva. Miia Sir\u00e9n<\/p>\n<p class=\"paragraph\">Tuhansien eurojen sakkoihin johtanut selkkaus sai alkunsa v\u00e4\u00e4r\u00e4nlaisista kengist\u00e4 kes\u00e4ll\u00e4 2023 Kuopiossa.<\/p>\n<p class=\"paragraph\">Lieksalainen 29-vuotias yritt\u00e4j\u00e4 pyrki kuopiolaiseen ravintolaan juhannuksen aatonaattona, kun j\u00e4rjestyksenvalvoja kiinnitti huomiota yritt\u00e4j\u00e4n kenkiin. Ne olivat muoviset Crocsin sandaalit.<\/p>\n<p class=\"paragraph\">J\u00e4rjestyksenvalvoja p\u00e4\u00e4tti, ettei p\u00e4\u00e4st\u00e4 yritt\u00e4j\u00e4\u00e4 sis\u00e4lle ravintolaan h\u00e4nen kenkiens\u00e4 ja h\u00e4iritsev\u00e4n k\u00e4yt\u00f6ksens\u00e4 takia. Tilanne k\u00e4rjistyi sanaharkaksi, jossa j\u00e4rjestyksenvalvojaa uhkailtiin.<\/p>\n<p class=\"paragraph\">Yritt\u00e4j\u00e4 poistui lopulta huudellen uhkauksia j\u00e4rjestyksenvalvojalle. H\u00e4n uhosi tuntevansa ravintolan omistajan ja j\u00e4rjest\u00e4v\u00e4ns\u00e4 j\u00e4rjestyksenvalvojalle potkut.<\/p>\n<p class=\"paragraph\">Yritt\u00e4j\u00e4 meni viereiseen ravintolaan, mutta ei p\u00e4\u00e4ssyt sinnek\u00e4\u00e4n, koska h\u00e4nen r\u00e4hin\u00f6intins\u00e4 oli n\u00e4kynyt ja kuulunut my\u00f6s sinne.<\/p>\n<p class=\"paragraph\">H\u00e4n kuitenkin onnistui ostamaan sivulliselta asiakkaalta keng\u00e4t t\u00e4m\u00e4n jaloista ja palasi ravintolaan, josta oli l\u00e4htenyt.<\/p>\n<p>Yritti purra<\/p>\n<p class=\"paragraph\">Uudet keng\u00e4t eiv\u00e4t auttaneet mit\u00e4\u00e4n.<\/p>\n<p class=\"paragraph\">J\u00e4rjestyksenvalvoja katsoi, ett\u00e4 yritt\u00e4j\u00e4 oli humalassa ja aggressiivinen ja ev\u00e4si h\u00e4nen p\u00e4\u00e4syns\u00e4.<\/p>\n<p class=\"paragraph\">Yritt\u00e4j\u00e4 ja h\u00e4nen seurueensa l\u00e4htiv\u00e4t pois, mutta yritt\u00e4j\u00e4 palasi viel\u00e4 j\u00e4rjestyksenvalvojan luokse pahoittelemaan k\u00e4yt\u00f6st\u00e4\u00e4n.<\/p>\n<p class=\"paragraph\">Yll\u00e4tt\u00e4en h\u00e4n alkoi kuvata j\u00e4rjestyksenvalvojaa, uhkasi l\u00e4hett\u00e4\u00e4 videon t\u00e4m\u00e4n esimiehelle ja t\u00f6n\u00e4isi j\u00e4rjestyksenvalvojaa.<\/p>\n<p class=\"paragraph\">Naapuriravintolan j\u00e4rjestyksenvalvoja huomasi tilanteen ja meni kollegansa avuksi. Yritt\u00e4j\u00e4 otettiin kiinni.<\/p>\n<p class=\"paragraph\">Kun yritt\u00e4j\u00e4\u00e4 raudoitettiin, k\u00e4vi h\u00e4nen suunsa jatkuvasti: apuun tulleen j\u00e4rjestyksenvalvojan mukaan yritt\u00e4j\u00e4 \u201dmussutti\u201d jatkuvasti ja tavoitteli hampaillaan h\u00e4nen k\u00e4tt\u00e4\u00e4n.<\/p>\n<p class=\"paragraph\">Vastarinta oli sen verran voimakasta, ett\u00e4 toiselle j\u00e4rjestyksenvalvojalle tuli polveen mustelmia ja ruhjeita.<\/p>\n<p>Yli 9\u202f000 euron lasku<\/p>\n<p class=\"paragraph\">Pohjois-Savon k\u00e4r\u00e4j\u00e4oikeus tuomitsi 29-vuotiaan miehen j\u00e4rjestyst\u00e4 yll\u00e4pit\u00e4v\u00e4n henkil\u00f6n vastustamisesta 40 p\u00e4iv\u00e4sakkoon.<\/p>\n<p class=\"paragraph\">Yhden p\u00e4iv\u00e4sakon hinta oli 221 euroa, joten miehen maksettavaksi tuli 8\u202f840 euroa. Lis\u00e4ksi maksettavaa tuli l\u00e4hes 500 euron todistelukustannuksista ja 40 euron rikosuhrimaksusta.<\/p>\n<p class=\"paragraph\">Kaikkiaan v\u00e4likohtaus maksoi miehelle melkein 9\u202f400 euroa.<\/p>\n<p class=\"paragraph\">Yritt\u00e4j\u00e4 ei toimittanut k\u00e4r\u00e4j\u00e4oikeudelle kirjallista vastausta, eik\u00e4 saapunut asian k\u00e4sittelyyn.<\/p>\n<p class=\"paragraph\">Keskiviikkona annettu tuomio ei ole lainvoimainen.<\/p>\n","protected":false},"excerpt":{"rendered":"Lieksalainen yritt\u00e4j\u00e4 uhosi j\u00e4rjest\u00e4v\u00e4ns\u00e4 j\u00e4rjestyksenvalvojalle potkut. Yritt\u00e4j\u00e4n jalkinevalinta ei kelvannut kuopiolaisen ravintolan j\u00e4rjestyksenvalvojalle. Kuvituskuva. Miia Sir\u00e9n Tuhansien eurojen&hellip;\n","protected":false},"author":2,"featured_media":108216,"comment_status":"","ping_status":"","sticky":false,"template":"","format":"standard","meta":{"footnotes":""},"categories":[5],"tags":[35,22,23,26,27,33,31,30,17,2288,53,24,25,28,29,15,977,976,18,21,38,32,19,20,16],"class_list":{"0":"post-108215","1":"post","2":"type-post","3":"status-publish","4":"format-standard","5":"has-post-thumbnail","7":"category-otsikot","8":"tag-24h","9":"tag-breaking-news","10":"tag-breakingnews","11":"tag-featured-news","12":"tag-featurednews","13":"tag-fi","14":"tag-finland","15":"tag-finnish","16":"tag-headlines","17":"tag-karajaoikeus","18":"tag-laki-oikeus-ja-rikos","19":"tag-latest-news","20":"tag-latestnews","21":"tag-main-news","22":"tag-mainnews","23":"tag-news","24":"tag-oikeusistuimet","25":"tag-oikeusprosessit","26":"tag-otsikot","27":"tag-paauutiset","28":"tag-rikos","29":"tag-suomi","30":"tag-top-stories","31":"tag-topstories","32":"tag-uutiset"},"share_on_mastodon":{"url":"https:\/\/pubeurope.com\/@fi\/115665705890513976","error":""},"_links":{"self":[{"href":"https:\/\/www.europesays.com\/fi\/wp-json\/wp\/v2\/posts\/108215","targetHints":{"allow":["GET"]}}],"collection":[{"href":"https:\/\/www.europesays.com\/fi\/wp-json\/wp\/v2\/posts"}],"about":[{"href":"https:\/\/www.europesays.com\/fi\/wp-json\/wp\/v2\/types\/post"}],"author":[{"embeddable":true,"href":"https:\/\/www.europesays.com\/fi\/wp-json\/wp\/v2\/users\/2"}],"replies":[{"embeddable":true,"href":"https:\/\/www.europesays.com\/fi\/wp-json\/wp\/v2\/comments?post=108215"}],"version-history":[{"count":0,"href":"https:\/\/www.europesays.com\/fi\/wp-json\/wp\/v2\/posts\/108215\/revisions"}],"wp:featuredmedia":[{"embeddable":true,"href":"https:\/\/www.europesays.com\/fi\/wp-json\/wp\/v2\/media\/108216"}],"wp:attachment":[{"href":"https:\/\/www.europesays.com\/fi\/wp-json\/wp\/v2\/media?parent=108215"}],"wp:term":[{"taxonomy":"category","embeddable":true,"href":"https:\/\/www.europesays.com\/fi\/wp-json\/wp\/v2\/categories?post=108215"},{"taxonomy":"post_tag","embeddable":true,"href":"https:\/\/www.europesays.com\/fi\/wp-json\/wp\/v2\/tags?post=108215"}],"curies":[{"name":"wp","href":"https:\/\/api.w.org\/{rel}","templated":true}]}}