{"id":108225,"date":"2025-12-05T07:32:08","date_gmt":"2025-12-05T07:32:08","guid":{"rendered":"https:\/\/www.europesays.com\/fi\/108225\/"},"modified":"2025-12-05T07:32:08","modified_gmt":"2025-12-05T07:32:08","slug":"vladimir-putin-uhkaa-donbassin-taydella-valtauksella","status":"publish","type":"post","link":"https:\/\/www.europesays.com\/fi\/108225\/","title":{"rendered":"Vladimir Putin uhkaa Donbassin t\u00e4ydell\u00e4 valtauksella"},"content":{"rendered":"<p class=\"ai-optimize-6 ai-optimize-introduction\">Ven\u00e4j\u00e4n presidentti <strong>Vladimir Putin<\/strong> on j\u00e4lleen varoittanut, ett\u00e4 Ukrainan joukkojen on vet\u00e4ydytt\u00e4v\u00e4 Ukrainan it\u00e4iselt\u00e4 Donbassin aluelta tai Ven\u00e4j\u00e4 valtaa sen.<\/p>\n<p class=\"ai-optimize-7\">Putin on toistaiseksi hyl\u00e4nnyt kaikki kompromissit siit\u00e4, miten sota Ukrainassa lopetettaisiin.<\/p>\n<p class=\"ai-optimize-8\">\u2013 Joko vapautamme n\u00e4m\u00e4 alueet voimalla tai Ukrainan joukot poistuvat n\u00e4ilt\u00e4 alueilta, h\u00e4n kertoi India Todaylle. Putin on parhaillaan valtiovierailulla Intiassa.<\/p>\n<p class=\"ai-optimize-8\">Moskova hallitsee noin 85 prosenttia Donbassista.<\/p>\n<p class=\"ai-optimize-9\">Putinin kommenteista uutisoi muun muassa <a href=\"https:\/\/www.bbc.com\/news\/articles\/cgexgwr1wrro\" target=\"_blank\" rel=\"noopener nofollow\">BBC<\/a>.<\/p>\n<p class=\"ai-optimize-10\">Ukrainan presidentti <strong>Volodymyr Zelenskyi<\/strong> on torjunut alueen luovuttamisen.<\/p>\n<p class=\"ai-optimize-11\">Putinin kommentit tulevat sen j\u00e4lkeen, kun Yhdysvaltain presidentti <strong>Donald Trump<\/strong> sanoi tiistain Moskovan-keskustelujen j\u00e4lkeen Yhdysvaltojen rauhansuunnitelmasta keskustelleiden neuvottelijoiden uskovan Ven\u00e4j\u00e4n johtajan \u201dhaluavan lopettaa sodan\u201d.<\/p>\n<p class=\"ai-optimize-12\">Trump sanoi tiistaina Kremliss\u00e4 k\u00e4ytyjen keskustelujen olleen \u201dkohtuullisen hyv\u00e4t\u201d ja lis\u00e4si, ett\u00e4 on liian aikaista sanoa, mit\u00e4 tapahtuu, koska \u201dtangoon tarvitaan kaksi\u201d.<\/p>\n<p class=\"ai-optimize-13\">Yhdysvaltain rauhansuunnitelman alkuper\u00e4isess\u00e4 versiossa ehdotettiin Ukrainan hallinnassa olevien Donbassin alueiden luovuttamista Putinin tosiasialliseen hallintaan, mutta erityisl\u00e4hettil\u00e4s <strong>Steve Witkoffin<\/strong> tiimi esitteli Moskovassa muokatun version.<\/p>\n<p class=\"ai-optimize-14\">Putin sanoi India Today -lehden haastattelussa ennen Intian valtiovierailua, ettei ollut n\u00e4hnyt uutta versiota ennen keskustelujaan Witkoffin ja Trumpin v\u00e4vyn <strong>Jared Kushnerin<\/strong> kanssa.<\/p>\n<p class=\"ai-optimize-15\">H\u00e4n sanoi my\u00f6s, ett\u00e4 Moskova on eri mielt\u00e4 Yhdysvaltojen suunnitelman osista.<\/p>\n<p class=\"ai-optimize-16\">\u2013 V\u00e4lill\u00e4 sanoimme, ett\u00e4 kyll\u00e4, voimme keskustella t\u00e4st\u00e4, mutta siit\u00e4 emme voi olla yht\u00e4 mielt\u00e4, Putin sanoi.<\/p>\n<p class=\"ai-optimize-17\">H\u00e4n ei nimennyt kiistakohtia. Ainakin kaksi merkitt\u00e4v\u00e4\u00e4 kiistakohtaa on edelleen olemassa: Ven\u00e4j\u00e4n joukkojen valtaaman Ukrainan alueen kohtalo sek\u00e4 Ukrainan turvallisuustakuut.<\/p>\n<p>Poimintoja videosis\u00e4ll\u00f6ist\u00e4mme<\/p>\n<p class=\"ai-optimize-19\">Torstaina saksalainen Der Spiegel -lehti kertoi saaneensa luottamuksellisen transkription puhelinkonferenssista, jossa Euroopan johtajat ilmaisivat huolensa Yhdysvaltojen neuvotteluista.<\/p>\n<p class=\"ai-optimize-21\">Esimerkiksi Saksan liittokanslerin <strong>Friedrich Merzin<\/strong> kerrottiin varoittaneen, ett\u00e4 Zelenskyin on oltava \u201d\u00e4\u00e4rimm\u00e4isen varovainen tulevina p\u00e4ivin\u00e4\u201d.<\/p>\n<p class=\"ai-optimize-26\">Ven\u00e4j\u00e4 aloitti t\u00e4ysimittaisen hy\u00f6kk\u00e4yksen Ukrainaan helmikuussa 2022 ja hallitsee noin 20 prosenttia Ukrainan alueesta.<\/p>\n","protected":false},"excerpt":{"rendered":"Ven\u00e4j\u00e4n presidentti Vladimir Putin on j\u00e4lleen varoittanut, ett\u00e4 Ukrainan joukkojen on vet\u00e4ydytt\u00e4v\u00e4 Ukrainan it\u00e4iselt\u00e4 Donbassin aluelta tai Ven\u00e4j\u00e4&hellip;\n","protected":false},"author":2,"featured_media":108226,"comment_status":"","ping_status":"","sticky":false,"template":"","format":"standard","meta":{"footnotes":""},"categories":[14],"tags":[22,23,26,27,33,31,30,17,24,25,28,29,15,18,21,32,19,20,56,16,987,59,60,61],"class_list":{"0":"post-108225","1":"post","2":"type-post","3":"status-publish","4":"format-standard","5":"has-post-thumbnail","7":"category-ulkomaat","8":"tag-breaking-news","9":"tag-breakingnews","10":"tag-featured-news","11":"tag-featurednews","12":"tag-fi","13":"tag-finland","14":"tag-finnish","15":"tag-headlines","16":"tag-latest-news","17":"tag-latestnews","18":"tag-main-news","19":"tag-mainnews","20":"tag-news","21":"tag-otsikot","22":"tag-paauutiset","23":"tag-suomi","24":"tag-top-stories","25":"tag-topstories","26":"tag-ulkomaat","27":"tag-uutiset","28":"tag-venajan-hyokkays","29":"tag-world","30":"tag-world-news","31":"tag-worldnews"},"share_on_mastodon":{"url":"https:\/\/pubeurope.com\/@fi\/115665800023022295","error":""},"_links":{"self":[{"href":"https:\/\/www.europesays.com\/fi\/wp-json\/wp\/v2\/posts\/108225","targetHints":{"allow":["GET"]}}],"collection":[{"href":"https:\/\/www.europesays.com\/fi\/wp-json\/wp\/v2\/posts"}],"about":[{"href":"https:\/\/www.europesays.com\/fi\/wp-json\/wp\/v2\/types\/post"}],"author":[{"embeddable":true,"href":"https:\/\/www.europesays.com\/fi\/wp-json\/wp\/v2\/users\/2"}],"replies":[{"embeddable":true,"href":"https:\/\/www.europesays.com\/fi\/wp-json\/wp\/v2\/comments?post=108225"}],"version-history":[{"count":0,"href":"https:\/\/www.europesays.com\/fi\/wp-json\/wp\/v2\/posts\/108225\/revisions"}],"wp:featuredmedia":[{"embeddable":true,"href":"https:\/\/www.europesays.com\/fi\/wp-json\/wp\/v2\/media\/108226"}],"wp:attachment":[{"href":"https:\/\/www.europesays.com\/fi\/wp-json\/wp\/v2\/media?parent=108225"}],"wp:term":[{"taxonomy":"category","embeddable":true,"href":"https:\/\/www.europesays.com\/fi\/wp-json\/wp\/v2\/categories?post=108225"},{"taxonomy":"post_tag","embeddable":true,"href":"https:\/\/www.europesays.com\/fi\/wp-json\/wp\/v2\/tags?post=108225"}],"curies":[{"name":"wp","href":"https:\/\/api.w.org\/{rel}","templated":true}]}}