{"id":108229,"date":"2025-12-05T07:34:13","date_gmt":"2025-12-05T07:34:13","guid":{"rendered":"https:\/\/www.europesays.com\/fi\/108229\/"},"modified":"2025-12-05T07:34:13","modified_gmt":"2025-12-05T07:34:13","slug":"kommentti-stubbin-akillinen-suunnanmuutos-herattaa-kiusallisia-kysymyksia","status":"publish","type":"post","link":"https:\/\/www.europesays.com\/fi\/108229\/","title":{"rendered":"Kommentti: Stubbin \u00e4killinen suunnanmuutos her\u00e4tt\u00e4\u00e4 kiusallisia kysymyksi\u00e4"},"content":{"rendered":"<p>Stubb on syyllistynyt itsekin toiveajatteluun, kirjoittaa IS:n politiikan toimittaja Olli Waris.<\/p>\n<p class=\"article-body mb-nof-24 px-nof-16\">Tasavallan presidentti <a class=\"article-personlink\" href=\"https:\/\/www.is.fi\/haku\/?query=Alexander%20Stubb\" rel=\"nofollow noopener\" target=\"_blank\">Alexander Stubb<\/a> <a class=\"article-genericlink\" href=\"https:\/\/www.mtv.fi\/ohjelma\/67605418bfa5f24e8b60\/asian-ytimessa-alexander-stubb\" rel=\"nofollow noopener\" target=\"_blank\">her\u00e4tteli <\/a>keskiviikkona MTV:n Asian ytimess\u00e4 -ohjelmassa suomalaisia ep\u00e4oikeudenmukaiseen rauhaan Ukrainassa.<\/p>\n<p class=\"article-body mb-nof-24 px-nof-16\">\u2013 Realiteettia on se, ett\u00e4 meid\u00e4n suomalaisten on valmistauduttava hetkeen, kun rauha syntyy, ja kaikki ne oikeudenmukaisen rauhan ehdot, joista olemme paljon nelj\u00e4n vuoden aikana puhuneet, eiv\u00e4t tule todenn\u00e4k\u00f6isesti t\u00e4yttym\u00e4\u00e4n, Stubb muotoili.<\/p>\n<p class=\"article-body mb-nof-24 px-nof-16\">Stubb jatkoi suomalaisten ravistelua rauhanv\u00e4litysorganisaatio CMI:n tilaisuudessa.<\/p>\n<p class=\"article-body mb-nof-24 px-nof-16\">\u2013 On aika muuttaa mielenmaisemaamme siit\u00e4 ajatuksesta, ett\u00e4 rauhasta tulee t\u00e4ydellinen, ett\u00e4 t\u00e4st\u00e4 tulee lopullinen voitto, Stubb sanoi.<\/p>\n<p class=\"article-body mb-nof-24 px-nof-16\">Stubb ennakoi, ett\u00e4 Ukrainan rauhasta tulee kompromissi, joka tulee olemaan \u201dmonille meist\u00e4 vaikeaa sulattaa\u201d.<\/p>\n<p class=\"article-body mb-nof-24 px-nof-16\">Stubb lis\u00e4si, ett\u00e4 vaikka \u201dsanomme usein, ett\u00e4 haluamme kest\u00e4v\u00e4n ja oikeudenmukaisen rauhan, mutta jos olemme rehellisi\u00e4 itsellemme, rauha on melko harvoin oikeudenmukainen\u201d.<\/p>\n<p><img decoding=\"async\" src=\"https:\/\/www.europesays.com\/fi\/wp-content\/uploads\/2025\/12\/1764920051_346_468.jpg\" alt=\"\u2013 Meid\u00e4n pit\u00e4\u00e4 varmistua Ukrainan kohdalla, ett\u00e4 he saavat pit\u00e4\u00e4 itsen\u00e4isyytens\u00e4, suvereniteettinsa ja alueellisen koskemattomuutensa. Meid\u00e4n t\u00e4ytyy ymm\u00e4rt\u00e4\u00e4 my\u00f6s, ett\u00e4 mik\u00e4 viimeinen p\u00e4\u00e4t\u00f6s alueista onkaan, ukrainalaiset tekev\u00e4t p\u00e4\u00e4t\u00f6ksen itse, Stubb sanoi CMI:n tilaisuudessa.\" class=\"_Img_1rerz_1\" style=\"aspect-ratio:1.5\" loading=\"eager\"\/><\/p>\n<p class=\"article-picture-caption\">\u2013 Meid\u00e4n pit\u00e4\u00e4 varmistua Ukrainan kohdalla, ett\u00e4 he saavat pit\u00e4\u00e4 itsen\u00e4isyytens\u00e4, suvereniteettinsa ja alueellisen koskemattomuutensa. Meid\u00e4n t\u00e4ytyy ymm\u00e4rt\u00e4\u00e4 my\u00f6s, ett\u00e4 mik\u00e4 viimeinen p\u00e4\u00e4t\u00f6s alueista onkaan, ukrainalaiset tekev\u00e4t p\u00e4\u00e4t\u00f6ksen itse, Stubb sanoi CMI:n tilaisuudessa. Kuva:\u00a0Seppo K\u00e4rki \/ IS<\/p>\n<p class=\"article-body mb-nof-24 px-nof-16\">Stubbin ulostulossa on kyse merkitt\u00e4v\u00e4st\u00e4 retorisesta muutoksesta, sill\u00e4 Stubb on n\u00e4ytt\u00e4ytynyt Ukrainan suhteen vahvana optimistina.<\/p>\n<p class=\"article-body mb-nof-24 px-nof-16\">Otetaan pieni kertaus.<\/p>\n<p class=\"article-body mb-nof-24 px-nof-16\">Maaliskuun lopussa kuuluisan golfmatkansa j\u00e4lkimainingeissa Stubb<a class=\"article-genericlink\" href=\"https:\/\/www.hs.fi\/politiikka\/art-2000011136408.html\" rel=\"nofollow noopener\" target=\"_blank\"> arvioi<\/a>, ett\u00e4 Yhdysvaltojen presidentin <a class=\"article-personlink\" href=\"https:\/\/www.is.fi\/haku\/?query=Donald%20Trumpin\" rel=\"nofollow noopener\" target=\"_blank\">Donald Trumpin<\/a> k\u00e4rsiv\u00e4llisyys Ven\u00e4j\u00e4n ja presidentti <a class=\"article-personlink\" href=\"https:\/\/www.is.fi\/haku\/?query=Vladimir%20Putinin\" rel=\"nofollow noopener\" target=\"_blank\">Vladimir Putinin<\/a> suhteen on loppumassa.<\/p>\n<p><img decoding=\"async\" src=\"https:\/\/www.europesays.com\/fi\/wp-content\/uploads\/2025\/12\/1764920052_310_468.jpg\" alt=\"Stubb golfasi Trumpin kanssa Palm Beachilla maaliskuun lopussa. Stubb on kertonut v\u00e4litt\u00e4neens\u00e4 Trumpille viestin siit\u00e4, ettei Putiniin voi luottaa.\" class=\"_Img_1rerz_1\" style=\"aspect-ratio:0.7494791666666667\" loading=\"eager\"\/><\/p>\n<p class=\"article-picture-caption\">Stubb golfasi Trumpin kanssa Palm Beachilla maaliskuun lopussa. Stubb on kertonut v\u00e4litt\u00e4neens\u00e4 Trumpille viestin siit\u00e4, ettei Putiniin voi luottaa. Kuva:\u00a0Daniel Torok \/ Finnish Presidential Office \/ Zuma \/ MVPhotos<\/p>\n<p class=\"article-body mb-nof-24 px-nof-16\">Toukokuun lopulla Stubb toisti saman viestin.<\/p>\n<p class=\"article-body mb-nof-24 px-nof-16\">Samoihin aikoihin Stubb sanoi, ett\u00e4 yhdysvaltalaissenaattori <a class=\"article-personlink\" href=\"https:\/\/www.is.fi\/haku\/?query=Lindsey%20Graham\" rel=\"nofollow noopener\" target=\"_blank\">Lindsey Graham<\/a> on valmistellut Ven\u00e4j\u00e4lle \u201dluunmurskaavia\u201d pakotteita, mik\u00e4li se ei suostu tulitaukoon.<\/p>\n<p class=\"article-body mb-nof-24 px-nof-16\">Kev\u00e4t ja kes\u00e4 meniv\u00e4t, mutta tulitaukoa ei tullut.<\/p>\n<p class=\"article-body mb-nof-24 px-nof-16\">Hein\u00e4kuun lopussa Trump antoi Putinille 10\u201312 p\u00e4iv\u00e4\u00e4 aikaa lopettaa sodan.<\/p>\n<p class=\"article-body mb-nof-24 px-nof-16\">Kun aikaraja meni umpeen, Trump ei l\u00e4tk\u00e4issyt Ven\u00e4j\u00e4lle murskaavia pakotteita, vaan ilmoitti tapaavansa Putinin Alaskassa.<\/p>\n<p class=\"article-body mb-nof-24 px-nof-16\">Tapaaminen ei johtanut l\u00e4pimurtoon. Sota jatkui.<\/p>\n<p class=\"article-body mb-nof-24 px-nof-16\">Syyskuun alussa Stubbin puheisiin oli tullut h\u00e4iv\u00e4hdys synkkyytt\u00e4.<\/p>\n<p class=\"article-body mb-nof-24 px-nof-16\">Stubb arvioi tuolloin, etteiv\u00e4t Trump, Putin ja Ukrainan presidentti <a class=\"article-personlink\" href=\"https:\/\/www.is.fi\/haku\/?query=Volodymyr%20Zelenskyi\" rel=\"nofollow noopener\" target=\"_blank\">Volodymyr Zelenskyi <\/a>tule tapaamaan l\u00e4hitulevaisuudessa.<\/p>\n<p><img decoding=\"async\" src=\"https:\/\/www.europesays.com\/fi\/wp-content\/uploads\/2025\/12\/1764920053_113_468.jpg\" alt=\"Saksalaislehti Spiegelin mukaan Ranskan presidentti Emmanuel Macron varoitti Euroopan johtajien puhelinkeskustelussa maanantaina, ett\u00e4 Yhdysvallat saattaa \u201dpett\u00e4\u00e4\u201d Ukrainan aluekysymyksiss\u00e4. Kuvassa Ukrainan presidentti Volodymyr Zelenskyi, joka oli mukana puhelussa.\" class=\"_Img_1rerz_1\" style=\"aspect-ratio:1.5\" loading=\"eager\"\/><\/p>\n<p class=\"article-picture-caption\">Saksalaislehti Spiegelin mukaan Ranskan presidentti Emmanuel Macron varoitti Euroopan johtajien puhelinkeskustelussa maanantaina, ett\u00e4 Yhdysvallat saattaa \u201dpett\u00e4\u00e4\u201d Ukrainan aluekysymyksiss\u00e4. Kuvassa Ukrainan presidentti Volodymyr Zelenskyi, joka oli mukana puhelussa. Kuva:\u00a0Valentyn Ogirenko<\/p>\n<p class=\"article-body mb-nof-24 px-nof-16\">Syyskuun loppupuolella Stubb oli j\u00e4lleen toiveikkaampi.<\/p>\n<p class=\"article-body mb-nof-24 px-nof-16\">Syyn\u00e4 oli Trumpin Truth Social -viesti, jossa Trump oli yll\u00e4tt\u00e4en sit\u00e4 mielt\u00e4, ett\u00e4 Ukraina voi voittaa sodan ja saada jopa kaikki menett\u00e4m\u00e4ns\u00e4 maa-alueet takaisin.<\/p>\n<p class=\"article-body mb-nof-24 px-nof-16\">Stubb n\u00e4ki Trumpin viestin mahdollisena k\u00e4\u00e4nnekohtana.<\/p>\n<p class=\"article-body mb-nof-24 px-nof-16\">Stubb katsoi, ett\u00e4 Trump on siirtynyt k\u00e4ytt\u00e4m\u00e4\u00e4n porkkanan sijasta keppi\u00e4. Lokakuun lopulla Yhdysvallat m\u00e4\u00e4r\u00e4sikin Lukoil-yhti\u00f6lle ja sen suoraan tai v\u00e4lillisesti omistamille yhti\u00f6ille pakotteita.<\/p>\n<p class=\"article-body mb-nof-24 px-nof-16\">Stubbin profiili on ollut pienen valtion p\u00e4\u00e4miehelle poikkeuksellisen korkea.<\/p>\n<p class=\"article-body mb-nof-24 px-nof-16\">Kaikesta sukkuloinnista huolimatta viime viikkoina on paljastunut tylyll\u00e4 tavalla, miten mit\u00e4tt\u00f6m\u00e4ksi tekij\u00e4ksi Yhdysvallat ja Ven\u00e4j\u00e4 n\u00e4kev\u00e4t Euroopan Ukrainan kohtalosta p\u00e4\u00e4tett\u00e4ess\u00e4.<\/p>\n<p class=\"article-body mb-nof-24 px-nof-16\">Marraskuun lopulla julkisuuteen vuotanut Yhdysvaltojen ja Ven\u00e4j\u00e4n <a class=\"article-genericlink\" href=\"https:\/\/www.is.fi\/ulkomaat\/art-2000011641316.html\" rel=\"nofollow noopener\" target=\"_blank\">rauhanhahmotelma <\/a>tuli t\u00e4yten\u00e4 yll\u00e4tyksen\u00e4 my\u00f6s Suomen valtiojohdolle.<\/p>\n<p class=\"article-body mb-nof-24 px-nof-16\">Hahmotelmassa mainittiin muun muassa, ett\u00e4 Yhdysvallat tunnustaa Krimin, Luhanskin ja Donetskin ven\u00e4l\u00e4isiksi, Ven\u00e4j\u00e4lt\u00e4 j\u00e4\u00e4dytetyill\u00e4 varoilla tehd\u00e4\u00e4n bisnest\u00e4 Yhdysvaltojen ja Ven\u00e4j\u00e4n v\u00e4lill\u00e4 ja Ukraina suostuu kirjaamaan perustuslakiinsa, ettei se liity Natoon.<\/p>\n<p class=\"article-body mb-nof-24 px-nof-16\">Tilanne her\u00e4tt\u00e4\u00e4 ep\u00e4mukavia kysymyksi\u00e4 Suomessakin.<\/p>\n<p class=\"article-body mb-nof-24 px-nof-16\">Presidentin nokkelasta diplomatiasta on varmasti ollut Suomelle hy\u00f6ty\u00e4, mik\u00e4 on voinut n\u00e4ky\u00e4 esimerkiksi Suomen ja Yhdysvaltojen j\u00e4\u00e4nmurtajakauppoina.<\/p>\n<p class=\"article-body mb-nof-24 px-nof-16\">Voi silti kysy\u00e4, j\u00e4\u00e4k\u00f6 golfdiplomatia suuressa kuvassa poseeraukseksi, jos Trumpin ja Putinin lakeijat solmivat Euroopan sel\u00e4n takana diilej\u00e4, joilla pyrit\u00e4\u00e4n mit\u00e4t\u00f6im\u00e4\u00e4n ukrainalaisten puolustussota?<\/p>\n<p><img decoding=\"async\" src=\"https:\/\/www.europesays.com\/fi\/wp-content\/uploads\/2025\/12\/1764920053_617_468.jpg\" alt=\"Ven\u00e4j\u00e4n presidentti Vladimir Putin ja l\u00e4hettil\u00e4s Kirill Dmitriev tapasivat Trumpin neuvonantajan Jared Kushnerin ja erityisl\u00e4hettil\u00e4\u00e4n Steve Witkoffin Moskovassa tiistaina. Tapaamisesta ei tihkunut niukasti tietoja.\" class=\"_Img_1rerz_1\" style=\"aspect-ratio:1.5\" loading=\"eager\"\/><\/p>\n<p class=\"article-picture-caption\">Ven\u00e4j\u00e4n presidentti Vladimir Putin ja l\u00e4hettil\u00e4s Kirill Dmitriev tapasivat Trumpin neuvonantajan Jared Kushnerin ja erityisl\u00e4hettil\u00e4\u00e4n Steve Witkoffin Moskovassa tiistaina. Tapaamisesta ei tihkunut niukasti tietoja. Kuva:\u00a0ALEXANDER KAZAKOV \/ SPUTNIK \/ KREMLIN POOL<\/p>\n<p class=\"article-body mb-nof-24 px-nof-16\">Trumpin hallinnon kohdalla on tosin otettava huomioon niinkin hullu mahdollisuus, ettei Trump ole ollut itse tietoinen siit\u00e4, mink\u00e4laista rauhanpaperia h\u00e4nen erityisl\u00e4hettil\u00e4\u00e4ns\u00e4 ven\u00e4l\u00e4isten kanssa raapustelee.<\/p>\n<p class=\"article-body mb-nof-24 px-nof-16\">Ep\u00e4selv\u00e4\u00e4 on, mink\u00e4laista paperia on esitelty Moskovassa tiistaina.<\/p>\n<p class=\"article-body mb-nof-24 px-nof-16\">Kun Stubb her\u00e4ttelee suomalaisia huonoon rauhaan ja kannustaa rehellisyyteen, on hyv\u00e4 muistaa, ett\u00e4 Stubb on syyllistynyt itsekin toiveajatteluun.<\/p>\n<p class=\"article-body mb-nof-24 px-nof-16\">Stubb <a class=\"article-genericlink\" href=\"https:\/\/www.is.fi\/politiikka\/art-2000010133623.html\" rel=\"nofollow noopener\" target=\"_blank\">sanoi <\/a>jo presidentinvaalikampanjansa aikana, ett\u00e4 Ukraina on jo voittanut sodan \u201dsiin\u00e4 mieless\u00e4, ett\u00e4 se s\u00e4ilytt\u00e4\u00e4 itsen\u00e4isyytens\u00e4, siit\u00e4 tulee EU:n ja Naton j\u00e4sen ja se on saanut vahvan tuen l\u00e4nnelt\u00e4.\u201d<\/p>\n<p class=\"article-body mb-nof-24 px-nof-16\">EU-j\u00e4senyys olisikin Ukrainalle reilu palkinto, mutta juuri nyt haave vaikuttaa kaukaiselta.<\/p>\n<p class=\"article-body mb-nof-24 px-nof-16\">Ukrainan Nato-j\u00e4senyyteen uskoo tuskin kukaan.<\/p>\n<p class=\"article-body mb-nof-24 px-nof-16\">Realismia Stubb osoitti todetessaan, ettei Suomi voi antaa Ukrainalle turvatakuita \u2013 kuten rauhanhahmotelmaan oli kirjattu.<\/p>\n<p class=\"article-body mb-nof-24 px-nof-16\">Ukrainan turvaj\u00e4rjestelyihin Suomi voi sen sijaan osallistua.<\/p>\n<p class=\"article-body mb-nof-24 px-nof-16\">Suomi ei ole muuttunut Euroopan mahtimaaksi, vaikka itsevarmasti esiintyv\u00e4 Stubb on saanut Suomen n\u00e4ytt\u00e4m\u00e4\u00e4n kokoaan suuremmalta.<\/p>\n<p class=\"article-body mb-nof-24 px-nof-16\">Toivoa sopii, ett\u00e4 Stubb saa k\u00e4ytetty\u00e4 vaikutusvaltaansa Euroopan p\u00e4\u00e4tt\u00e4jiin, sill\u00e4 Yhdysvaltojen vet\u00e4ytyess\u00e4 n\u00e4ytt\u00e4m\u00f6lt\u00e4 Euroopan on pakko ryhdist\u00e4yty\u00e4.<\/p>\n<p class=\"article-body mb-nof-24 px-nof-16\">Tilastot <a class=\"article-genericlink\" href=\"https:\/\/www.kielinstitut.de\/topics\/war-against-ukraine\/ukraine-support-tracker\/\" rel=\"nofollow noopener\" target=\"_blank\">osoittavat<\/a>, ett\u00e4 osa Euroopan maista, kuten Pohjoismaat ja Baltian maat \u2013 johtot\u00e4hten\u00e4 Tanska \u2013 on kantanut kortensa kekoon Ukrainan tukemisessa.<\/p>\n<p class=\"article-body mb-nof-24 px-nof-16\">Samaa ei voi sanoa kaikista Euroopan maista.<\/p>\n<p class=\"article-body mb-nof-24 px-nof-16\">Loppukes\u00e4st\u00e4 Euroopan maiden tuki Ukrainalle <a class=\"article-genericlink\" href=\"https:\/\/www.kielinstitut.de\/publications\/news\/ukraine-support-tracker-military-aid-falls-sharply-despite-new-nato-initiative\/\" rel=\"nofollow noopener\" target=\"_blank\">romahti<\/a>.<\/p>\n<p class=\"article-body mb-nof-24 px-nof-16\">Ukrainalle ratkaisevan t\u00e4rke\u00e4 kysymys Ven\u00e4j\u00e4n j\u00e4\u00e4dytettyjen varojen saamisesta sotaponnisteluiden tueksi on yh\u00e4 ratkaisematta Belgian vastustuksen vuoksi.<\/p>\n<p class=\"article-body mb-nof-24 px-nof-16\">Kokouksia Euroopan johtajat osaavat pit\u00e4\u00e4. T\u00e4rkeit\u00e4 p\u00e4\u00e4t\u00f6ksi\u00e4 syntyy v\u00e4hemm\u00e4n.<\/p>\n","protected":false},"excerpt":{"rendered":"Stubb on syyllistynyt itsekin toiveajatteluun, kirjoittaa IS:n politiikan toimittaja Olli Waris. Tasavallan presidentti Alexander Stubb her\u00e4tteli keskiviikkona MTV:n&hellip;\n","protected":false},"author":2,"featured_media":108230,"comment_status":"","ping_status":"","sticky":false,"template":"","format":"standard","meta":{"footnotes":""},"categories":[5],"tags":[22,23,26,27,33,31,30,17,34,24,25,28,29,15,18,21,32,19,20,16],"class_list":{"0":"post-108229","1":"post","2":"type-post","3":"status-publish","4":"format-standard","5":"has-post-thumbnail","7":"category-otsikot","8":"tag-breaking-news","9":"tag-breakingnews","10":"tag-featured-news","11":"tag-featurednews","12":"tag-fi","13":"tag-finland","14":"tag-finnish","15":"tag-headlines","16":"tag-ilta-sanomat","17":"tag-latest-news","18":"tag-latestnews","19":"tag-main-news","20":"tag-mainnews","21":"tag-news","22":"tag-otsikot","23":"tag-paauutiset","24":"tag-suomi","25":"tag-top-stories","26":"tag-topstories","27":"tag-uutiset"},"share_on_mastodon":{"url":"https:\/\/pubeurope.com\/@fi\/115665808062337804","error":""},"_links":{"self":[{"href":"https:\/\/www.europesays.com\/fi\/wp-json\/wp\/v2\/posts\/108229","targetHints":{"allow":["GET"]}}],"collection":[{"href":"https:\/\/www.europesays.com\/fi\/wp-json\/wp\/v2\/posts"}],"about":[{"href":"https:\/\/www.europesays.com\/fi\/wp-json\/wp\/v2\/types\/post"}],"author":[{"embeddable":true,"href":"https:\/\/www.europesays.com\/fi\/wp-json\/wp\/v2\/users\/2"}],"replies":[{"embeddable":true,"href":"https:\/\/www.europesays.com\/fi\/wp-json\/wp\/v2\/comments?post=108229"}],"version-history":[{"count":0,"href":"https:\/\/www.europesays.com\/fi\/wp-json\/wp\/v2\/posts\/108229\/revisions"}],"wp:featuredmedia":[{"embeddable":true,"href":"https:\/\/www.europesays.com\/fi\/wp-json\/wp\/v2\/media\/108230"}],"wp:attachment":[{"href":"https:\/\/www.europesays.com\/fi\/wp-json\/wp\/v2\/media?parent=108229"}],"wp:term":[{"taxonomy":"category","embeddable":true,"href":"https:\/\/www.europesays.com\/fi\/wp-json\/wp\/v2\/categories?post=108229"},{"taxonomy":"post_tag","embeddable":true,"href":"https:\/\/www.europesays.com\/fi\/wp-json\/wp\/v2\/tags?post=108229"}],"curies":[{"name":"wp","href":"https:\/\/api.w.org\/{rel}","templated":true}]}}