{"id":108242,"date":"2025-12-05T08:00:10","date_gmt":"2025-12-05T08:00:10","guid":{"rendered":"https:\/\/www.europesays.com\/fi\/108242\/"},"modified":"2025-12-05T08:00:10","modified_gmt":"2025-12-05T08:00:10","slug":"gmail-on-saanut-paivitykset-tai-ilmoitukset-nakyman","status":"publish","type":"post","link":"https:\/\/www.europesays.com\/fi\/108242\/","title":{"rendered":"Gmail on saanut p\u00e4ivitykset- tai ilmoitukset-n\u00e4kym\u00e4n"},"content":{"rendered":"<p>N\u00e4kym\u00e4\u00e4 voi kouluttaa tai sen voi ottaa pois p\u00e4\u00e4lt\u00e4.<\/p>\n<p class=\"article-body mb-nof-24 px-nof-16\">Google on muuttanut Gmail-s\u00e4hk\u00f6postinsa n\u00e4kym\u00e4\u00e4. K\u00e4ytt\u00e4jille on tuotu tarjolle uusi p\u00e4ivitykset-niminen n\u00e4kym\u00e4.<\/p>\n<p class=\"article-body mb-nof-24 px-nof-16\">Ominaisuuden jakeleminen tapahtuu porrastetusti. Osa k\u00e4ytt\u00e4jist\u00e4 on sen jo saattanut saada, osa saa my\u00f6hemmin. Google kertoi asiasta alun perin toukokuussa.<\/p>\n<p class=\"article-body mb-nof-24 px-nof-16\">Kyseess\u00e4 on mailin uusi tapa j\u00e4rjestell\u00e4 s\u00e4hk\u00f6posteja. Palvelu tulkitsee, mit\u00e4 viestit eiv\u00e4t vaadi v\u00e4ltt\u00e4m\u00e4tt\u00f6mi\u00e4 toimia ja siirt\u00e4\u00e4 ne p\u00e4ivitykset-kansioon.<\/p>\n<p class=\"article-body mb-nof-24 px-nof-16\">N\u00e4kym\u00e4 tulee tai on jo tullut k\u00e4ytt\u00f6\u00f6n niille, joilla on k\u00e4yt\u00f6ss\u00e4 Gmailissaan ensisijainen-, tarjoukset- ja sosiaaliset verkostot -n\u00e4kym\u00e4t. J\u00e4lkimm\u00e4isiin siirret\u00e4\u00e4n ensimerkiksi uutiskirjeet ja mainokset sek\u00e4 somepalveluiden ilmoitukset. Tarkoitus on pit\u00e4\u00e4 p\u00e4\u00e4kansio siistimp\u00e4n\u00e4 ja helpommin luettavana.<\/p>\n<p class=\"article-body mb-nof-24 px-nof-16\">P\u00e4ivitykset muistuttaa toiminnaltaan muita n\u00e4kymi\u00e4. Uuteen n\u00e4kym\u00e4\u00e4n siirrett\u00e4vi\u00e4 viestej\u00e4 ovat esimerkiksi erilaiset vahvistukset, ilmoitukset ja muistutukset.<\/p>\n<p class=\"article-body mb-nof-24 px-nof-16\">Hieman h\u00e4mmennyst\u00e4 aiheuttaa se, ett\u00e4 kirjoitushetkell\u00e4 uusi n\u00e4kym\u00e4 on Gmailin mobiiliversiossa nimelt\u00e4\u00e4n \u201dp\u00e4ivitykset\u201d ja selainversiossa \u201dilmoitukset\u201d.<\/p>\n<p class=\"article-body mb-nof-24 px-nof-16\">Googlen mukaan Gmailia voi kouluttaa siirt\u00e4m\u00e4ll\u00e4 viestej\u00e4 uuteen n\u00e4kym\u00e4\u00e4n tai sielt\u00e4 pois. N\u00e4in s\u00e4hk\u00f6postipalvelu oppii, mitk\u00e4 viestit kannattaa jatkossa luokitella p\u00e4ivitys\/ilmoitusn\u00e4kym\u00e4\u00e4n.<\/p>\n<p><img decoding=\"async\" src=\"https:\/\/www.europesays.com\/fi\/wp-content\/uploads\/2025\/12\/1764921610_620_468.jpg\" alt=\"P\u00e4ivitykset-valikko on ilmestynyt Gmailin n\u00e4kymiin.\" class=\"_Img_1rerz_1\" style=\"aspect-ratio:0.9760416666666667\" loading=\"eager\"\/><\/p>\n<p class=\"article-picture-caption\">P\u00e4ivitykset-valikko on ilmestynyt Gmailin n\u00e4kymiin.<\/p>\n<p class=\"article-body mb-nof-24 px-nof-16\">Kaikki n\u00e4m\u00e4 erityisn\u00e4kym\u00e4t voi my\u00f6s poistaa k\u00e4yt\u00f6st\u00e4 Gmailin asetuksista. Puhelimessa t\u00e4m\u00e4 tapahtuu valitsemalla vasemman yl\u00e4kulman hampurilaisvalikoista asetukset &gt; [oma s\u00e4hk\u00f6postiosoite] &gt; postilaatikon luokat ja poistamalla k\u00e4yt\u00f6st\u00e4 luokittelukategoriat, joita ei halua.<\/p>\n<p class=\"article-body mb-nof-24 px-nof-16\">Tietokoneselainversiossa valitaan hammasratas oikeasta yl\u00e4kulmasta &gt; postilaatikko-v\u00e4lilehti ja tehd\u00e4\u00e4n halutut valinnat.<\/p>\n","protected":false},"excerpt":{"rendered":"N\u00e4kym\u00e4\u00e4 voi kouluttaa tai sen voi ottaa pois p\u00e4\u00e4lt\u00e4. Google on muuttanut Gmail-s\u00e4hk\u00f6postinsa n\u00e4kym\u00e4\u00e4. K\u00e4ytt\u00e4jille on tuotu tarjolle&hellip;\n","protected":false},"author":2,"featured_media":108243,"comment_status":"","ping_status":"","sticky":false,"template":"","format":"standard","meta":{"footnotes":""},"categories":[5],"tags":[22,23,26,27,33,31,30,17,34,24,25,28,29,15,18,21,32,19,20,16],"class_list":{"0":"post-108242","1":"post","2":"type-post","3":"status-publish","4":"format-standard","5":"has-post-thumbnail","7":"category-otsikot","8":"tag-breaking-news","9":"tag-breakingnews","10":"tag-featured-news","11":"tag-featurednews","12":"tag-fi","13":"tag-finland","14":"tag-finnish","15":"tag-headlines","16":"tag-ilta-sanomat","17":"tag-latest-news","18":"tag-latestnews","19":"tag-main-news","20":"tag-mainnews","21":"tag-news","22":"tag-otsikot","23":"tag-paauutiset","24":"tag-suomi","25":"tag-top-stories","26":"tag-topstories","27":"tag-uutiset"},"share_on_mastodon":{"url":"https:\/\/pubeurope.com\/@fi\/115665910283614029","error":""},"_links":{"self":[{"href":"https:\/\/www.europesays.com\/fi\/wp-json\/wp\/v2\/posts\/108242","targetHints":{"allow":["GET"]}}],"collection":[{"href":"https:\/\/www.europesays.com\/fi\/wp-json\/wp\/v2\/posts"}],"about":[{"href":"https:\/\/www.europesays.com\/fi\/wp-json\/wp\/v2\/types\/post"}],"author":[{"embeddable":true,"href":"https:\/\/www.europesays.com\/fi\/wp-json\/wp\/v2\/users\/2"}],"replies":[{"embeddable":true,"href":"https:\/\/www.europesays.com\/fi\/wp-json\/wp\/v2\/comments?post=108242"}],"version-history":[{"count":0,"href":"https:\/\/www.europesays.com\/fi\/wp-json\/wp\/v2\/posts\/108242\/revisions"}],"wp:featuredmedia":[{"embeddable":true,"href":"https:\/\/www.europesays.com\/fi\/wp-json\/wp\/v2\/media\/108243"}],"wp:attachment":[{"href":"https:\/\/www.europesays.com\/fi\/wp-json\/wp\/v2\/media?parent=108242"}],"wp:term":[{"taxonomy":"category","embeddable":true,"href":"https:\/\/www.europesays.com\/fi\/wp-json\/wp\/v2\/categories?post=108242"},{"taxonomy":"post_tag","embeddable":true,"href":"https:\/\/www.europesays.com\/fi\/wp-json\/wp\/v2\/tags?post=108242"}],"curies":[{"name":"wp","href":"https:\/\/api.w.org\/{rel}","templated":true}]}}