{"id":108252,"date":"2025-12-05T08:20:08","date_gmt":"2025-12-05T08:20:08","guid":{"rendered":"https:\/\/www.europesays.com\/fi\/108252\/"},"modified":"2025-12-05T08:20:08","modified_gmt":"2025-12-05T08:20:08","slug":"lauri-haavin-nokia-areenan-konsertti-varattiin-loppuun-ennatysajassa-lisakonsertin-liput-myynnissa-heti-keski-suomi","status":"publish","type":"post","link":"https:\/\/www.europesays.com\/fi\/108252\/","title":{"rendered":"Lauri Haavin Nokia-areenan konsertti varattiin loppuun enn\u00e4tysajassa \u2013\u2009lis\u00e4konsertin liput myynniss\u00e4 heti | Keski-Suomi"},"content":{"rendered":"<p><strong>Lauri Haavin<\/strong> suurkonsertti Tampereen Nokia-areenalla lauantaina 7. marraskuuta 2026 varattiin loppuun alle kolmessa minuutissa.<\/p>\n<p>Kysynt\u00e4\u00e4 ennakoitiin j\u00e4rjest\u00e4m\u00e4ll\u00e4 faneille rekister\u00f6itymismahdollisuus ennakkomyyntiin, joka alkoi jo tiistaina 2. joulukuuta, tavallisten kuolevaisten liput tulivat myyntiin perjantaina 5. joulukuuta kello yhdeks\u00e4lt\u00e4 aamulla.<\/p>\n","protected":false},"excerpt":{"rendered":"Lauri Haavin suurkonsertti Tampereen Nokia-areenalla lauantaina 7. marraskuuta 2026 varattiin loppuun alle kolmessa minuutissa. Kysynt\u00e4\u00e4 ennakoitiin j\u00e4rjest\u00e4m\u00e4ll\u00e4 faneille&hellip;\n","protected":false},"author":2,"featured_media":108253,"comment_status":"","ping_status":"","sticky":false,"template":"","format":"standard","meta":{"footnotes":""},"categories":[130],"tags":[137,33,31,30,108,7082,47,32,484,551,2107,109],"class_list":{"0":"post-108252","1":"post","2":"type-post","3":"status-publish","4":"format-standard","5":"has-post-thumbnail","7":"category-viihde","8":"tag-entertainment","9":"tag-fi","10":"tag-finland","11":"tag-finnish","12":"tag-kulttuuri","13":"tag-kulttuuriala","14":"tag-musiikki","15":"tag-suomi","16":"tag-taiteellinen-ilmaisu-ja-mediat","17":"tag-tampere","18":"tag-vapaa-aika","19":"tag-viihde"},"share_on_mastodon":{"url":"https:\/\/pubeurope.com\/@fi\/115665988640047358","error":""},"_links":{"self":[{"href":"https:\/\/www.europesays.com\/fi\/wp-json\/wp\/v2\/posts\/108252","targetHints":{"allow":["GET"]}}],"collection":[{"href":"https:\/\/www.europesays.com\/fi\/wp-json\/wp\/v2\/posts"}],"about":[{"href":"https:\/\/www.europesays.com\/fi\/wp-json\/wp\/v2\/types\/post"}],"author":[{"embeddable":true,"href":"https:\/\/www.europesays.com\/fi\/wp-json\/wp\/v2\/users\/2"}],"replies":[{"embeddable":true,"href":"https:\/\/www.europesays.com\/fi\/wp-json\/wp\/v2\/comments?post=108252"}],"version-history":[{"count":0,"href":"https:\/\/www.europesays.com\/fi\/wp-json\/wp\/v2\/posts\/108252\/revisions"}],"wp:featuredmedia":[{"embeddable":true,"href":"https:\/\/www.europesays.com\/fi\/wp-json\/wp\/v2\/media\/108253"}],"wp:attachment":[{"href":"https:\/\/www.europesays.com\/fi\/wp-json\/wp\/v2\/media?parent=108252"}],"wp:term":[{"taxonomy":"category","embeddable":true,"href":"https:\/\/www.europesays.com\/fi\/wp-json\/wp\/v2\/categories?post=108252"},{"taxonomy":"post_tag","embeddable":true,"href":"https:\/\/www.europesays.com\/fi\/wp-json\/wp\/v2\/tags?post=108252"}],"curies":[{"name":"wp","href":"https:\/\/api.w.org\/{rel}","templated":true}]}}