{"id":108266,"date":"2025-12-05T08:42:08","date_gmt":"2025-12-05T08:42:08","guid":{"rendered":"https:\/\/www.europesays.com\/fi\/108266\/"},"modified":"2025-12-05T08:42:08","modified_gmt":"2025-12-05T08:42:08","slug":"israel-saa-osallistua-euroviisuihin-ylen-mukaan-myos-suomi-valmistautuu-osallistumaan","status":"publish","type":"post","link":"https:\/\/www.europesays.com\/fi\/108266\/","title":{"rendered":"Israel saa osallistua Euroviisuihin \u2013 Ylen mukaan my\u00f6s Suomi valmistautuu osallistumaan"},"content":{"rendered":"<p>Ainakin Hollanti, Espanja ja Irlanti kertoivat pian Reutersin uutisen julkaisun j\u00e4lkeen boikotoivansa Euroviisuja.<\/p>\n<p>4.12. 20:17<\/p>\n<p class=\"article-body mb-nof-24 px-nof-16\">Israel saa osallistua ensi kev\u00e4\u00e4n Euroviisuihin, kertoo kaksi l\u00e4hdett\u00e4 uutistoimisto Reutersille.<\/p>\n<p class=\"article-body mb-nof-24 px-nof-16\">Reutersin l\u00e4hteet ovat kaksi Euroopan yleisradiounioni Ebun j\u00e4sent\u00e4. L\u00e4hteiden mukaan Ebun j\u00e4senist\u00f6 olisi p\u00e4\u00e4tt\u00e4nyt, ettei se j\u00e4rjest\u00e4 \u00e4\u00e4nestyst\u00e4 Israelin osallistumisesta. N\u00e4in oli <a class=\"article-genericlink\" href=\"https:\/\/www.hs.fi\/kulttuuri\/art-2000011519536.html\" rel=\"nofollow noopener\" target=\"_blank\">aiemmin kerrottu<\/a>.<\/p>\n<p class=\"article-body mb-nof-24 px-nof-16\">Yleisradio tiedotti pian Reutersin uutisen julkaisun j\u00e4lkeen, ett\u00e4 Yle valmistautuu osallistumaan Euroviisuihin. Ylen mukaan Israelin yleisradioyhti\u00f6n osallistumisoikeudesta ei \u00e4\u00e4nestetty Ebun torstaisessa kokouksessa.<\/p>\n<p class=\"article-body mb-nof-24 px-nof-16\">Ainakin Hollanti, Espanja ja Irlanti kertoivat pian Reutersin uutisen julkaisun j\u00e4lkeen boikotoivansa Euroviisuja, jos ja kun Israelin sallitaan niihin osallistua.<\/p>\n<p class=\"article-body mb-nof-24 px-nof-16\">Ebu on t\u00e4n\u00e4\u00e4n pit\u00e4nyt kokouksen, jossa oli tarkoitus \u00e4\u00e4nest\u00e4\u00e4 s\u00e4\u00e4nt\u00f6muutoksista. Etuk\u00e4teen on kerrottu, ett\u00e4 muutokset rajoittavat yksitt\u00e4isen \u00e4\u00e4nest\u00e4j\u00e4n antamaa \u00e4\u00e4nim\u00e4\u00e4r\u00e4\u00e4 ja tuovat asiantuntijaraadit semifinaaleihin. Lis\u00e4ksi on kerrottu, ett\u00e4 asiantuntijaraateja kasvatetaan nuorilla j\u00e4senill\u00e4, ja ulkopuolisten tahojen kampanjat artistien tueksi kiellet\u00e4\u00e4n.<\/p>\n<p class=\"article-body mb-nof-24 px-nof-16\">Reutersin l\u00e4hteiden mukaan j\u00e4senet \u00e4\u00e4nestiv\u00e4t s\u00e4\u00e4nt\u00f6muutosten puolesta.<\/p>\n","protected":false},"excerpt":{"rendered":"Ainakin Hollanti, Espanja ja Irlanti kertoivat pian Reutersin uutisen julkaisun j\u00e4lkeen boikotoivansa Euroviisuja. 4.12. 20:17 Israel saa osallistua&hellip;\n","protected":false},"author":2,"featured_media":108267,"comment_status":"","ping_status":"","sticky":false,"template":"","format":"standard","meta":{"footnotes":""},"categories":[132],"tags":[157,137,33,31,30,195,47,32,109],"class_list":{"0":"post-108266","1":"post","2":"type-post","3":"status-publish","4":"format-standard","5":"has-post-thumbnail","7":"category-musiikki","8":"tag-aamulehti","9":"tag-entertainment","10":"tag-fi","11":"tag-finland","12":"tag-finnish","13":"tag-music","14":"tag-musiikki","15":"tag-suomi","16":"tag-viihde"},"share_on_mastodon":{"url":"https:\/\/pubeurope.com\/@fi\/115666075186912318","error":""},"_links":{"self":[{"href":"https:\/\/www.europesays.com\/fi\/wp-json\/wp\/v2\/posts\/108266","targetHints":{"allow":["GET"]}}],"collection":[{"href":"https:\/\/www.europesays.com\/fi\/wp-json\/wp\/v2\/posts"}],"about":[{"href":"https:\/\/www.europesays.com\/fi\/wp-json\/wp\/v2\/types\/post"}],"author":[{"embeddable":true,"href":"https:\/\/www.europesays.com\/fi\/wp-json\/wp\/v2\/users\/2"}],"replies":[{"embeddable":true,"href":"https:\/\/www.europesays.com\/fi\/wp-json\/wp\/v2\/comments?post=108266"}],"version-history":[{"count":0,"href":"https:\/\/www.europesays.com\/fi\/wp-json\/wp\/v2\/posts\/108266\/revisions"}],"wp:featuredmedia":[{"embeddable":true,"href":"https:\/\/www.europesays.com\/fi\/wp-json\/wp\/v2\/media\/108267"}],"wp:attachment":[{"href":"https:\/\/www.europesays.com\/fi\/wp-json\/wp\/v2\/media?parent=108266"}],"wp:term":[{"taxonomy":"category","embeddable":true,"href":"https:\/\/www.europesays.com\/fi\/wp-json\/wp\/v2\/categories?post=108266"},{"taxonomy":"post_tag","embeddable":true,"href":"https:\/\/www.europesays.com\/fi\/wp-json\/wp\/v2\/tags?post=108266"}],"curies":[{"name":"wp","href":"https:\/\/api.w.org\/{rel}","templated":true}]}}