{"id":108268,"date":"2025-12-05T08:45:09","date_gmt":"2025-12-05T08:45:09","guid":{"rendered":"https:\/\/www.europesays.com\/fi\/108268\/"},"modified":"2025-12-05T08:45:09","modified_gmt":"2025-12-05T08:45:09","slug":"sofija-lyskun-vaihtoi-kansalaisuuttaan-ukrainalaisesta-venalaiseksi","status":"publish","type":"post","link":"https:\/\/www.europesays.com\/fi\/108268\/","title":{"rendered":"Sofija Lyskun vaihtoi kansalaisuuttaan ukrainalaisesta ven\u00e4l\u00e4iseksi"},"content":{"rendered":"<p>Ukrainassa vaaditaan, ett\u00e4 urheilija menett\u00e4\u00e4 tittelins\u00e4 ja palkintonsa.<\/p>\n<p class=\"article-body mb-nof-24 px-nof-16\">Uimahypp\u00e4\u00e4j\u00e4 <a class=\"article-personlink\" href=\"https:\/\/www.is.fi\/haku\/?query=Sofija%20Lyskun\" rel=\"nofollow noopener\" target=\"_blank\">Sofija Lyskun<\/a>, 23, voitti kultaa Ukrainalle EM-kilpailuissa viime vuoden kes\u00e4kuussa. H\u00e4n oli paras 10 metrin parihypyiss\u00e4 yhdess\u00e4 <a class=\"article-personlink\" href=\"https:\/\/www.is.fi\/haku\/?query=Ksenija%20Bailon\" rel=\"nofollow noopener\" target=\"_blank\">Ksenija Bailon<\/a> kanssa.<\/p>\n<p class=\"article-body mb-nof-24 px-nof-16\">Kuluvalla viikolla tuli tieto, ett\u00e4 Lyskun on vaihtanut kansalaisuutensa ven\u00e4l\u00e4iseksi. Uutinen j\u00e4rkytti ja suututti Ukrainan uimahyppyliittoa, joka ei kertomansa mukaan tiennyt urheilijan suunnitelmista.<\/p>\n<p class=\"article-body mb-nof-24 px-nof-16\">\u2013 T\u00e4llaiset toimet ovat kaikin tavoin mahdottomia hyv\u00e4ksy\u00e4, sill\u00e4 ne eiv\u00e4t ainoastaan mustamaalaa yksitt\u00e4ist\u00e4 urheilijaa, vaan my\u00f6s koko Ukrainan joukkuetta, joka taistelee ep\u00e4itsekk\u00e4\u00e4sti joka p\u00e4iv\u00e4 oikeudesta edustaa maatamme kansainv\u00e4lisell\u00e4 areenalla, liiton virallisessa lausunnossa sanotaan.<\/p>\n<p class=\"article-body mb-nof-24 px-nof-16\">Liitto piti asiasta ylim\u00e4\u00e4r\u00e4isen kokouksen. Se haluaa, ett\u00e4 Lyskunilta riistet\u00e4\u00e4n kaikki tittelit ja palkinnot, jotka t\u00e4m\u00e4 on saavuttanut liiton alaisuudessa.<\/p>\n<p class=\"article-body mb-nof-24 px-nof-16\">Lis\u00e4ksi urheilijalle vaaditaan kansainv\u00e4list\u00e4 urheilijakaranteenia.<\/p>\n<p class=\"article-body mb-nof-24 px-nof-16\">Liitto vihjaa my\u00f6s oikeudellisista toimista.<\/p>\n<p class=\"article-body mb-nof-24 px-nof-16\">\u2013 Kunnia kilpailla Ukrainan valtion lipun alla ei ole etuoikeus, vaan suuri vastuu, jota ei saa pett\u00e4\u00e4.<\/p>\n<p><img decoding=\"async\" src=\"https:\/\/www.europesays.com\/fi\/wp-content\/uploads\/2025\/12\/1764924309_933_468.jpg\" alt=\"Ksenija Bailo ja Sofija Luskyn ovat Euroopan mestareita.\" class=\"_Img_1rerz_1\" style=\"aspect-ratio:1.5\" loading=\"eager\"\/><\/p>\n<p class=\"article-picture-caption\">Ksenija Bailo ja Sofija Luskyn ovat Euroopan mestareita. Kuva:\u00a0Pavlo Kubanov\/imago sport\/aop<\/p>\n<p class=\"article-body mb-nof-24 px-nof-16\">Sofija Lyskun piti my\u00f6s uimahyppyliiton valmentajat pimennossa valinnastaan.<\/p>\n<p class=\"article-body mb-nof-24 px-nof-16\">H\u00e4n perusteli vaihdosta ven\u00e4l\u00e4isess\u00e4 Izvestija-lehdess\u00e4. Urheilija sanoi BBC:n mukaan, ettei kehittynyt en\u00e4\u00e4 ukrainalaisessa valmennuksessa.<\/p>\n<p class=\"article-body mb-nof-24 px-nof-16\">Luhanskista kotoisin oleva Luskyn edusti Ukrainaa Tokion kes\u00e4olympialaisissa vuonna 2021 ja Pariisissa 2024.<\/p>\n<p class=\"article-body mb-nof-24 px-nof-16\">Ven\u00e4j\u00e4 k\u00e4y t\u00e4ysimittaista hy\u00f6kk\u00e4yssotaa Ukrainaan nelj\u00e4tt\u00e4 vuotta. Sen aikana ven\u00e4l\u00e4iset urheilijat on eristetty laajasti kansainv\u00e4lisest\u00e4 urheilusta, my\u00f6s uimahypyist\u00e4.<\/p>\n<p class=\"article-body mb-nof-24 px-nof-16\">Rajoituksia on lievennetty varsinkin viime aikoina. Joissakin lajeissa ven\u00e4l\u00e4iset saavat kilpailla neutraaleina urheilijoina.<\/p>\n","protected":false},"excerpt":{"rendered":"Ukrainassa vaaditaan, ett\u00e4 urheilija menett\u00e4\u00e4 tittelins\u00e4 ja palkintonsa. Uimahypp\u00e4\u00e4j\u00e4 Sofija Lyskun, 23, voitti kultaa Ukrainalle EM-kilpailuissa viime vuoden&hellip;\n","protected":false},"author":2,"featured_media":108269,"comment_status":"","ping_status":"","sticky":false,"template":"","format":"standard","meta":{"footnotes":""},"categories":[158],"tags":[33,31,30,34,159,32,160],"class_list":{"0":"post-108268","1":"post","2":"type-post","3":"status-publish","4":"format-standard","5":"has-post-thumbnail","7":"category-urheilu","8":"tag-fi","9":"tag-finland","10":"tag-finnish","11":"tag-ilta-sanomat","12":"tag-sports","13":"tag-suomi","14":"tag-urheilu"},"share_on_mastodon":{"url":"https:\/\/pubeurope.com\/@fi\/115666087155844002","error":""},"_links":{"self":[{"href":"https:\/\/www.europesays.com\/fi\/wp-json\/wp\/v2\/posts\/108268","targetHints":{"allow":["GET"]}}],"collection":[{"href":"https:\/\/www.europesays.com\/fi\/wp-json\/wp\/v2\/posts"}],"about":[{"href":"https:\/\/www.europesays.com\/fi\/wp-json\/wp\/v2\/types\/post"}],"author":[{"embeddable":true,"href":"https:\/\/www.europesays.com\/fi\/wp-json\/wp\/v2\/users\/2"}],"replies":[{"embeddable":true,"href":"https:\/\/www.europesays.com\/fi\/wp-json\/wp\/v2\/comments?post=108268"}],"version-history":[{"count":0,"href":"https:\/\/www.europesays.com\/fi\/wp-json\/wp\/v2\/posts\/108268\/revisions"}],"wp:featuredmedia":[{"embeddable":true,"href":"https:\/\/www.europesays.com\/fi\/wp-json\/wp\/v2\/media\/108269"}],"wp:attachment":[{"href":"https:\/\/www.europesays.com\/fi\/wp-json\/wp\/v2\/media?parent=108268"}],"wp:term":[{"taxonomy":"category","embeddable":true,"href":"https:\/\/www.europesays.com\/fi\/wp-json\/wp\/v2\/categories?post=108268"},{"taxonomy":"post_tag","embeddable":true,"href":"https:\/\/www.europesays.com\/fi\/wp-json\/wp\/v2\/tags?post=108268"}],"curies":[{"name":"wp","href":"https:\/\/api.w.org\/{rel}","templated":true}]}}