{"id":108270,"date":"2025-12-05T08:46:08","date_gmt":"2025-12-05T08:46:08","guid":{"rendered":"https:\/\/www.europesays.com\/fi\/108270\/"},"modified":"2025-12-05T08:46:08","modified_gmt":"2025-12-05T08:46:08","slug":"joulukonsertteja-on-tarjolla-nyt-kiihtyvaan-tahtiin-paikalliset","status":"publish","type":"post","link":"https:\/\/www.europesays.com\/fi\/108270\/","title":{"rendered":"Joulukonsertteja on tarjolla nyt kiihtyv\u00e4\u00e4n tahtiin | Paikalliset"},"content":{"rendered":"<p>Toimituksen s\u00e4hk\u00f6postiin on sadellut vinkkej\u00e4 joulukonserteista kiihtyv\u00e4\u00e4n tahtiin. T\u00e4ss\u00e4 muutama poiminta l\u00e4hiseudun joulukonserttitarjonnasta.<\/p>\n<p>Jyv\u00e4skyl\u00e4 Sinfonian Grooving Christmas -konsertti 11.12. viritt\u00e4\u00e4 joulutunnelmiin big band -rytmein ja svengaavin joululauluin <strong>Nick Daviesin<\/strong> ja <strong>Johanna F\u00f6rstin<\/strong> seurassa.<\/p>\n<p>Sinfoniasta ja joulutunnelmasta p\u00e4\u00e4see nauttimaan heti per\u00e4\u00e4n 12.12., jolloin Jyv\u00e4skyl\u00e4 Sinfonia s\u00e4est\u00e4\u00e4 Kauneimmat joululaulut -tilaisuuden Taulum\u00e4en kirkossa.<\/p>\n<p>Jyv\u00e4skyl\u00e4n kaupunginteatterin oma joulukonsertti Tarinoiden joulu on tarjolla 17., 18. ja 19. joulukuuta. Konsertti on kokoelma muistoja, tarinoita ja tulkintoja tutuista sek\u00e4 hieman tuntemattomammistakin jouluisista s\u00e4velmist\u00e4. <strong>Sami Ulmasen<\/strong> harjoituttamia ja sovittamia lauluja s\u00e4est\u00e4\u00e4 Gradian muusikko-opiskelijoiden b\u00e4ndi kapellimestarinaan <strong>Lasse Hirvi<\/strong>.<\/p>\n<p><strong class=\"diks-storyline__impact\">Jyv\u00e4skyl\u00e4n kirkoissa<\/strong> elet\u00e4\u00e4n arvatenkin vuoden vilkkainta aikaa, kun joulukonsertit ja laulutilaisuudet t\u00e4ytt\u00e4v\u00e4t penkkirivej\u00e4 ilta toisensa j\u00e4lkeen.<\/p>\n<blockquote class=\"voice-no-read rs_skip diks-blockquote\">\n<p class=\"diks-blockquote__text\">Jyv\u00e4skyl\u00e4n kirkoissa elet\u00e4\u00e4n arvatenkin vuoden vilkkainta aikaa.<\/p>\n<\/blockquote>\n<p>Rocktenori <strong>Jarkko Ahola<\/strong> konsertoi keskiviikkona 3. joulukuuta Taulum\u00e4en kirkossa. Aholan kirkkokiertue alkoi viime viikolla Turusta ja p\u00e4\u00e4ttyy 22. joulukuuta Helsinkiin.<\/p>\n<p>Mieskuoro Sirkat j\u00e4rjest\u00e4\u00e4 joulukuussa kolme joulukonserttia Jyv\u00e4skyl\u00e4n kirkoissa. Lauantaina 13. joulukuuta kuoro esiintyy Kuokkalan kirkossa. Maanantaina 15. joulukuuta konserttipaikka on Taulum\u00e4en kirkko ja maanantaina 22. joulukuuta Kaupunginkirkko. Konsertit alkavat kello 19.<\/p>\n<p>Laulaja, lauluntekij\u00e4 ja kuvataiteilija <strong>Anne Mattilan<\/strong> joulukiertue pys\u00e4htyy Muuramen kirkossa perjantaina 19. joulukuuta. Kello 19 alkavan konsertin ohjelmisto koostuu kauniista, perinteisist\u00e4 joululauluista, joita Mattila on itsekin levytt\u00e4nyt kahden albumin verran.<\/p>\n<p>N\u00e4yttelij\u00e4-laulaja ja kev\u00e4\u00e4n 2024 T\u00e4hdet t\u00e4hdet -kilpailun voittaja <strong>Hanna Kinnunen<\/strong> puolestaan konsertoi Taulum\u00e4en kirkossa lauantaina 20.12. Kinnunen on ensimm\u00e4isell\u00e4 soolokiertueellaan, ja viime viikolla julkaistu Syd\u00e4nten joulu on Kinnusen ensimm\u00e4inen oma joululaulu.<\/p>\n<p>Kinnunen on aiemmin duetoinut muiden muassa tangokuningas <strong>Teemu Roivaisen<\/strong> kanssa, jonka kanssa h\u00e4n teki viime vuonna my\u00f6s joulukiertueen.<\/p>\n<p>Jazzahtavaan joulutunnelmaan p\u00e4\u00e4see Palokan Pelimannitalolla sunnuntaina 7.12. Eero Vuorinen trion ja <strong>Jorma Tuhkalan<\/strong> siivill\u00e4.<\/p>\n<p><strong class=\"diks-storyline__impact\">Kauneimpia joululauluja<\/strong> p\u00e4\u00e4see laulamaan t\u00e4n\u00e4kin vuonna kymmeniss\u00e4 Jyv\u00e4skyl\u00e4n seurakunnan j\u00e4rjest\u00e4miss\u00e4 tilaisuuksissa. Kauneimmat joululaulut -tilaisuudet alkavat keskiviikkona 3. joulukuuta. Kirkkojen lis\u00e4ksi joululauluja lauletaan muun muassa ravintoloissa ja vesijumpan tahtiin uimahallissa. Osallistua voi my\u00f6s Kauneimmat joululaulut -karaokeen ja -maratoniin.<\/p>\n<p>Raskaammat joululaulut -tilaisuus j\u00e4rjestet\u00e4\u00e4n Vaajakosken kirkossa 19. joulukuuta. Se on kuultavissa my\u00f6s Jyv\u00e4skyl\u00e4n seurakunnan Youtube-kanavalla.<\/p>\n<p>Kaikki Jyv\u00e4skyl\u00e4n seurakunnan Kauneimmat joululaulut -tapahtumat l\u00f6ytyv\u00e4t seurakunnan verkkosivuilta.<\/p>\n<p>Joulukonsertit ovat maksullisia. Kauneimmat joululaulut -tilaisuuksissa ker\u00e4t\u00e4\u00e4n kolehti Suomen L\u00e4hetysseuran ulkomaanty\u00f6h\u00f6n heikoimmassa asemassa olevien lasten olojen parantamiseksi.<\/p>\n","protected":false},"excerpt":{"rendered":"Toimituksen s\u00e4hk\u00f6postiin on sadellut vinkkej\u00e4 joulukonserteista kiihtyv\u00e4\u00e4n tahtiin. T\u00e4ss\u00e4 muutama poiminta l\u00e4hiseudun joulukonserttitarjonnasta. Jyv\u00e4skyl\u00e4 Sinfonian Grooving Christmas -konsertti&hellip;\n","protected":false},"author":2,"featured_media":108271,"comment_status":"","ping_status":"","sticky":false,"template":"","format":"standard","meta":{"footnotes":""},"categories":[130],"tags":[9193,137,33,31,30,104,3674,425,20321,47,3018,32,109],"class_list":{"0":"post-108270","1":"post","2":"type-post","3":"status-publish","4":"format-standard","5":"has-post-thumbnail","7":"category-viihde","8":"tag-big-band","9":"tag-entertainment","10":"tag-fi","11":"tag-finland","12":"tag-finnish","13":"tag-helsinki","14":"tag-juhla-ja-vapaapaivat","15":"tag-jyvaskyla","16":"tag-jyvaskylan-kaupunginteatteri","17":"tag-musiikki","18":"tag-muusikko","19":"tag-suomi","20":"tag-viihde"},"share_on_mastodon":{"url":"https:\/\/pubeurope.com\/@fi\/115666090925928082","error":""},"_links":{"self":[{"href":"https:\/\/www.europesays.com\/fi\/wp-json\/wp\/v2\/posts\/108270","targetHints":{"allow":["GET"]}}],"collection":[{"href":"https:\/\/www.europesays.com\/fi\/wp-json\/wp\/v2\/posts"}],"about":[{"href":"https:\/\/www.europesays.com\/fi\/wp-json\/wp\/v2\/types\/post"}],"author":[{"embeddable":true,"href":"https:\/\/www.europesays.com\/fi\/wp-json\/wp\/v2\/users\/2"}],"replies":[{"embeddable":true,"href":"https:\/\/www.europesays.com\/fi\/wp-json\/wp\/v2\/comments?post=108270"}],"version-history":[{"count":0,"href":"https:\/\/www.europesays.com\/fi\/wp-json\/wp\/v2\/posts\/108270\/revisions"}],"wp:featuredmedia":[{"embeddable":true,"href":"https:\/\/www.europesays.com\/fi\/wp-json\/wp\/v2\/media\/108271"}],"wp:attachment":[{"href":"https:\/\/www.europesays.com\/fi\/wp-json\/wp\/v2\/media?parent=108270"}],"wp:term":[{"taxonomy":"category","embeddable":true,"href":"https:\/\/www.europesays.com\/fi\/wp-json\/wp\/v2\/categories?post=108270"},{"taxonomy":"post_tag","embeddable":true,"href":"https:\/\/www.europesays.com\/fi\/wp-json\/wp\/v2\/tags?post=108270"}],"curies":[{"name":"wp","href":"https:\/\/api.w.org\/{rel}","templated":true}]}}