{"id":108278,"date":"2025-12-05T08:52:08","date_gmt":"2025-12-05T08:52:08","guid":{"rendered":"https:\/\/www.europesays.com\/fi\/108278\/"},"modified":"2025-12-05T08:52:08","modified_gmt":"2025-12-05T08:52:08","slug":"sm-liiga-ja-veikkaus-solmivat-pitkan-jatkosopimuksen","status":"publish","type":"post","link":"https:\/\/www.europesays.com\/fi\/108278\/","title":{"rendered":"SM-liiga ja Veikkaus solmivat pitk\u00e4n jatkosopimuksen"},"content":{"rendered":"<p>Veikkauksen kanssa solmittu sopimus on viisivuotinen.<\/p>\n<p class=\"article-body mb-nof-24 px-nof-16\">SM-liiga ja Veikkaus ovat sopineet yhteisty\u00f6n jatkosta. Osapuolet tiedottivat tiistaina viisivuotisesta sopimuksesta, joka k\u00e4ynnistyy kaudesta 2026\u201327.<\/p>\n<p class=\"article-body mb-nof-24 px-nof-16\">Uuden sopimuksen ansiosta liigan seuroilla on mahdollisuus tehd\u00e4 my\u00f6s omia paikallisia sopimuksiaan rahapelitoimijoiden kanssa tulevaisuudessa.<\/p>\n<p class=\"article-body mb-nof-24 px-nof-16\">Sopimusta kuvaillaan tiedotteessa historialliseksi \u201dsuuruusluokaltaan ja painoarvoltaan\u201d.<\/p>\n<p class=\"article-body mb-nof-24 px-nof-16\">Sopimus liittyy rahapelij\u00e4rjestelm\u00e4n uudistukseen 2027 ja SM-liigan sarjamuotouudistukseen.<\/p>\n<p class=\"article-body mb-nof-24 px-nof-16\">SM-liigan toimitusjohtajan <a class=\"article-personlink\" href=\"https:\/\/www.is.fi\/haku\/?query=Mikko%20Pulkkisen\" rel=\"nofollow noopener\" target=\"_blank\">Mikko Pulkkisen<\/a> mukaan pitk\u00e4 yhteisty\u00f6sopimus Veikkauksen kanssa on osoitus kasvavasta kiinnostuksesta SM-liigaa kohtaan.<\/p>\n<p class=\"article-body mb-nof-24 px-nof-16\">Veikkauksen puolesta sopimusta kommentoi henkil\u00f6st\u00f6- ja viestint\u00e4johtaja <a class=\"article-personlink\" href=\"https:\/\/www.is.fi\/haku\/?query=Reija%20Laaksonen\" rel=\"nofollow noopener\" target=\"_blank\">Reija Laaksonen<\/a>. H\u00e4nen mukaansa j\u00e4\u00e4kiekko on Veikkaukselle t\u00e4rke\u00e4 laji.<\/p>\n<p class=\"article-body mb-nof-24 px-nof-16\">\u2013 My\u00f6s uudistuva sarjaj\u00e4rjestelm\u00e4 ja siit\u00e4 syntyneet tuoreet p\u00e4\u00e4t\u00f6kset lis\u00e4\u00e4v\u00e4t entisest\u00e4\u00e4n sarjan kiinnostavuutta, Laaksonen sanoo tiedotteessa.<\/p>\n<p class=\"article-body mb-nof-24 px-nof-16\">SM-liigan ottelut kuuluvat Veikkauksen pelatuimpiin kohteisiin. Liiga oli mukana jo historian ensimm\u00e4isell\u00e4 pitk\u00e4vetolistalla 1993.<\/p>\n","protected":false},"excerpt":{"rendered":"Veikkauksen kanssa solmittu sopimus on viisivuotinen. SM-liiga ja Veikkaus ovat sopineet yhteisty\u00f6n jatkosta. Osapuolet tiedottivat tiistaina viisivuotisesta sopimuksesta,&hellip;\n","protected":false},"author":2,"featured_media":108279,"comment_status":"","ping_status":"","sticky":false,"template":"","format":"standard","meta":{"footnotes":""},"categories":[5],"tags":[22,23,26,27,33,31,30,17,34,24,25,28,29,15,18,21,32,19,20,16],"class_list":{"0":"post-108278","1":"post","2":"type-post","3":"status-publish","4":"format-standard","5":"has-post-thumbnail","7":"category-otsikot","8":"tag-breaking-news","9":"tag-breakingnews","10":"tag-featured-news","11":"tag-featurednews","12":"tag-fi","13":"tag-finland","14":"tag-finnish","15":"tag-headlines","16":"tag-ilta-sanomat","17":"tag-latest-news","18":"tag-latestnews","19":"tag-main-news","20":"tag-mainnews","21":"tag-news","22":"tag-otsikot","23":"tag-paauutiset","24":"tag-suomi","25":"tag-top-stories","26":"tag-topstories","27":"tag-uutiset"},"share_on_mastodon":{"url":"https:\/\/pubeurope.com\/@fi\/115666114560390319","error":""},"_links":{"self":[{"href":"https:\/\/www.europesays.com\/fi\/wp-json\/wp\/v2\/posts\/108278","targetHints":{"allow":["GET"]}}],"collection":[{"href":"https:\/\/www.europesays.com\/fi\/wp-json\/wp\/v2\/posts"}],"about":[{"href":"https:\/\/www.europesays.com\/fi\/wp-json\/wp\/v2\/types\/post"}],"author":[{"embeddable":true,"href":"https:\/\/www.europesays.com\/fi\/wp-json\/wp\/v2\/users\/2"}],"replies":[{"embeddable":true,"href":"https:\/\/www.europesays.com\/fi\/wp-json\/wp\/v2\/comments?post=108278"}],"version-history":[{"count":0,"href":"https:\/\/www.europesays.com\/fi\/wp-json\/wp\/v2\/posts\/108278\/revisions"}],"wp:featuredmedia":[{"embeddable":true,"href":"https:\/\/www.europesays.com\/fi\/wp-json\/wp\/v2\/media\/108279"}],"wp:attachment":[{"href":"https:\/\/www.europesays.com\/fi\/wp-json\/wp\/v2\/media?parent=108278"}],"wp:term":[{"taxonomy":"category","embeddable":true,"href":"https:\/\/www.europesays.com\/fi\/wp-json\/wp\/v2\/categories?post=108278"},{"taxonomy":"post_tag","embeddable":true,"href":"https:\/\/www.europesays.com\/fi\/wp-json\/wp\/v2\/tags?post=108278"}],"curies":[{"name":"wp","href":"https:\/\/api.w.org\/{rel}","templated":true}]}}