{"id":108283,"date":"2025-12-05T09:08:16","date_gmt":"2025-12-05T09:08:16","guid":{"rendered":"https:\/\/www.europesays.com\/fi\/108283\/"},"modified":"2025-12-05T09:08:16","modified_gmt":"2025-12-05T09:08:16","slug":"suomen-10-kauneinta-itsenaisyyspaivan-kappaletta-nama-tulkinnat-koskettavat-vuodesta-toiseen","status":"publish","type":"post","link":"https:\/\/www.europesays.com\/fi\/108283\/","title":{"rendered":"Suomen 10 kauneinta itsen\u00e4isyysp\u00e4iv\u00e4n kappaletta \u2013 n\u00e4m\u00e4 tulkinnat koskettavat vuodesta toiseen"},"content":{"rendered":"<p>\u277110 kauneinta itsen\u00e4isyysp\u00e4iv\u00e4n kappaletta \u2013 n\u00e4m\u00e4 esitykset pys\u00e4ytt\u00e4v\u00e4t yh\u00e4. Katso ja kuuntele unohtumattomat tulkinnat, Suomen Top 10.<\/p>\n<p class=\"has-drop-cap\">Suomalainen musiikki kantaa mukanaan menneiden sukupolvien tarinoita. Erityisesti itsen\u00e4isyysp\u00e4iv\u00e4n\u00e4 moni palaa kappaleisiin, joissa on lohtua, ylpeytt\u00e4 ja hiljaista voimaa.<\/p>\n<p>N\u00e4m\u00e4 tulkinnat ovat s\u00e4ilytt\u00e4neet merkityksens\u00e4 Suomessa vuosikymmenest\u00e4 toiseen \u2013 osa on klassikoita, osa uudempia tunnelmapaloja, mutta jokainen niist\u00e4 on koskettava omalla tavallaan.<\/p>\n<p>Tanssiin.fi:n asiantuntijatiimi kokosi listan kymmenest\u00e4 tulkinnasta, jotka palaavat vuosi toisensa j\u00e4lkeen suomalaisten syd\u00e4miin.<\/p>\n<p>10. Toni Wirtanen &amp; Jannika B \u2013 Evakon laulu<\/p>\n<p>Evakon laulu\u00a0on\u00a0<strong>Veikko Lavin\u00a0<\/strong>s\u00e4velt\u00e4m\u00e4 ja sanoittama musiikkikappale, joka kertoo karjalaisen\u00a0siirtov\u00e4en\u00a0sodanaikaisesta evakkomatkasta Suomessa, Karjalasta l\u00e4nnen suuntaan, pienen lapsen n\u00e4k\u00f6kulmasta.\u00a0<\/p>\n<p><strong>Toni Wirtanen<\/strong> ja<strong> Jannika B <\/strong>esittiv\u00e4t Evakon laulun koskettavasti Vain el\u00e4m\u00e4\u00e4 -tv-ohjelmassa vuonna 2017:<\/p>\n<p>9. Danny &amp; Aikamiehet \u2013 T\u00e4m\u00e4 taivas t\u00e4m\u00e4 maa<\/p>\n<p><strong>Jukka Kuoppam\u00e4en<\/strong> vuonna 1972 s\u00e4velt\u00e4m\u00e4 ja sanoittama laulu on yksi suomalaisen iskelm\u00e4n rakastetuimpia is\u00e4nmaallisia teoksia. <strong><a href=\"https:\/\/www.tanssiin.fi\/tag\/danny\/\" title=\"danny\" rel=\"nofollow noopener\" target=\"_blank\">Danny<\/a><\/strong>\u00a0levytti sen yhdess\u00e4\u00a0Aikamiesten\u00a0kanssa vuonna 1992. Kappaleesta tuli suosittu, ja se nosti Dannyn uudelleen suosioon h\u00e4nelle hiljaisemman 1980-luvun j\u00e4lkeen.<\/p>\n<p>Danny &amp; Aikamiehet tulkitsivat T\u00e4m\u00e4 taivas t\u00e4m\u00e4 maa -kappaleen Helsingin Kulttuuritalolla vuonna 2010:<\/p>\n<p>8. Reijo Taipale \u2013 Satumaa<\/p>\n<p>Satumaa on <strong>Unto Monosen<\/strong> s\u00e4velt\u00e4m\u00e4 ja sanoittama mestariteos, joka kiteytt\u00e4\u00e4 suomalaisen kaihon. Sit\u00e4 on monissa yhteyksiss\u00e4 kutsuttu Suomen kansallistangoksi. Sanoitus alkaa tutusti: Aavan meren tuolla puolen jossakin on maa. Mononen s\u00e4velsi ja sanoitti Satumaan todenn\u00e4k\u00f6isesti vuonna 1949, 19-vuotiaana.<\/p>\n<p>Suomalaisen tangomusiikin kruunaamaton kuningas <strong><a href=\"https:\/\/www.tanssiin.fi\/tag\/reijo-taipale\/\" title=\"reijo taipale\" rel=\"nofollow noopener\" target=\"_blank\">Reijo Taipale<\/a><\/strong> tulkitsi ikivihre\u00e4n Satumaan vuonna 2002:<\/p>\n<p>7. Jukka Kuoppam\u00e4ki \u2013\u00a0Sininen ja valkoinen<\/p>\n<p>Vuonna 1972 levytetty Sininen ja valkoinen on <a href=\"https:\/\/www.tanssiin.fi\/tag\/jukka-kuoppamaaki\/\" title=\"jukka kuoppama\u00e4ki\" rel=\"nofollow noopener\" target=\"_blank\"><strong>Jukka Kuoppam\u00e4en<\/strong> <\/a>ikonisimpia kappaleita ja noussut l\u00e4hes ep\u00e4viralliseksi kansallislauluksi.<\/p>\n<p><strong>Lue my\u00f6s:<\/strong> <a href=\"https:\/\/www.tanssiin.fi\/upea-ele-jukka-kuoppamaki-vei-vaimonsa-tanssiin-80-vuotiskonserttinsa-paatteeksi-video\/\" title=\"Upea ele! Jukka Kuoppam\u00e4ki vei vaimonsa tanssiin 80-vuotiskonserttinsa p\u00e4\u00e4tteeksi \u2013\u00a0video\" rel=\"nofollow noopener\" target=\"_blank\">Upea ele! Jukka Kuoppam\u00e4ki vei vaimonsa tanssiin 80-vuotiskonserttinsa p\u00e4\u00e4tteeksi \u2013\u00a0video<\/a><\/p>\n<p>Jukka Kuoppam\u00e4ki tulkitsi ikivihre\u00e4n hittins\u00e4 tv-ohjelmassa Toivotaan Toivotaan vuonna 1988:<\/p>\n<p>6. Kari Tapio, Jorma K\u00e4\u00e4ri\u00e4inen ja Paula Koivuniemi \u2013 Olen suomalainen<\/p>\n<p>Olen suomalainen\u00a0on <strong><a href=\"https:\/\/www.tanssiin.fi\/tag\/kari-tapio\/\" title=\"kari tapio\" rel=\"nofollow noopener\" target=\"_blank\">Kari Tapion <\/a><\/strong>legendaarinen musiikkikappale, joka julkaistiin h\u00e4nen\u00a0samannimisell\u00e4 albumillaan\u00a0vuonna\u00a01983. Kappale on\u00a0<strong><a href=\"https:\/\/www.tanssiin.fi\/tag\/raul-reiman\/\" title=\"Raul Reiman\" rel=\"nofollow noopener\" target=\"_blank\">Raul Reimanin<\/a> <\/strong>sanoittama suomalainen versio\u00a0italiankielisest\u00e4\u00a0kappaleesta L\u2019italiano, jonka alkuper\u00e4inen esitt\u00e4j\u00e4 on\u00a0<strong>Salvatore \u201dToto\u201d Cutugno<\/strong>.<\/p>\n<p>Karin tulkinta on kasvanut suomalaisuuden lauluksi.<\/p>\n<p><strong>Lue my\u00f6s:<\/strong> <a href=\"https:\/\/www.tanssiin.fi\/suru-uutinen-kari-tapion-klassikkohittien-saveltaja-on-kuollut\/\" title=\"Suru-uutinen: Kari Tapion klassikkohittien s\u00e4velt\u00e4j\u00e4 on kuollut\" rel=\"nofollow noopener\" target=\"_blank\">Suru-uutinen: Kari Tapion klassikkohittien s\u00e4velt\u00e4j\u00e4 on kuollut<\/a><\/p>\n<p>T\u00e4m\u00e4 Kari Tapion, <strong><a href=\"https:\/\/www.tanssiin.fi\/tag\/paula-koivuniemi\/\" title=\"paula koivuniemi\" rel=\"nofollow noopener\" target=\"_blank\">Paula Koivuniemen<\/a><\/strong> ja <strong><a href=\"https:\/\/www.tanssiin.fi\/tag\/jorma-kaariainen\/\" title=\"Jorma K\u00e4\u00e4ri\u00e4inen\" rel=\"nofollow noopener\" target=\"_blank\">Jorma K\u00e4\u00e4ri\u00e4isen<\/a><\/strong> trioesitys Helsingin Areenalta vuodelta 2008 on poikkeuksellisen voimakas yhdess\u00e4 koettu hetki:<\/p>\n<p>\u2771\u00a0Jos pidit t\u00e4st\u00e4 listasta, suosittelemme my\u00f6s: <a href=\"https:\/\/www.tanssiin.fi\/suomen-10-kauneinta-rakkauslaulua-nama-iskelmat-ovat-kansan-suosikkeja\/\" title=\"Suomen 10 kauneinta rakkauslaulua \u2013 n\u00e4m\u00e4 iskelm\u00e4t ovat kansan suosikkeja\" rel=\"nofollow noopener\" target=\"_blank\">Suomen kauneimmat rakkauslaulut.<\/a><\/p>\n<p>5. Vesa-Matti Loiri \u2013\u00a0Nocturne<\/p>\n<p><strong>Eino Leinon<\/strong> runoon perustuva Nocturne on yksi suomalaisen kulttuurin pysyvist\u00e4 jalokivist\u00e4. <a href=\"https:\/\/www.tanssiin.fi\/tag\/vesa-matti-loiri\/\" title=\"vesa-matti loiri\" rel=\"nofollow noopener\" target=\"_blank\"><strong>Vesa-Matti Loiri<\/strong> <\/a>teki siit\u00e4 tulkinnan, joka l\u00e4hes pys\u00e4ytt\u00e4\u00e4 ajan.<\/p>\n<p>Video on Linnan juhlien esityksest\u00e4 vuodelta 2020:<\/p>\n<p>4. Sakari Kuosmanen \u2013\u00a0Finlandia<\/p>\n<p><strong>Jean Sibeliuksen<\/strong> Finlandia-hymni on suomalaisen sinfonisen musiikin syd\u00e4n. Hymni on Sibeliuksen vuosina 1899 ja 1900\u00a0orkesterille\u00a0s\u00e4velt\u00e4m\u00e4n\u00a0Finlandia-s\u00e4velrunon\u00a0osa.\u00a0Kansallisen symboliarvonsa vuoksi Finlandia-hymni\u00e4\u00a0on ehdotettu aika ajoin Suomen kansallislauluksi\u00a0Maamme-laulun tilalle.<\/p>\n<p><strong>Sakari Kuosmasen <\/strong>vuoden 2024 tulkinta on syv\u00e4, syk\u00e4hdytt\u00e4v\u00e4 ja moderni versio kappaleesta, joka yhdist\u00e4\u00e4 suomalaisia sukupolvesta toiseen:<\/p>\n<p>3. J\u00e4\u00e4k\u00e4rimarssi<\/p>\n<p>J\u00e4\u00e4k\u00e4rimarssi\u00a0op. 91a on\u00a0<strong>Jean Sibeliuksen<\/strong>\u00a0vuonna 1917 s\u00e4velt\u00e4m\u00e4\u00a0sotilasmarssi\u00a0j\u00e4\u00e4k\u00e4ri\u00a0<strong>Heikki Nurmion<\/strong>\u00a0kirjoittamiin sanoihin. J\u00e4\u00e4k\u00e4rimarssi on tehty ensimm\u00e4iselle\u00a0itsen\u00e4ist\u00e4 Suomea\u00a0varten kootulle\u00a0sotilasosastolle\u00a0eli Saksassa koulutetulle\u00a0j\u00e4\u00e4k\u00e4ripataljoonalle. Siksi se on\u00a0Suomen puolustusvoimien\u00a0monien yksikk\u00f6jen\u00a0kunniamarssina\u00a0ja sit\u00e4 soitetaan\u00a0itsen\u00e4isyysp\u00e4iv\u00e4n juhlavastaanoton\u00a0aloittavana musiikkikappaleena, jonka aikana\u00a0sotaveteraanit\u00a0ovat tervehtineet ensimm\u00e4isin\u00e4 vieraina\u00a0Tasavallan presidentti\u00e4.<\/p>\n<p>Kappale on yksi Suomen itsen\u00e4istymisen ajan tunnuslauluista. T\u00e4ss\u00e4 marssin esitt\u00e4v\u00e4t Polyteknikkojen kuoro Kaartin Soittokunnan kera:<\/p>\n<p>2. Is\u00e4nmaan virsi eli Sun k\u00e4tes, Herra, voimakkaan (virsi 577)<\/p>\n<p>Is\u00e4nmaan virsi on <strong>Johan Ludvig Runebergin<\/strong>\u00a0tekstiin perustuva is\u00e4nmaallinen virsi, jonka teksti on kulkenut Suomen historian l\u00e4pi sota-ajoista nykyp\u00e4iv\u00e4\u00e4n. Runeberg kirjoitti sanat vuonna 1855. Suomeksi k\u00e4ytett\u00e4v\u00e4 s\u00e4velm\u00e4 on per\u00e4isin keskiajalta.<\/p>\n<p>Sit\u00e4 lauletaan usein itsen\u00e4isyysp\u00e4iv\u00e4n jumalanpalveluksissa. Videon kuva on kenraali <strong>Adolf Ehrnroothin<\/strong> hautajaisista 2004:<\/p>\n<p>1. Luukas \u2013 Veteraanin iltahuuto<\/p>\n<p>Veteraanin iltahuuto\u00a0on musiikinopettaja, kamarineuvos\u00a0<strong>Kalervo H\u00e4m\u00e4l\u00e4isen\u00a0<\/strong>1980-luvun loppupuolella s\u00e4velt\u00e4m\u00e4 ja sanoittama laulu, josta on tullut yksi Suomen tunnetuimmista\u00a0veteraanilauluista.<\/p>\n<p>Kolmevuotias Luukas esitti Veteraanin iltahuudon vuonna 2022. Pienen Luukasen versio liikutti koko Suomen.<\/p>\n<p><strong>Lue juttu:<\/strong> <a href=\"https:\/\/www.tanssiin.fi\/luukas-3-laulaa-ulkomuistista-ja-komeasti-veteraanin-iltahuudon-ainutlaatuinen-tulkinta-koskettaa\/\" title=\"Luukas, 3, laulaa ulkomuistista ja komeasti Veteraanin iltahuudon \u2013\u00a0ainutlaatuinen tulkinta koskettaa\" rel=\"nofollow noopener\" target=\"_blank\">Luukas, 3, laulaa ulkomuistista ja komeasti Veteraanin iltahuudon \u2013\u00a0ainutlaatuinen tulkinta koskettaa<\/a><\/p>\n<p> +1 Veteraanin iltahuuto sotaveteraanin esitt\u00e4m\u00e4n\u00e4<\/p>\n<p>96-vuotiaan sotaveteraani <strong>Armas Ilvon<\/strong> koskettava esitys vuodelta 2016 muistuttaa sukupolvesta, jolle suomalainen vapaus on paljon velkaa.<\/p>\n<p>Mukana Oulussa taltioidussa koskettavassa esityksess\u00e4 ovat Teuvo Pakkalan koulun kuoro ja Lapin sotilassoittokunta:<\/p>\n<p>\u2771 T\u00e4ll\u00e4 viikolla juhlimme itsen\u00e4isyysp\u00e4iv\u00e4n lis\u00e4ksi my\u00f6s laulajaikonia: Marion Rung t\u00e4ytt\u00e4\u00e4 80 vuotta \u2013 h\u00e4nen juhlakiertueestaan kerromme pian t\u00e4\u00e4ll\u00e4.<\/p>\n<p>\u2771\u00a0<strong>Mik\u00e4 n\u00e4ist\u00e4 kosketti eniten?<\/strong><br \/>Tanssiin.fi kokoaa suomalaisten rakastamat laulut, tarinat ja muistot \u2013 lue lis\u00e4\u00e4 hyv\u00e4n mielen listauksia ja nostalgisia juttuja.<\/p>\n<p>Kirjoittanut:<br \/>\n<img loading=\"lazy\" data-lazyloaded=\"1\" width=\"512\" height=\"512\" decoding=\"async\" class=\"aioseo-author-image\" src=\"https:\/\/www.europesays.com\/fi\/wp-content\/uploads\/2025\/10\/cropped-tanssiin-logo.jpg\" alt=\"author avatar\"\/><\/p>\n<p>Tanssiin.fi<\/p>\n<p>\nTanssi- ja iskelm\u00e4musiikin uutiset asiantuntevasti.<\/p>\n<p><img loading=\"lazy\" decoding=\"async\" data-lazyloaded=\"1\" width=\"512\" height=\"512\" class=\"aioseo-author-bio-compact-image\" src=\"https:\/\/www.europesays.com\/fi\/wp-content\/uploads\/2025\/10\/cropped-tanssiin-logo.jpg\" alt=\"author avatar\"\/><br \/>\nTanssi- ja iskelm\u00e4musiikin uutiset asiantuntevasti.<\/p>\n<p>100%<br \/>\nIhana<\/p>\n<p>0%<br \/>\nHauska<\/p>\n<p>0%<br \/>\nVau<\/p>\n<p>0%<br \/>\nSurullinen<\/p>\n<p>0%<br \/>\nVihainen\n<\/p>\n<p>Post navigation<\/p>\n","protected":false},"excerpt":{"rendered":"\u277110 kauneinta itsen\u00e4isyysp\u00e4iv\u00e4n kappaletta \u2013 n\u00e4m\u00e4 esitykset pys\u00e4ytt\u00e4v\u00e4t yh\u00e4. Katso ja kuuntele unohtumattomat tulkinnat, Suomen Top 10. Suomalainen&hellip;\n","protected":false},"author":2,"featured_media":108284,"comment_status":"","ping_status":"","sticky":false,"template":"","format":"standard","meta":{"footnotes":""},"categories":[132],"tags":[137,20322,33,31,1586,30,20323,18037,20324,14805,195,47,1243,20325,20326,20327,20328,20304,32,20329,4049,20330,16,20331,193,109],"class_list":{"0":"post-108283","1":"post","2":"type-post","3":"status-publish","4":"format-standard","5":"has-post-thumbnail","7":"category-musiikki","8":"tag-entertainment","9":"tag-evakon-laulu","10":"tag-fi","11":"tag-finland","12":"tag-finlandia","13":"tag-finnish","14":"tag-isanmaan-virsi","15":"tag-itsenaisyyspaiva","16":"tag-jaakarimarssi","17":"tag-kappale","18":"tag-music","19":"tag-musiikki","20":"tag-musiikkivideo","21":"tag-nocturne","22":"tag-olen-suomalainen","23":"tag-satumaa","24":"tag-sininen-ja-valkoinen","25":"tag-sotaveteraani","26":"tag-suomi","27":"tag-tama-taivas-tama-maa","28":"tag-tanssitahdet","29":"tag-top-10","30":"tag-uutiset","31":"tag-veteraanin-iltahuuto","32":"tag-video","33":"tag-viihde"},"share_on_mastodon":{"url":"https:\/\/pubeurope.com\/@fi\/115666177658908263","error":""},"_links":{"self":[{"href":"https:\/\/www.europesays.com\/fi\/wp-json\/wp\/v2\/posts\/108283","targetHints":{"allow":["GET"]}}],"collection":[{"href":"https:\/\/www.europesays.com\/fi\/wp-json\/wp\/v2\/posts"}],"about":[{"href":"https:\/\/www.europesays.com\/fi\/wp-json\/wp\/v2\/types\/post"}],"author":[{"embeddable":true,"href":"https:\/\/www.europesays.com\/fi\/wp-json\/wp\/v2\/users\/2"}],"replies":[{"embeddable":true,"href":"https:\/\/www.europesays.com\/fi\/wp-json\/wp\/v2\/comments?post=108283"}],"version-history":[{"count":0,"href":"https:\/\/www.europesays.com\/fi\/wp-json\/wp\/v2\/posts\/108283\/revisions"}],"wp:featuredmedia":[{"embeddable":true,"href":"https:\/\/www.europesays.com\/fi\/wp-json\/wp\/v2\/media\/108284"}],"wp:attachment":[{"href":"https:\/\/www.europesays.com\/fi\/wp-json\/wp\/v2\/media?parent=108283"}],"wp:term":[{"taxonomy":"category","embeddable":true,"href":"https:\/\/www.europesays.com\/fi\/wp-json\/wp\/v2\/categories?post=108283"},{"taxonomy":"post_tag","embeddable":true,"href":"https:\/\/www.europesays.com\/fi\/wp-json\/wp\/v2\/tags?post=108283"}],"curies":[{"name":"wp","href":"https:\/\/api.w.org\/{rel}","templated":true}]}}