{"id":108287,"date":"2025-12-05T09:12:09","date_gmt":"2025-12-05T09:12:09","guid":{"rendered":"https:\/\/www.europesays.com\/fi\/108287\/"},"modified":"2025-12-05T09:12:09","modified_gmt":"2025-12-05T09:12:09","slug":"ilosaarirock-julkaisi-ensimmaisia-esiintyjiaan-joukossa-punklegenda-sex-pistols-ja-lavatanssiyhtye-pohjois-karjala","status":"publish","type":"post","link":"https:\/\/www.europesays.com\/fi\/108287\/","title":{"rendered":"Ilosaarirock julkaisi ensimm\u00e4isi\u00e4 esiintyji\u00e4\u00e4n \u2013 joukossa punklegenda Sex Pistols ja lavatanssiyhtye | Pohjois-Karjala"},"content":{"rendered":"<p class=\"aw-1gybjub aw-5vja16 kEtdKx kmuxyA yle__article__paragraph\">Kotimaisista artistikiinnityksist\u00e4 tunnetuimpia ovat Beast in Black, Kuumaa ja Vesala.<\/p>\n<p><img decoding=\"async\" alt=\"Sex Pistols.\" src=\"https:\/\/www.europesays.com\/fi\/wp-content\/uploads\/2025\/12\/39-138564967456786c4651.jpeg\" class=\"aw-1l9m598 hKVVvP\"\/><\/p>\n<p>Avaa kuvien katselu<\/p>\n<p>Brittil\u00e4inen Sex Pistols \u2013 yhdess\u00e4 nykyisen laulajansa Frank Carterin kanssa \u2013 kuuluu ensi kes\u00e4n Ilosaarirockin p\u00e4\u00e4esiintyjiin. Kuva: Jemma Dodd<\/p>\n<p class=\"aw-1gybjub aw-1p7kakr kEtdKx cEmitX yle__article__paragraph\">Joensuun Ilosaarirock-festivaali on paljastanut ensi kes\u00e4n ensimm\u00e4iset artistikiinnityksens\u00e4.<\/p>\n<p class=\"aw-1gybjub aw-1p7kakr kEtdKx cEmitX yle__article__paragraph\">Tapahtumassa esiintyy muun muassa brittil\u00e4inen punkyhtye Sex Pistols yhdess\u00e4 laulaja <strong class=\"aw-ak79eh KyCXm yle__article__strong\">Frank Carterin<\/strong> kanssa. Sex Pistols on maailman tunnetuimpia punkyhtyeit\u00e4, joka palasi keikkalavoille kaksi vuotta sitten.<\/p>\n<p class=\"aw-1gybjub aw-1p7kakr kEtdKx cEmitX yle__article__paragraph\">Muita julkaistuja nimi\u00e4 ovat <strong class=\"aw-ak79eh KyCXm yle__article__strong\">Tuomas Holopaisen<\/strong>, <strong class=\"aw-ak79eh KyCXm yle__article__strong\">Troy Donockleyn<\/strong> ja <strong class=\"aw-ak79eh KyCXm yle__article__strong\">Johanna Kurkelan<\/strong> Auri-yhtye, uutta levy\u00e4 valmisteleva kotimainen metalliyhtye Beast In Black, pop-folk-duo Emma &amp; matilda, rockb\u00e4ndi Hokka, lavatanssiyhtye Komiat, Kuumaa, Vesala sek\u00e4 etnopop-artisti <strong class=\"aw-ak79eh KyCXm yle__article__strong\">Vilma J\u00e4\u00e4<\/strong>.<\/p>\n<p class=\"aw-1gybjub aw-1p7kakr kEtdKx cEmitX yle__article__paragraph\">Ohjelmiston kerrotaan t\u00e4ydentyv\u00e4n talven ja kev\u00e4\u00e4n mittaan.<\/p>\n<p class=\"aw-1gybjub aw-1p7kakr kEtdKx cEmitX yle__article__paragraph\">Ilosaarirock j\u00e4rjestet\u00e4\u00e4n Joensuun Laulurinteell\u00e4 ensi vuonna 17.\u201319. hein\u00e4kuuta. Festivaali ker\u00e4\u00e4 vuosittain noin 70 000 k\u00e4vij\u00e4\u00e4.<\/p>\n","protected":false},"excerpt":{"rendered":"Kotimaisista artistikiinnityksist\u00e4 tunnetuimpia ovat Beast in Black, Kuumaa ja Vesala. Avaa kuvien katselu Brittil\u00e4inen Sex Pistols \u2013 yhdess\u00e4&hellip;\n","protected":false},"author":2,"featured_media":108288,"comment_status":"","ping_status":"","sticky":false,"template":"","format":"standard","meta":{"footnotes":""},"categories":[130],"tags":[137,33,31,30,1133,16809,47,5843,1137,20332,32,1667,109],"class_list":{"0":"post-108287","1":"post","2":"type-post","3":"status-publish","4":"format-standard","5":"has-post-thumbnail","7":"category-viihde","8":"tag-entertainment","9":"tag-fi","10":"tag-finland","11":"tag-finnish","12":"tag-joensuu","13":"tag-komiat","14":"tag-musiikki","15":"tag-muusikot","16":"tag-pohjois-karjala","17":"tag-sex-pistols","18":"tag-suomi","19":"tag-tapahtumat","20":"tag-viihde"},"share_on_mastodon":{"url":"https:\/\/pubeurope.com\/@fi\/115666193340573424","error":""},"_links":{"self":[{"href":"https:\/\/www.europesays.com\/fi\/wp-json\/wp\/v2\/posts\/108287","targetHints":{"allow":["GET"]}}],"collection":[{"href":"https:\/\/www.europesays.com\/fi\/wp-json\/wp\/v2\/posts"}],"about":[{"href":"https:\/\/www.europesays.com\/fi\/wp-json\/wp\/v2\/types\/post"}],"author":[{"embeddable":true,"href":"https:\/\/www.europesays.com\/fi\/wp-json\/wp\/v2\/users\/2"}],"replies":[{"embeddable":true,"href":"https:\/\/www.europesays.com\/fi\/wp-json\/wp\/v2\/comments?post=108287"}],"version-history":[{"count":0,"href":"https:\/\/www.europesays.com\/fi\/wp-json\/wp\/v2\/posts\/108287\/revisions"}],"wp:featuredmedia":[{"embeddable":true,"href":"https:\/\/www.europesays.com\/fi\/wp-json\/wp\/v2\/media\/108288"}],"wp:attachment":[{"href":"https:\/\/www.europesays.com\/fi\/wp-json\/wp\/v2\/media?parent=108287"}],"wp:term":[{"taxonomy":"category","embeddable":true,"href":"https:\/\/www.europesays.com\/fi\/wp-json\/wp\/v2\/categories?post=108287"},{"taxonomy":"post_tag","embeddable":true,"href":"https:\/\/www.europesays.com\/fi\/wp-json\/wp\/v2\/tags?post=108287"}],"curies":[{"name":"wp","href":"https:\/\/api.w.org\/{rel}","templated":true}]}}