{"id":10829,"date":"2025-08-20T04:41:16","date_gmt":"2025-08-20T04:41:16","guid":{"rendered":"https:\/\/www.europesays.com\/fi\/10829\/"},"modified":"2025-08-20T04:41:16","modified_gmt":"2025-08-20T04:41:16","slug":"rovaniemen-jarjestojen-ja-kansalaisliikkeiden-ilmastokahvit-19-8-kansalaistalolla-ilmasto-ja-luonto-rovaniemi","status":"publish","type":"post","link":"https:\/\/www.europesays.com\/fi\/10829\/","title":{"rendered":"Rovaniemen j\u00e4rjest\u00f6jen ja kansalaisliikkeiden ilmastokahvit 19.8. Kansalaistalolla &#8211; Ilmasto ja luonto &#8211; Rovaniemi"},"content":{"rendered":"<p>Tervetuloa keskustelemaan Rovaniemen kaupungin ilmasto-ohjelman suunnittelusta ja jakamaan ajatuksia j\u00e4rjest\u00f6toiminnan sek\u00e4 kaupunkimme kansalaisliikkeiden tulevaisuudesta. Kahvit tarjoillaan tiistaina 19.8. klo 16\u201318 Kansalaistalolla. <\/p>\n<p>Ilmastokahvien ensimm\u00e4inen tunti on varattu enemm\u00e4n yhdistysmuotoisille toimijoille ja toinen tunti vapaille ryhmille, mutta osallistua voi my\u00f6s molempiin.<\/p>\n<p>\u00a0<\/p>\n<p>Aikataulu<\/p>\n<p>16.00\u201317.00 Miten kaupunki voisi paremmin tukea j\u00e4rjest\u00f6jen ja yhdistysten toimintaa? Miten yhteisty\u00f6n kautta voisi lis\u00e4t\u00e4 p\u00e4\u00e4tt\u00e4jien, asukkaiden, yritt\u00e4jien ja matkailijoiden ilmasto- ja luontotietoa? Miten vuorovaikutusta kaupungin ja j\u00e4rjest\u00f6jen v\u00e4lill\u00e4 voisi lis\u00e4t\u00e4?<\/p>\n<p>17.00\u201318.00 Miten kaupunki voisi paremmin mahdollistaa kansalaisvaikuttamista? Miten yhteisty\u00f6n kautta voisi lis\u00e4t\u00e4 p\u00e4\u00e4tt\u00e4jien, asukkaiden, yritt\u00e4jien ja matkailijoiden ilmasto- ja luontotietoa? Miten vuorovaikutusta kaupungin ja nelj\u00e4nnen sektorin v\u00e4lill\u00e4 voisi lis\u00e4t\u00e4?<\/p>\n<p><strong>Ilmoittaudu kahvittelemaan 17.8. menness\u00e4 s\u00e4hk\u00f6postitse raisa.wegelius@rovaniemi.fi<\/strong><\/p>\n<p> Vastaa my\u00f6s asukaskyselyymme: <a href=\"https:\/\/link.webropolsurveys.com\/s\/rovaniemen-ilmastotyon-asukaskysely\" rel=\"nofollow noopener\" target=\"_blank\">https:\/\/link.webropolsurveys.com\/s\/rovaniemen-ilmastotyon-asukaskysely<\/a><\/p>\n<p>Iltap\u00e4iv\u00e4kahveilla tutustutaan my\u00f6s Rovaniemen tuoreimpiin ilmastoselvityksiin ja ideoidaan ilmastokokeiluja vuodelle 2026. Tapahtuman vet\u00e4\u00e4 Rovaniemen kaupungin ilmastosuunnittelija Raisa Wegelius Hiilineutraali Rovaniemi -hankkeesta.<\/p>\n<p>&#13;<br \/>\nRovaniemen j\u00e4rjest\u00f6jen ja kansalaisliikkeiden ilmastokahvit<br \/>&#13;<br \/>\nTi 19.8.2025 klo 16.00\u201317.00 &amp; 17.00\u201318.00 <br \/>&#13;<br \/>\nKansalaistalo, Rovakatu 23 96200 Rovaniemi. <br \/>&#13;<br \/>\nLis\u00e4tiedot: raisa.wegelius@rovaniemi.fi<\/p>\n<p>&#13;<br \/>\n<br \/>&#13;<br \/>\nKatso muut tulevat Hiilineutraali Rovaniemi -hankkeen ilmastokahvit Rovaniemen kaupungin tapahtumakalenterissa:<br \/>&#13;<br \/>\nHiilineutraali Rovaniemi -hanke \/ Rovaniemen kaupunki<\/p>\n<p>Hiilineutraali Rovaniemi -hanketta rahoittavat Euroopan aluekehitysrahasto ja Lapin liitto<\/p>\n","protected":false},"excerpt":{"rendered":"Tervetuloa keskustelemaan Rovaniemen kaupungin ilmasto-ohjelman suunnittelusta ja jakamaan ajatuksia j\u00e4rjest\u00f6toiminnan sek\u00e4 kaupunkimme kansalaisliikkeiden tulevaisuudesta. Kahvit tarjoillaan tiistaina 19.8.&hellip;\n","protected":false},"author":2,"featured_media":10830,"comment_status":"","ping_status":"","sticky":false,"template":"","format":"standard","meta":{"footnotes":""},"categories":[117],"tags":[33,31,30,4851,1096,4850,72,476,118,32,119,477,1470],"class_list":{"0":"post-10829","1":"post","2":"type-post","3":"status-publish","4":"format-standard","5":"has-post-thumbnail","7":"category-luonto","8":"tag-fi","9":"tag-finland","10":"tag-finnish","11":"tag-hyvinvointi-terveydellinen","12":"tag-ilmasto","13":"tag-luonnonvaraiset-elaimet","14":"tag-luonto","15":"tag-nature","16":"tag-science","17":"tag-suomi","18":"tag-tiede","19":"tag-wildlife","20":"tag-ymparistonsuojelu"},"share_on_mastodon":{"url":"","error":""},"_links":{"self":[{"href":"https:\/\/www.europesays.com\/fi\/wp-json\/wp\/v2\/posts\/10829","targetHints":{"allow":["GET"]}}],"collection":[{"href":"https:\/\/www.europesays.com\/fi\/wp-json\/wp\/v2\/posts"}],"about":[{"href":"https:\/\/www.europesays.com\/fi\/wp-json\/wp\/v2\/types\/post"}],"author":[{"embeddable":true,"href":"https:\/\/www.europesays.com\/fi\/wp-json\/wp\/v2\/users\/2"}],"replies":[{"embeddable":true,"href":"https:\/\/www.europesays.com\/fi\/wp-json\/wp\/v2\/comments?post=10829"}],"version-history":[{"count":0,"href":"https:\/\/www.europesays.com\/fi\/wp-json\/wp\/v2\/posts\/10829\/revisions"}],"wp:featuredmedia":[{"embeddable":true,"href":"https:\/\/www.europesays.com\/fi\/wp-json\/wp\/v2\/media\/10830"}],"wp:attachment":[{"href":"https:\/\/www.europesays.com\/fi\/wp-json\/wp\/v2\/media?parent=10829"}],"wp:term":[{"taxonomy":"category","embeddable":true,"href":"https:\/\/www.europesays.com\/fi\/wp-json\/wp\/v2\/categories?post=10829"},{"taxonomy":"post_tag","embeddable":true,"href":"https:\/\/www.europesays.com\/fi\/wp-json\/wp\/v2\/tags?post=10829"}],"curies":[{"name":"wp","href":"https:\/\/api.w.org\/{rel}","templated":true}]}}