{"id":108303,"date":"2025-12-05T09:37:08","date_gmt":"2025-12-05T09:37:08","guid":{"rendered":"https:\/\/www.europesays.com\/fi\/108303\/"},"modified":"2025-12-05T09:37:08","modified_gmt":"2025-12-05T09:37:08","slug":"esapekka-lappi-ajaa-mm-rallissa-2026","status":"publish","type":"post","link":"https:\/\/www.europesays.com\/fi\/108303\/","title":{"rendered":"Esapekka Lappi ajaa MM-rallissa 2026"},"content":{"rendered":"<p>Esapekka Lappi ajaa Hyundain kuljettajana MM-rallia kaudella 2026.<\/p>\n<p>Hyundain autoja ajavat tulevalla kaudella jokaisessa osakilpailussa <strong class=\"typography-bold\">Thierry Neuville<\/strong> ja <strong class=\"typography-bold\">Adrien Fourmaux<\/strong>. Kolmatta autoa ajavat vuorollaan Lappi, <strong class=\"typography-bold\">Dani Sordo<\/strong> ja <strong class=\"typography-bold\">Hayden Padden<\/strong>.<\/p>\n<p>Lappi ajaa ensimm\u00e4isen kisansa helmikuussa Ruotsin MM-rallissa. H\u00e4nen kartanlukijanaan toimii <strong class=\"typography-bold\">Enni M\u00e4lk\u00f6nen<\/strong>, joka luki Lapille nuottia my\u00f6s t\u00e4m\u00e4n kauden SM-rallissa.<\/p>\n<p>\u2013 Luulin tulleeni p\u00e4\u00e4t\u00f6kseen MM-rallin kanssa, mutta lukuisien eri ihmisten kanssa k\u00e4ytyjen keskusteluiden j\u00e4lkeen tiesin, ett\u00e4 t\u00e4m\u00e4 oli hieno idea, Lappi kommentoi Hyundain tiedotteessa.<\/p>\n<p>Lappi kertoo, ett\u00e4 tallip\u00e4\u00e4llikk\u00f6 <strong class=\"typography-bold\">Cyril Abiteboulin<\/strong> soitto p\u00e4\u00e4si silti yll\u00e4tt\u00e4m\u00e4\u00e4n h\u00e4net.<\/p>\n<p>\u2013 Olen innoissani kuin pikkupoika palaamaan ratin taakse Rally1-autolla. T\u00e4ll\u00e4 kertaa Ennin kanssa, mik\u00e4 on h\u00e4nelle mahtava tilaisuus, Lappi toteaa.<\/p>\n<p>M\u00e4lk\u00f6nen toimi ennen Lapin pariksi siirtymist\u00e4 <strong class=\"typography-bold\">Sami Pajarin<\/strong> kartanlukijana WRC2-luokassa. Pajarin vaihdettua Toyotalla Rally1-autoon yhteisty\u00f6 p\u00e4\u00e4ttyi kuitenkin yll\u00e4tt\u00e4en.<\/p>\n","protected":false},"excerpt":{"rendered":"Esapekka Lappi ajaa Hyundain kuljettajana MM-rallia kaudella 2026. Hyundain autoja ajavat tulevalla kaudella jokaisessa osakilpailussa Thierry Neuville ja&hellip;\n","protected":false},"author":2,"featured_media":108304,"comment_status":"","ping_status":"","sticky":false,"template":"","format":"standard","meta":{"footnotes":""},"categories":[158],"tags":[33,31,30,159,32,160],"class_list":{"0":"post-108303","1":"post","2":"type-post","3":"status-publish","4":"format-standard","5":"has-post-thumbnail","7":"category-urheilu","8":"tag-fi","9":"tag-finland","10":"tag-finnish","11":"tag-sports","12":"tag-suomi","13":"tag-urheilu"},"share_on_mastodon":{"url":"https:\/\/pubeurope.com\/@fi\/115666291986824719","error":""},"_links":{"self":[{"href":"https:\/\/www.europesays.com\/fi\/wp-json\/wp\/v2\/posts\/108303","targetHints":{"allow":["GET"]}}],"collection":[{"href":"https:\/\/www.europesays.com\/fi\/wp-json\/wp\/v2\/posts"}],"about":[{"href":"https:\/\/www.europesays.com\/fi\/wp-json\/wp\/v2\/types\/post"}],"author":[{"embeddable":true,"href":"https:\/\/www.europesays.com\/fi\/wp-json\/wp\/v2\/users\/2"}],"replies":[{"embeddable":true,"href":"https:\/\/www.europesays.com\/fi\/wp-json\/wp\/v2\/comments?post=108303"}],"version-history":[{"count":0,"href":"https:\/\/www.europesays.com\/fi\/wp-json\/wp\/v2\/posts\/108303\/revisions"}],"wp:featuredmedia":[{"embeddable":true,"href":"https:\/\/www.europesays.com\/fi\/wp-json\/wp\/v2\/media\/108304"}],"wp:attachment":[{"href":"https:\/\/www.europesays.com\/fi\/wp-json\/wp\/v2\/media?parent=108303"}],"wp:term":[{"taxonomy":"category","embeddable":true,"href":"https:\/\/www.europesays.com\/fi\/wp-json\/wp\/v2\/categories?post=108303"},{"taxonomy":"post_tag","embeddable":true,"href":"https:\/\/www.europesays.com\/fi\/wp-json\/wp\/v2\/tags?post=108303"}],"curies":[{"name":"wp","href":"https:\/\/api.w.org\/{rel}","templated":true}]}}