{"id":108305,"date":"2025-12-05T09:38:09","date_gmt":"2025-12-05T09:38:09","guid":{"rendered":"https:\/\/www.europesays.com\/fi\/108305\/"},"modified":"2025-12-05T09:38:09","modified_gmt":"2025-12-05T09:38:09","slug":"jazzjoulu-2025-konsertissa-12-12-estradilla-harvinainen-kattaus-suomen-eturivin-jazzmuusikoita","status":"publish","type":"post","link":"https:\/\/www.europesays.com\/fi\/108305\/","title":{"rendered":"Jazzjoulu 2025 -konsertissa 12.12. estradilla harvinainen kattaus Suomen eturivin jazzmuusikoita"},"content":{"rendered":"<p>Jazzjoulu-konsertissa perjantaina 12.12. klo 19 Kuopion Musiikkikeskuksen Konserttisalissa n\u00e4hd\u00e4\u00e4n ensimm\u00e4ist\u00e4 kertaa Suomi-jazzin ykk\u00f6st\u00e4hdet samalla lavalla. Sek\u00e4 koti- ett\u00e4 ulkomaisia jouluklassikoita esitt\u00e4v\u00e4t mm. saksofonistit <strong>Jukka Perko<\/strong> ja <strong>Linda Fredriksson<\/strong>, trumpetisti <strong>Verneri Pohjola<\/strong> ja laulusolistit <strong>Johanna F\u00f6rsti <\/strong>ja <strong>Tuomo Pr\u00e4tt\u00e4l\u00e4<\/strong>.<\/p>\n<p>Jazzjoulu-konsertissa pe 12.12. soi joulun l\u00e4mp\u00f6 ja riemu, kun maamme eturivin jazzmuusikot kokoontuvat suuren perheen lailla yhteen. Luvassa on varsinaista jouluherkkua, kun jazzin mestarit leipovat tutut kotimaiset ja ulkomaiset klassikot yleis\u00f6n nautittaviksi jazzin maustein. Kuulijat saavat koskettavan ja hauskan kimaran rakastettuja s\u00e4velmi\u00e4, kun ilmoille kajahtavat mm. Rekiretki, Valkea Joulu ja Jouluy\u00f6, juhlay\u00f6.<\/p>\n<p>Konsertissa estradilla on All Stars -kattaus, jonka soittoa on harvoin tarjolla. Kokoonpanoon kuuluvat Jukka Perko \/ saksofoni, Verneri Pohjola \/ trumpetti, Linda Fredriksson \/ saksofoni, <strong>Timo Lassy<\/strong> \/ saksofoni, <strong>Jay Kortehisto<\/strong> \/ pasuuna ja laulu, Tuomo Pr\u00e4tt\u00e4l\u00e4 \/ piano ja laulu, Johanna F\u00f6rsti \/ laulu, <strong>Eero Sepp\u00e4 <\/strong>\/ basso ja <strong>Teppo M\u00e4kynen <\/strong>\/ rummut.<\/p>\n<p>Konsertin kesto on noin 1 tunti 50 min, sis\u00e4lt\u00e4en v\u00e4liajan.<\/p>\n<p>J\u00e4rjest\u00e4j\u00e4: Kuopion Musiikkikeskus<\/p>\n<p>Liput:\u00a037,90 \u20ac. Hinnat sis\u00e4lt\u00e4v\u00e4t Kuopion Musiikkikeskuksen palvelumaksun 2 \u20ac \/ lippu. Palvelumaksut vaihtelevat ostopaikasta riippuen.\u00a0\u00a0<\/p>\n<p>Myynti:\u00a0Kuopion Musiikkikeskus ti-pe klo 13-17 tai esityksen alkuun, viikonloppuisin 1 h ennen esityst\u00e4, puh. 0600 96 100 (1,98 \u20ac\/ min +\u00a0pvm). Myynti my\u00f6s Lippupisteen valtakunnalliset myyntipisteet ja R-kioskit (vain lunastus varausnumerolla). eLiput <a href=\"https:\/\/www.lippu.fi\/artist\/kuopion-musiikkikeskus\/jazzjoulu-2025-kuopio-3859395\/\" rel=\"nofollow noopener\" target=\"_blank\">Lippupisteen verkkokaupasta<\/a>. Lis\u00e4ksi\u00a0Kuopion kaupunginteatteri (ks. aukioloajat <a href=\"https:\/\/kuopionkaupunginteatteri.fi\/\" rel=\"nofollow noopener\" target=\"_blank\">kaupunginteatterin www-sivuilta<\/a>).<\/p>\n<p>Kuopion Musiikkikeskuksen lipunmyynti palvelee\u00a0joulunaikaan seuraavasti:\u00a0<br \/>pe 19.12. asti normaalein aukioloajoin\u00a0<br \/>ma 22.12. \u2013 ma 29.12. suljettu\u00a0\u00a0<br \/>ti 30.12. \u2013 ke 31.12.\u00a0klo 13-17\u00a0\u00a0<br \/>to 1.1.2026 suljettu\u00a0\u00a0<br \/>pe 2.1.2026\u00a0klo 13-17\u00a0\u00a0<br \/>la 3.1. \u2013 ti 6.1. suljettu \u202f\u00a0<br \/>ke 7.1. \u2013 to 8.1.\u00a0klo 13-17\u00a0\u00a0<br \/>pe 9.1.\u00a0klo 13-18\u00a0\u00a0<br \/>su 11.1.\u00a0klo 16-17\u00a0<\/p>\n<p>KUOPION MUSIIKKIKESKUS\u00a0<br \/>Tuottaja-tiedottaja Elina Prepula, puh. 044\u00a0718 2364, elina.prepula(at)kuopio.fi<br \/><a href=\"https:\/\/www.kuopionmusiikkikeskus.fi\" rel=\"nofollow noopener\" target=\"_blank\">www.kuopionmusiikkikeskus.fi<\/a> | Facebook: <a href=\"https:\/\/www.facebook.com\/KuopionMusiikkikeskus\" rel=\"nofollow noopener\" target=\"_blank\">KuopionMusiikkikeskus <\/a>| Instagram: <a href=\"https:\/\/www.instagram.com\/kuopionmusiikkikeskus\" rel=\"nofollow noopener\" target=\"_blank\">kuopionmusiikkikeskus\u00a0<\/a><\/p>\n<p>                                <script async src=\"\/\/www.instagram.com\/embed.js\"><\/script><\/p>\n","protected":false},"excerpt":{"rendered":"Jazzjoulu-konsertissa perjantaina 12.12. klo 19 Kuopion Musiikkikeskuksen Konserttisalissa n\u00e4hd\u00e4\u00e4n ensimm\u00e4ist\u00e4 kertaa Suomi-jazzin ykk\u00f6st\u00e4hdet samalla lavalla. Sek\u00e4 koti- ett\u00e4&hellip;\n","protected":false},"author":2,"featured_media":108306,"comment_status":"","ping_status":"","sticky":false,"template":"","format":"standard","meta":{"footnotes":""},"categories":[130],"tags":[137,33,31,30,32,109],"class_list":{"0":"post-108305","1":"post","2":"type-post","3":"status-publish","4":"format-standard","5":"has-post-thumbnail","7":"category-viihde","8":"tag-entertainment","9":"tag-fi","10":"tag-finland","11":"tag-finnish","12":"tag-suomi","13":"tag-viihde"},"share_on_mastodon":{"url":"https:\/\/pubeurope.com\/@fi\/115666295451373050","error":""},"_links":{"self":[{"href":"https:\/\/www.europesays.com\/fi\/wp-json\/wp\/v2\/posts\/108305","targetHints":{"allow":["GET"]}}],"collection":[{"href":"https:\/\/www.europesays.com\/fi\/wp-json\/wp\/v2\/posts"}],"about":[{"href":"https:\/\/www.europesays.com\/fi\/wp-json\/wp\/v2\/types\/post"}],"author":[{"embeddable":true,"href":"https:\/\/www.europesays.com\/fi\/wp-json\/wp\/v2\/users\/2"}],"replies":[{"embeddable":true,"href":"https:\/\/www.europesays.com\/fi\/wp-json\/wp\/v2\/comments?post=108305"}],"version-history":[{"count":0,"href":"https:\/\/www.europesays.com\/fi\/wp-json\/wp\/v2\/posts\/108305\/revisions"}],"wp:featuredmedia":[{"embeddable":true,"href":"https:\/\/www.europesays.com\/fi\/wp-json\/wp\/v2\/media\/108306"}],"wp:attachment":[{"href":"https:\/\/www.europesays.com\/fi\/wp-json\/wp\/v2\/media?parent=108305"}],"wp:term":[{"taxonomy":"category","embeddable":true,"href":"https:\/\/www.europesays.com\/fi\/wp-json\/wp\/v2\/categories?post=108305"},{"taxonomy":"post_tag","embeddable":true,"href":"https:\/\/www.europesays.com\/fi\/wp-json\/wp\/v2\/tags?post=108305"}],"curies":[{"name":"wp","href":"https:\/\/api.w.org\/{rel}","templated":true}]}}