{"id":108311,"date":"2025-12-05T09:43:08","date_gmt":"2025-12-05T09:43:08","guid":{"rendered":"https:\/\/www.europesays.com\/fi\/108311\/"},"modified":"2025-12-05T09:43:08","modified_gmt":"2025-12-05T09:43:08","slug":"jani-makela-ei-halua-pyytaa-saamelaisilta-anteeksi","status":"publish","type":"post","link":"https:\/\/www.europesays.com\/fi\/108311\/","title":{"rendered":"Jani M\u00e4kel\u00e4 ei halua pyyt\u00e4\u00e4 saamelaisilta anteeksi"},"content":{"rendered":"<p>Saamelaisten kohtelu|P\u00e4\u00e4ministeri Orpon mielest\u00e4 Suomen valtion tulee pyyt\u00e4\u00e4 anteeksi saamelaisten kohtelua. Perussuomalaisten ryhm\u00e4johtaja on eri mielt\u00e4.<\/p>\n<p>Lue tiivistelm\u00e4<\/p>\n<p>Tiivistelm\u00e4 on teko\u00e4lyn tekem\u00e4 ja ihmisen tarkistama.<\/p>\n<p class=\"article-body mb-nof-24 px-nof-16 sndp-summary-bullet-point-font\">Perussuomalaisten eduskuntaryhm\u00e4n puheenjohtaja Jani M\u00e4kel\u00e4 ei halua pyyt\u00e4\u00e4 saamelaisilta anteeksi heid\u00e4n kohteluaan mennein\u00e4 aikoina.<\/p>\n<p class=\"article-body mb-nof-24 px-nof-16 sndp-summary-bullet-point-font\">P\u00e4\u00e4ministeri Petteri Orpo (kok) sanoi torstaina, ett\u00e4 Suomen valtion tulee pyyt\u00e4\u00e4 saamelaisilta anteeksi.<\/p>\n<p class=\"article-body mb-nof-24 px-nof-16 sndp-summary-bullet-point-font\">M\u00e4kel\u00e4n mukaan anteeksipyynt\u00f6 edustaisi loukkaantumisen kulttuuria, eik\u00e4 h\u00e4n pid\u00e4 sit\u00e4 merkityksellisen\u00e4.<\/p>\n<p class=\"article-body mb-nof-24 px-nof-16\">Perussuomalaisten eduskuntaryhm\u00e4n puheenjohtajan <a class=\"article-personlink\" href=\"https:\/\/www.hs.fi\/haku\/?query=Jani%20M%C3%A4kel%C3%A4n\" rel=\"nofollow noopener\" target=\"_blank\">Jani M\u00e4kel\u00e4n<\/a> mielest\u00e4 Suomen valtion ei tarvitse pyyt\u00e4\u00e4 saamelaisilta anteeksi heid\u00e4n kohteluaan mennein\u00e4 aikoina.<\/p>\n<p class=\"article-body mb-nof-24 px-nof-16\">M\u00e4kel\u00e4n mielest\u00e4 anteeksipyynt\u00f6 ei olisi \u201dt\u00e4t\u00e4 p\u00e4iv\u00e4\u00e4\u201d.<\/p>\n<p class=\"article-body mb-nof-24 px-nof-16\">\u201dJos v\u00e4\u00e4rink\u00e4yt\u00f6ksi\u00e4 on ollut menneisyydess\u00e4, ne eiv\u00e4t ole asioita, joihin min\u00e4 olisin voinut vaikuttaa. Kenen puolesta pyyt\u00e4isin anteeksi? Eik\u00f6h\u00e4n ole aika menn\u00e4 eteenp\u00e4in\u201d, M\u00e4kel\u00e4 sanoo.<\/p>\n<p class=\"article-body mb-nof-24 px-nof-16\">P\u00e4\u00e4ministeri <a class=\"article-personlink\" href=\"https:\/\/www.hs.fi\/haku\/?query=Petteri%20Orpo\" rel=\"nofollow noopener\" target=\"_blank\">Petteri Orpo <\/a>sanoi torstaina saamelaisten totuus- ja sovintokomission loppuraportin julkaisutilaisuudessa, ett\u00e4 Suomen valtion tulee pyyt\u00e4\u00e4 saamelaisilta anteeksi. Orpon mukaan kaikkien puolueiden edustajista koostuvan ty\u00f6ryhm\u00e4n pit\u00e4isi seuraavaksi pohtia, mik\u00e4 olisi hyv\u00e4 ja arvokas anteeksi pyyt\u00e4misen tapa.<\/p>\n<p class=\"article-body mb-nof-24 px-nof-16\">Totuus- ja sovintokomission loppuraportissa kuvattiin esimerkiksi saamelaisten pakkosuomalaistamista ja saamelaislasten oman identiteetin ja kielen kadottamista Suomen koulu- ja asuntolaj\u00e4rjestelm\u00e4ss\u00e4.<\/p>\n<p class=\"article-body mb-nof-24 px-nof-16\">Asuntolakouluissa lapset erotettiin perheist\u00e4\u00e4n, heid\u00e4n kielens\u00e4 k\u00e4ytt\u00f6\u00e4 rajoitettiin ja heit\u00e4 opetettiin vain suomeksi ja valtakulttuurin arvojen pohjalta. Traumat ovat siirtyneet sukupolvelta toiselle.<\/p>\n<p class=\"article-body mb-nof-24 px-nof-16\">M\u00e4kel\u00e4 ei pid\u00e4 anteeksipyynt\u00f6\u00e4 t\u00e4rke\u00e4n\u00e4. \u201dEn n\u00e4e asiaa hirve\u00e4n merkityksellisen\u00e4.\u201d<\/p>\n<p class=\"article-body mb-nof-24 px-nof-16\">M\u00e4kel\u00e4n mukaan asiasta ei ole viel\u00e4 juuri ehditty keskustella perussuomalaisten kansanedustajien kesken. H\u00e4n kuitenkin arvelee, ett\u00e4 h\u00e4nen oma n\u00e4kemyksens\u00e4 on ryhm\u00e4ss\u00e4 \u201dkohtalaisen hyvin jaettu.\u201d<\/p>\n<p class=\"article-body mb-nof-24 px-nof-16\">M\u00e4kel\u00e4 toteaa, ett\u00e4 saamelaiset saivat t\u00e4m\u00e4n hallituksen avulla jo yhden t\u00e4rke\u00e4n tavoitteensa l\u00e4pi, kun uusi saamelaisk\u00e4r\u00e4j\u00e4laki hyv\u00e4ksyttiin.<\/p>\n<p class=\"article-body mb-nof-24 px-nof-16\">\u201dEiv\u00e4tk\u00f6h\u00e4n he ole jo saaneet tarpeeksi\u201d, M\u00e4kel\u00e4 sanoo saamelaisk\u00e4r\u00e4j\u00e4lakiin viitaten.<\/p>\n<p class=\"article-body mb-nof-24 px-nof-16\">Laissa saamelaiset saivat itse enemm\u00e4n vaikutusvaltaa siihen, ketk\u00e4 voivat asettua ehdolle saamelaisia edustavan saamelaisk\u00e4r\u00e4jien vaaleissa.<\/p>\n<p class=\"article-body mb-nof-24 px-nof-16\">Laki tarkensi my\u00f6s sit\u00e4, mill\u00e4 tavoin saamelaisia pit\u00e4\u00e4 kuulla saamelaisaluetta koskevissa p\u00e4\u00e4t\u00f6ksiss\u00e4.<\/p>\n<p class=\"article-body mb-nof-24 px-nof-16\">M\u00e4kel\u00e4n mielest\u00e4 anteeksipyynt\u00f6 edustaisi \u201dcancel-kulttuuria\u201d, joka on h\u00e4nen mukaansa tuontitavaraa Yhdysvalloista Eurooppaan. \u201dItse en n\u00e4e t\u00e4llaista loukkaantumisen kulttuuria j\u00e4rkev\u00e4n\u00e4.\u201d<\/p>\n","protected":false},"excerpt":{"rendered":"Saamelaisten kohtelu|P\u00e4\u00e4ministeri Orpon mielest\u00e4 Suomen valtion tulee pyyt\u00e4\u00e4 anteeksi saamelaisten kohtelua. Perussuomalaisten ryhm\u00e4johtaja on eri mielt\u00e4. Lue tiivistelm\u00e4&hellip;\n","protected":false},"author":2,"featured_media":108312,"comment_status":"","ping_status":"","sticky":false,"template":"","format":"standard","meta":{"footnotes":""},"categories":[12],"tags":[22,23,26,27,33,31,30,17,46,24,25,28,29,15,18,21,32,19,20,16],"class_list":{"0":"post-108311","1":"post","2":"type-post","3":"status-publish","4":"format-standard","5":"has-post-thumbnail","7":"category-suomi","8":"tag-breaking-news","9":"tag-breakingnews","10":"tag-featured-news","11":"tag-featurednews","12":"tag-fi","13":"tag-finland","14":"tag-finnish","15":"tag-headlines","16":"tag-helsingin-sanomat","17":"tag-latest-news","18":"tag-latestnews","19":"tag-main-news","20":"tag-mainnews","21":"tag-news","22":"tag-otsikot","23":"tag-paauutiset","24":"tag-suomi","25":"tag-top-stories","26":"tag-topstories","27":"tag-uutiset"},"share_on_mastodon":{"url":"https:\/\/pubeurope.com\/@fi\/115666315181573579","error":""},"_links":{"self":[{"href":"https:\/\/www.europesays.com\/fi\/wp-json\/wp\/v2\/posts\/108311","targetHints":{"allow":["GET"]}}],"collection":[{"href":"https:\/\/www.europesays.com\/fi\/wp-json\/wp\/v2\/posts"}],"about":[{"href":"https:\/\/www.europesays.com\/fi\/wp-json\/wp\/v2\/types\/post"}],"author":[{"embeddable":true,"href":"https:\/\/www.europesays.com\/fi\/wp-json\/wp\/v2\/users\/2"}],"replies":[{"embeddable":true,"href":"https:\/\/www.europesays.com\/fi\/wp-json\/wp\/v2\/comments?post=108311"}],"version-history":[{"count":0,"href":"https:\/\/www.europesays.com\/fi\/wp-json\/wp\/v2\/posts\/108311\/revisions"}],"wp:featuredmedia":[{"embeddable":true,"href":"https:\/\/www.europesays.com\/fi\/wp-json\/wp\/v2\/media\/108312"}],"wp:attachment":[{"href":"https:\/\/www.europesays.com\/fi\/wp-json\/wp\/v2\/media?parent=108311"}],"wp:term":[{"taxonomy":"category","embeddable":true,"href":"https:\/\/www.europesays.com\/fi\/wp-json\/wp\/v2\/categories?post=108311"},{"taxonomy":"post_tag","embeddable":true,"href":"https:\/\/www.europesays.com\/fi\/wp-json\/wp\/v2\/tags?post=108311"}],"curies":[{"name":"wp","href":"https:\/\/api.w.org\/{rel}","templated":true}]}}