{"id":108321,"date":"2025-12-05T10:03:12","date_gmt":"2025-12-05T10:03:12","guid":{"rendered":"https:\/\/www.europesays.com\/fi\/108321\/"},"modified":"2025-12-05T10:03:12","modified_gmt":"2025-12-05T10:03:12","slug":"esapekka-lappi-palaa-mm-rallikuljettajaksi-hyundai-julkisti-ensi-kauden-tiiminsa-kolmosautoa-jakamaan-yllatysnimi-urheilua-lyhyesti","status":"publish","type":"post","link":"https:\/\/www.europesays.com\/fi\/108321\/","title":{"rendered":"Esapekka Lappi palaa MM-ralli\u00adkuljettajaksi \u2013 Hyundai julkisti ensi kauden tiimins\u00e4, kolmosautoa jakamaan yll\u00e4tysnimi | Urheilua lyhyesti"},"content":{"rendered":"<p class=\"aw-1gybjub aw-5vja16 kEtdKx kmuxyA yle__article__paragraph\">Esapekka Lappi hypp\u00e4\u00e4 ensi kaudella Hyundain kolmoskuljettajaksi.<\/p>\n<p><img decoding=\"async\" alt=\"Esapekka Lappi rallin SM-sarjassa.\" src=\"https:\/\/www.europesays.com\/fi\/wp-content\/uploads\/2025\/08\/39-150816968a09347ecac8.jpeg\" class=\"aw-1l9m598 hKVVvP\"\/><\/p>\n<p>Avaa kuvien katselu<\/p>\n<p>Esapekka Lappi ajoi menneell\u00e4 kaudella rallin SM-sarjan voittajaksi. Nyt h\u00e4n palaa Hyundaille MM-sarjaan. Kuva: Taneli Niinim\u00e4ki \/ AKK<\/p>\n<p class=\"aw-1gybjub aw-1p7kakr kEtdKx cEmitX yle__article__paragraph\"><strong class=\"aw-ak79eh KyCXm yle__article__strong\">Esapekka Lappi<\/strong>, 34, palaa ensi kaudeksi rallin MM-sarjaan.<\/p>\n<p class=\"aw-1gybjub aw-1p7kakr kEtdKx cEmitX yle__article__paragraph\">Lappi ja h\u00e4nen kartturinsa <strong class=\"aw-ak79eh KyCXm yle__article__strong\">Enni M\u00e4lk\u00f6nen<\/strong> ovat kiinnitetty tuttuun talliin, kun h\u00e4n palaa osaksi Hyundain tiimi\u00e4. Lappi ajoi viime vuonna Hyundailla, p\u00e4\u00e4tt\u00e4en aikansa tallissa Chilen MM-rallissa. T\u00e4ll\u00e4 kaudella h\u00e4n ajoi rallin Suomen mestaruuteen.<\/p>\n<p class=\"aw-1gybjub aw-1p7kakr kEtdKx cEmitX yle__article__paragraph\">Lappi ehti jo aiemmin ilmoittamaan, ettei h\u00e4n ole en\u00e4\u00e4 halukas ajamaan MM-sarjassa. Hyundai kuitenkin l\u00e4hestyi suomalaista <strong class=\"aw-ak79eh KyCXm yle__article__strong\">Ott T\u00e4nakin<\/strong> ilmoitettua l\u00e4hd\u00f6st\u00e4\u00e4n. T\u00e4m\u00e4 sytytti Lapin kohdalla uuden kipin\u00e4n ryhty\u00e4 j\u00e4lleen MM-kuljettajaksi.<\/p>\n<p><img decoding=\"async\" alt=\"Rallikuljettaja Esapekka Lappi hymyilee kameralle.\" src=\"https:\/\/www.europesays.com\/fi\/wp-content\/uploads\/2025\/12\/39-15615416929b3f300899.jpeg\" class=\"aw-1l9m598 hKVVvP\"\/><\/p>\n<p class=\"aw-1gybjub aw-1p7kakr kEtdKx cEmitX yle__article__paragraph\">Hyundain kaksi k\u00e4rkikuskia ensi kaudella ovat <strong class=\"aw-ak79eh KyCXm yle__article__strong\">Thierry Neuville<\/strong> ja <strong class=\"aw-ak79eh KyCXm yle__article__strong\">Adrien Fourmaux<\/strong>. He ajavat kaikki MM-rallit tulevalla kaudella.<\/p>\n<p class=\"aw-1gybjub aw-1p7kakr kEtdKx cEmitX yle__article__paragraph\">Lappi tulee jatkossa jakamaan kolmoskuljettajan roolin. Hyundain kolmatta autoa jakavat Lapin kanssa kokenut <strong class=\"aw-ak79eh KyCXm yle__article__strong\">Dani Sordo<\/strong> ja uusiseelantilainen <strong class=\"aw-ak79eh KyCXm yle__article__strong\">Hayden Paddon<\/strong>.<\/p>\n<p class=\"aw-1gybjub aw-1p7kakr kEtdKx cEmitX yle__article__paragraph\">\u2013 Meill\u00e4 on kolmanteen autoon vuorottelemaan kolme eritt\u00e4in kokenutta ja kilpailukykyist\u00e4 kuljettajakaksikkoa. Ottamalla mukaamme Danin, EP:n ja Haydenin voimme hy\u00f6dynt\u00e4\u00e4 heid\u00e4n yksil\u00f6llisi\u00e4 vahvuuksiaan tavoitellaksemme tavoitettamme valmistajien mestaruudesta ensi vuonna, Hyundain urheilutoimenjohtaja <strong class=\"aw-ak79eh KyCXm yle__article__strong\">Andrew Wheatley<\/strong> kommentoi nimityksi\u00e4.<\/p>\n<p><img decoding=\"async\" alt=\"Ott T\u00e4nak ottaa Hyundain porukasta yhteiskuvan ennen Jyv\u00e4skyl\u00e4n MM-rallia 2025.\" src=\"https:\/\/www.europesays.com\/fi\/wp-content\/uploads\/2025\/12\/39-152862968d52447dfc52.jpeg\" loading=\"lazy\" class=\"aw-1l9m598 hKVVvP\"\/><\/p>\n<p>Avaa kuvien katselu<\/p>\n<p>T\u00e4m\u00e4 porukka muuttuu: oikealla laidalla kuvassa oleva Ott T\u00e4nak poistuu Hyundailta, h\u00e4nen vierell\u00e4\u00e4n olevat Thierry Neuville ja Adrien Fourmaux nousevat k\u00e4rkikuskeiksi. Kuva: Tomi H\u00e4nninen<\/p>\n<p class=\"aw-1gybjub aw-1p7kakr kEtdKx cEmitX yle__article__paragraph\">Sordo, 42, ajoi Hyundailla p\u00e4\u00e4ttyneell\u00e4 kaudella Portugalin rallisarjan mestaruuteen, kuljettaen tallin Rally2-autoa. H\u00e4n ajoi Hyundain autoa puolestaan viime vuonna kaikkiaan kolmessa Rally1-luokan MM-rallissa. N\u00e4ist\u00e4 kisoista h\u00e4n napsi kaksi palkintopallisijaa.<\/p>\n<p class=\"aw-1gybjub aw-1p7kakr kEtdKx cEmitX yle__article__paragraph\">Paddonia, 38, voidaan pit\u00e4\u00e4 todellisena yll\u00e4tysnimen\u00e4 osana kolmoskuskitrioa. Uusiseelantilainen on kilpaillut aiemmin Hyundailla, mutta viimeksi seitsem\u00e4n vuotta sitten kaudella 2018.<\/p>\n<p><img decoding=\"async\" alt=\"Rallikuljettaja Hayden Paddon nousee autostaan.\" src=\"https:\/\/www.europesays.com\/fi\/wp-content\/uploads\/2025\/12\/39-15647776932a6b79454d.jpeg\" loading=\"lazy\" class=\"aw-1l9m598 hKVVvP\"\/><\/p>\n<p>Avaa kuvien katselu<\/p>\n<p>Hayden Paddon palaa MM-sarjaan. Kuva: Vesa P\u00f6pp\u00f6nen \/ AOP<\/p>\n<p class=\"aw-1gybjub aw-1p7kakr kEtdKx cEmitX yle__article__paragraph\">Paddon on onnistunut voittamaan urallaan yhden MM-kisan, vuonna 2016 Argentiinan MM-rallin. Viime kaudella Paddon voitti Australian rallisarjan, t\u00e4t\u00e4 ennen h\u00e4n vei kahdesti rallin EM-sarjan voiton vuosina 2023 ja 2024. Voittonsa h\u00e4n ajoi juuri Hyundain ratissa.<\/p>\n","protected":false},"excerpt":{"rendered":"Esapekka Lappi hypp\u00e4\u00e4 ensi kaudella Hyundain kolmoskuljettajaksi. Avaa kuvien katselu Esapekka Lappi ajoi menneell\u00e4 kaudella rallin SM-sarjan voittajaksi.&hellip;\n","protected":false},"author":2,"featured_media":8004,"comment_status":"","ping_status":"","sticky":false,"template":"","format":"standard","meta":{"footnotes":""},"categories":[158],"tags":[3600,33,31,30,8521,3241,3540,159,32,160],"class_list":{"0":"post-108321","1":"post","2":"type-post","3":"status-publish","4":"format-standard","5":"has-post-thumbnail","7":"category-urheilu","8":"tag-esapekka-lappi","9":"tag-fi","10":"tag-finland","11":"tag-finnish","12":"tag-hyundai-motor-company","13":"tag-ralliautoilu","14":"tag-rallin-mm-sarja","15":"tag-sports","16":"tag-suomi","17":"tag-urheilu"},"share_on_mastodon":{"url":"https:\/\/pubeurope.com\/@fi\/115666394182856326","error":""},"_links":{"self":[{"href":"https:\/\/www.europesays.com\/fi\/wp-json\/wp\/v2\/posts\/108321","targetHints":{"allow":["GET"]}}],"collection":[{"href":"https:\/\/www.europesays.com\/fi\/wp-json\/wp\/v2\/posts"}],"about":[{"href":"https:\/\/www.europesays.com\/fi\/wp-json\/wp\/v2\/types\/post"}],"author":[{"embeddable":true,"href":"https:\/\/www.europesays.com\/fi\/wp-json\/wp\/v2\/users\/2"}],"replies":[{"embeddable":true,"href":"https:\/\/www.europesays.com\/fi\/wp-json\/wp\/v2\/comments?post=108321"}],"version-history":[{"count":0,"href":"https:\/\/www.europesays.com\/fi\/wp-json\/wp\/v2\/posts\/108321\/revisions"}],"wp:featuredmedia":[{"embeddable":true,"href":"https:\/\/www.europesays.com\/fi\/wp-json\/wp\/v2\/media\/8004"}],"wp:attachment":[{"href":"https:\/\/www.europesays.com\/fi\/wp-json\/wp\/v2\/media?parent=108321"}],"wp:term":[{"taxonomy":"category","embeddable":true,"href":"https:\/\/www.europesays.com\/fi\/wp-json\/wp\/v2\/categories?post=108321"},{"taxonomy":"post_tag","embeddable":true,"href":"https:\/\/www.europesays.com\/fi\/wp-json\/wp\/v2\/tags?post=108321"}],"curies":[{"name":"wp","href":"https:\/\/api.w.org\/{rel}","templated":true}]}}