{"id":108329,"date":"2025-12-05T10:10:08","date_gmt":"2025-12-05T10:10:08","guid":{"rendered":"https:\/\/www.europesays.com\/fi\/108329\/"},"modified":"2025-12-05T10:10:08","modified_gmt":"2025-12-05T10:10:08","slug":"varusmiehille-tarjottu-homeista-leipaa-kainuun-prikaatissa","status":"publish","type":"post","link":"https:\/\/www.europesays.com\/fi\/108329\/","title":{"rendered":"Varusmiehille tarjottu homeista leip\u00e4\u00e4 Kainuun prikaatissa"},"content":{"rendered":"<p>Varuskuntaravintola ryhtyi toimiin torstaina.<\/p>\n<p class=\"article-body mb-nof-24 px-nof-16\">Kainuun prikaatin varusmies <a class=\"article-personlink\" href=\"https:\/\/www.is.fi\/haku\/?query=Perttu\" rel=\"nofollow noopener\" target=\"_blank\">Perttu<\/a> kertoo Ilta-Sanomille, ett\u00e4 torstaina prikaatin muonituskeskuksessa tarjottiin homeista leip\u00e4\u00e4 lounaalla.<\/p>\n<p class=\"article-body mb-nof-24 px-nof-16\">\u2013 T\u00e4\u00e4ll\u00e4 sy\u00f6d\u00e4\u00e4n joka p\u00e4iv\u00e4 ruokaa ja sitten on hometta, niin eih\u00e4n sit\u00e4 tied\u00e4 ett\u00e4 mik\u00e4 ruokamyrkytys tulee, h\u00e4n kertoo.<\/p>\n<p class=\"article-body mb-nof-24 px-nof-16\">T\u00e4ll\u00e4 kertaa homeinen leiv\u00e4nkannikka osui Pertun kaverille.<\/p>\n<p class=\"article-body mb-nof-24 px-nof-16\">\u2013 Mutta ei ole ensimm\u00e4inen kerta, kun me n\u00e4hd\u00e4\u00e4n hometta. On kyll\u00e4 aiemmin ollut omassakin leiv\u00e4ss\u00e4, Perttu valaisee.<\/p>\n<p class=\"article-body mb-nof-24 px-nof-16\">H\u00e4n kertoo muistavansa ainakin kolme aiempaa tapausta varuskuntaravintolasta, jossa h\u00e4n on n\u00e4hnyt homeista leip\u00e4\u00e4.<\/p>\n<p class=\"article-body mb-nof-24 px-nof-16\">Keitti\u00f6n henkil\u00f6kuntaa ei ollut Pertun mukaan torstaina n\u00e4kyvill\u00e4, joten Pertun seurue ei ilmoittanut kenellek\u00e4\u00e4n asiasta. H\u00e4n toivoo, ett\u00e4 joku on kertonut ongelmasta keitti\u00f6\u00f6n.<\/p>\n<p class=\"article-body mb-nof-24 px-nof-16\">Muissa ruoissa ei ole ollut Pertun mukaan hometta. Ongelma on koskenut vain leipi\u00e4.<\/p>\n<p class=\"article-body mb-nof-24 px-nof-16\">\u2013 On tietysti v\u00e4h\u00e4n hedelmi\u00e4, jotka ovat n\u00e4hneet jo paljon aikaa, mutta ei selke\u00e4sti muuten ole n\u00e4kynyt hometta.<\/p>\n<p class=\"article-body mb-nof-24 px-nof-16\">Perttu sanoo, ett\u00e4 varuskunnassa on ollut liikkeell\u00e4 ruokamyrkytyksen oireita. H\u00e4n kuitenkin toteaa, ett\u00e4 oireet voivat johtua jostain muustakin.<\/p>\n<p><img decoding=\"async\" src=\"https:\/\/www.europesays.com\/fi\/wp-content\/uploads\/2025\/12\/1764929408_508_468.jpg\" alt=\"Perttu kertoo, ett\u00e4 ongelmia on ollut vain leiviss\u00e4.\" class=\"_Img_1rerz_1\" style=\"aspect-ratio:0.75\" loading=\"eager\"\/><\/p>\n<p class=\"article-picture-caption\">Perttu kertoo, ett\u00e4 ongelmia on ollut vain leiviss\u00e4. Kuva:\u00a0Lukijan kuva<\/p>\n<p class=\"article-body mb-nof-24 px-nof-16\">Leijona Cateringin henkil\u00f6st\u00f6- ja viestint\u00e4johtaja <a class=\"article-personlink\" href=\"https:\/\/www.is.fi\/haku\/?query=Anu%20Takanen\" rel=\"nofollow noopener\" target=\"_blank\">Anu Takanen<\/a> kertoo s\u00e4hk\u00f6postilla Ilta-Sanomille, ett\u00e4 leip\u00e4\u00e4 toimitetaan Kainuun prikaatin ravintola Hoikanhoviin viisi kertaa viikossa.<\/p>\n<p class=\"article-body mb-nof-24 px-nof-16\">\u2013 Joten esille laitettava leip\u00e4 on l\u00e4ht\u00f6kohtaisesti edellisen\u00e4 tai samana p\u00e4iv\u00e4n\u00e4 saapunutta.<\/p>\n<p class=\"article-body mb-nof-24 px-nof-16\">Kun Ilta-Sanomat oli yhteydess\u00e4 Leijona Cateringiin, ravintolan leiv\u00e4t tarkastettiin torstai-iltana, Takanen kertoo. Tarkastuksessa l\u00f6ytyi vain 3. ja 4. joulukuuta saapuneita leipi\u00e4, joissa kaikissa parasta ennen -p\u00e4iv\u00e4ys oli voimassa.<\/p>\n<p class=\"article-body mb-nof-24 px-nof-16\">\u2013 Leipi\u00e4 esille laitettaessa tehd\u00e4\u00e4n aina aistinvaraista tarkkailua, joka on selv\u00e4sti t\u00e4ss\u00e4 kohtaa p\u00e4\u00e4ssyt pett\u00e4m\u00e4\u00e4n ja olemme siit\u00e4 todella pahoillamme. Vastaavanlaiset tapahtumat eiv\u00e4t ole yleisi\u00e4.<\/p>\n","protected":false},"excerpt":{"rendered":"Varuskuntaravintola ryhtyi toimiin torstaina. Kainuun prikaatin varusmies Perttu kertoo Ilta-Sanomille, ett\u00e4 torstaina prikaatin muonituskeskuksessa tarjottiin homeista leip\u00e4\u00e4 lounaalla.&hellip;\n","protected":false},"author":2,"featured_media":108330,"comment_status":"","ping_status":"","sticky":false,"template":"","format":"standard","meta":{"footnotes":""},"categories":[5],"tags":[22,23,26,27,33,31,30,17,34,24,25,28,29,15,18,21,32,19,20,16],"class_list":{"0":"post-108329","1":"post","2":"type-post","3":"status-publish","4":"format-standard","5":"has-post-thumbnail","7":"category-otsikot","8":"tag-breaking-news","9":"tag-breakingnews","10":"tag-featured-news","11":"tag-featurednews","12":"tag-fi","13":"tag-finland","14":"tag-finnish","15":"tag-headlines","16":"tag-ilta-sanomat","17":"tag-latest-news","18":"tag-latestnews","19":"tag-main-news","20":"tag-mainnews","21":"tag-news","22":"tag-otsikot","23":"tag-paauutiset","24":"tag-suomi","25":"tag-top-stories","26":"tag-topstories","27":"tag-uutiset"},"share_on_mastodon":{"url":"https:\/\/pubeurope.com\/@fi\/115666421363609230","error":""},"_links":{"self":[{"href":"https:\/\/www.europesays.com\/fi\/wp-json\/wp\/v2\/posts\/108329","targetHints":{"allow":["GET"]}}],"collection":[{"href":"https:\/\/www.europesays.com\/fi\/wp-json\/wp\/v2\/posts"}],"about":[{"href":"https:\/\/www.europesays.com\/fi\/wp-json\/wp\/v2\/types\/post"}],"author":[{"embeddable":true,"href":"https:\/\/www.europesays.com\/fi\/wp-json\/wp\/v2\/users\/2"}],"replies":[{"embeddable":true,"href":"https:\/\/www.europesays.com\/fi\/wp-json\/wp\/v2\/comments?post=108329"}],"version-history":[{"count":0,"href":"https:\/\/www.europesays.com\/fi\/wp-json\/wp\/v2\/posts\/108329\/revisions"}],"wp:featuredmedia":[{"embeddable":true,"href":"https:\/\/www.europesays.com\/fi\/wp-json\/wp\/v2\/media\/108330"}],"wp:attachment":[{"href":"https:\/\/www.europesays.com\/fi\/wp-json\/wp\/v2\/media?parent=108329"}],"wp:term":[{"taxonomy":"category","embeddable":true,"href":"https:\/\/www.europesays.com\/fi\/wp-json\/wp\/v2\/categories?post=108329"},{"taxonomy":"post_tag","embeddable":true,"href":"https:\/\/www.europesays.com\/fi\/wp-json\/wp\/v2\/tags?post=108329"}],"curies":[{"name":"wp","href":"https:\/\/api.w.org\/{rel}","templated":true}]}}