{"id":108351,"date":"2025-12-05T10:35:07","date_gmt":"2025-12-05T10:35:07","guid":{"rendered":"https:\/\/www.europesays.com\/fi\/108351\/"},"modified":"2025-12-05T10:35:07","modified_gmt":"2025-12-05T10:35:07","slug":"hs-jani-makelan-mielesta-saamelaisilta-ei-tarvitse-pyytaa-anteeksi","status":"publish","type":"post","link":"https:\/\/www.europesays.com\/fi\/108351\/","title":{"rendered":"HS: Jani M\u00e4kel\u00e4n mielest\u00e4 saamelaisilta ei tarvitse pyyt\u00e4\u00e4 anteeksi"},"content":{"rendered":"<p>P\u00e4\u00e4ministeri Petteri Orpon (kok) mukaan historiassa tehtyj\u00e4 v\u00e4\u00e4ryyksi\u00e4 tulisi pyyt\u00e4\u00e4 anteeksi.<\/p>\n<p class=\"article-body mb-nof-24 px-nof-16\">Suomen valtion ei tarvitse pyyt\u00e4\u00e4 saamelaisilta anteeksi, perussuomalaisten eduskuntaryhm\u00e4n puheenjohtaja <a class=\"article-personlink\" href=\"https:\/\/www.is.fi\/haku\/?query=Jani%20M%C3%A4kel%C3%A4\" rel=\"nofollow noopener\" target=\"_blank\">Jani M\u00e4kel\u00e4<\/a> sanoo <a class=\"article-genericlink\" href=\"https:\/\/www.hs.fi\/politiikka\/art-2000011671720.html\" rel=\"nofollow noopener\" target=\"_blank\">Helsingin Sanomille<\/a>.<\/p>\n<p class=\"article-body mb-nof-24 px-nof-16\">\u2013 Jos v\u00e4\u00e4rink\u00e4yt\u00f6ksi\u00e4 on ollut menneisyydess\u00e4, ne eiv\u00e4t ole asioita, joihin min\u00e4 olisin voinut vaikuttaa. Kenen puolesta pyyt\u00e4isin anteeksi? Eik\u00f6h\u00e4n ole aika menn\u00e4 eteenp\u00e4in, M\u00e4kel\u00e4 sanoo.<\/p>\n<p class=\"article-body mb-nof-24 px-nof-16\">P\u00e4\u00e4ministeri <a class=\"article-personlink\" href=\"https:\/\/www.is.fi\/haku\/?query=Petteri%20Orpo\" rel=\"nofollow noopener\" target=\"_blank\">Petteri Orpo<\/a> (kok) <a class=\"article-genericlink\" href=\"https:\/\/www.is.fi\/politiikka\/art-2000011669285.html\" rel=\"nofollow noopener\" target=\"_blank\">sanoi torstaina<\/a> j\u00e4rjestetyss\u00e4 tiedotustilaisuudessa, ett\u00e4 saamelaisilta pit\u00e4isi pyyt\u00e4\u00e4 anteeksi historiassa tehtyj\u00e4 v\u00e4\u00e4ryyksi\u00e4.<\/p>\n<p class=\"article-body mb-nof-24 px-nof-16\">Tiedotustilaisuudessa k\u00e4siteltiin saamelaisten totuus- ja sovintokomission juuri valmistunutta loppuraporttia.<\/p>\n<p class=\"article-body mb-nof-24 px-nof-16\">\u2013\u2009Minusta on selv\u00e4\u00e4, ett\u00e4 anteeksipyynt\u00f6 pit\u00e4\u00e4 tehd\u00e4, Orpo sanoi.<\/p>\n<p class=\"article-body mb-nof-24 px-nof-16\">\u2013 Mutta mielest\u00e4ni t\u00e4m\u00e4n parlamentaarisen ryhm\u00e4n, jossa ovat kaikki eduskuntapuolueet, ensimm\u00e4inen teht\u00e4v\u00e4 on mietti\u00e4, miten anteeksipyynt\u00f6 suoritetaan, jotta se on laaja-alainen ja arvokas, Orpo sanoi.<\/p>\n<p class=\"article-body mb-nof-24 px-nof-16\">Saamelaisten totuus- ja sovintokomissio pit\u00e4\u00e4 v\u00e4ltt\u00e4m\u00e4tt\u00f6m\u00e4n\u00e4 sit\u00e4, ett\u00e4 valtio kantaa vastuunsa historiallisista v\u00e4\u00e4ryyksist\u00e4 saamelaisia kohtaan.<\/p>\n<p class=\"article-body mb-nof-24 px-nof-16\">Komission loppuraportissa on useita esityksi\u00e4, jotka pyrkiv\u00e4t parantamaan saamelaisten asemaa.<\/p>\n<p class=\"article-body mb-nof-24 px-nof-16\">Esitykset koskevat muun muassa valtionhallintoa, saamelaisten elinymp\u00e4rist\u00f6\u00e4, perinteisi\u00e4 elinkeinoja, kulttuuriperint\u00f6\u00e4 ja kieli\u00e4.<\/p>\n<p class=\"article-body mb-nof-24 px-nof-16\">Yksi komission merkitt\u00e4v\u00e4 esitys on, ett\u00e4 Suomen valtion tulee tunnistaa ja tunnustaa, ett\u00e4 Suomi on rakennettu kahden kansan, saamelaisten ja suomalaisten, maalle.<\/p>\n","protected":false},"excerpt":{"rendered":"P\u00e4\u00e4ministeri Petteri Orpon (kok) mukaan historiassa tehtyj\u00e4 v\u00e4\u00e4ryyksi\u00e4 tulisi pyyt\u00e4\u00e4 anteeksi. Suomen valtion ei tarvitse pyyt\u00e4\u00e4 saamelaisilta anteeksi,&hellip;\n","protected":false},"author":2,"featured_media":108352,"comment_status":"","ping_status":"","sticky":false,"template":"","format":"standard","meta":{"footnotes":""},"categories":[12],"tags":[22,23,26,27,33,31,30,17,34,24,25,28,29,15,18,21,32,19,20,16],"class_list":{"0":"post-108351","1":"post","2":"type-post","3":"status-publish","4":"format-standard","5":"has-post-thumbnail","7":"category-suomi","8":"tag-breaking-news","9":"tag-breakingnews","10":"tag-featured-news","11":"tag-featurednews","12":"tag-fi","13":"tag-finland","14":"tag-finnish","15":"tag-headlines","16":"tag-ilta-sanomat","17":"tag-latest-news","18":"tag-latestnews","19":"tag-main-news","20":"tag-mainnews","21":"tag-news","22":"tag-otsikot","23":"tag-paauutiset","24":"tag-suomi","25":"tag-top-stories","26":"tag-topstories","27":"tag-uutiset"},"share_on_mastodon":{"url":"https:\/\/pubeurope.com\/@fi\/115666519626127484","error":""},"_links":{"self":[{"href":"https:\/\/www.europesays.com\/fi\/wp-json\/wp\/v2\/posts\/108351","targetHints":{"allow":["GET"]}}],"collection":[{"href":"https:\/\/www.europesays.com\/fi\/wp-json\/wp\/v2\/posts"}],"about":[{"href":"https:\/\/www.europesays.com\/fi\/wp-json\/wp\/v2\/types\/post"}],"author":[{"embeddable":true,"href":"https:\/\/www.europesays.com\/fi\/wp-json\/wp\/v2\/users\/2"}],"replies":[{"embeddable":true,"href":"https:\/\/www.europesays.com\/fi\/wp-json\/wp\/v2\/comments?post=108351"}],"version-history":[{"count":0,"href":"https:\/\/www.europesays.com\/fi\/wp-json\/wp\/v2\/posts\/108351\/revisions"}],"wp:featuredmedia":[{"embeddable":true,"href":"https:\/\/www.europesays.com\/fi\/wp-json\/wp\/v2\/media\/108352"}],"wp:attachment":[{"href":"https:\/\/www.europesays.com\/fi\/wp-json\/wp\/v2\/media?parent=108351"}],"wp:term":[{"taxonomy":"category","embeddable":true,"href":"https:\/\/www.europesays.com\/fi\/wp-json\/wp\/v2\/categories?post=108351"},{"taxonomy":"post_tag","embeddable":true,"href":"https:\/\/www.europesays.com\/fi\/wp-json\/wp\/v2\/tags?post=108351"}],"curies":[{"name":"wp","href":"https:\/\/api.w.org\/{rel}","templated":true}]}}