{"id":108353,"date":"2025-12-05T10:36:10","date_gmt":"2025-12-05T10:36:10","guid":{"rendered":"https:\/\/www.europesays.com\/fi\/108353\/"},"modified":"2025-12-05T10:36:10","modified_gmt":"2025-12-05T10:36:10","slug":"jytky-hinnoille-uusi-tesla-36-990-euroa","status":"publish","type":"post","link":"https:\/\/www.europesays.com\/fi\/108353\/","title":{"rendered":"Jytky hinnoille! Uusi Tesla 36 990 euroa"},"content":{"rendered":"<p>Merkin malliston pohjalle on lis\u00e4tty Tesla Model 3 Standard. <\/p>\n<p><img decoding=\"async\" class=\"image image-show image-preview\" src=\"https:\/\/www.europesays.com\/fi\/wp-content\/uploads\/2025\/12\/c4221d984a34959f37e12265f491c46a660bdb6747307df3a9d8744002509c1f.jpg\" alt=\"\"\/><img decoding=\"async\" class=\"image image-show\" src=\"https:\/\/www.europesays.com\/fi\/wp-content\/uploads\/2025\/12\/1764930970_122_c4221d984a34959f37e12265f491c46a660bdb6747307df3a9d8744002509c1f.jpg\" alt=\"\"\/><\/p>\n<p>Mallistoon lis\u00e4ttiin nyt edullisin Tesla Model 3 Standard. Tesla<\/p>\n<p class=\"paragraph\">Edullisimman Teslan hinta kirjoitetaan 36 990 euron hintaan. Mallistoon on lis\u00e4tty pienempiakkuinen ja v\u00e4hempitehoinen kevyesti riisuttu takavetoinen Model 3 Standard.<\/p>\n<p class=\"paragraph\">Vuonna 2017 esitelty 4,7 metri\u00e4 pitk\u00e4 s\u00e4hk\u00f6sedan l\u00e4henee pian kymmenen vuoden ik\u00e4\u00e4. Se sai kauan kaivatun suuremman p\u00e4ivityksen syksyll\u00e4 2023, vaikka Tesla toki uudistaa mallistoaan pienin muutoksin v\u00e4h\u00e4n v\u00e4li\u00e4.<\/p>\n<p class=\"paragraph\">Nyt hy\u00f6k\u00e4t\u00e4\u00e4n hinnalla.<\/p>\n<p>Riitt\u00e4vi\u00e4 arvoja<\/p>\n<p class=\"paragraph\">Uusi takavetoinen Standard tarjoaa t\u00e4ydell\u00e4 akullisella 534 kilometri\u00e4 WLTP-mittaustavan mukaista toimintamatkaa. T\u00e4t\u00e4 tuetaan uusin 18-tuumaisin Prismata-vantein.<\/p>\n<p class=\"paragraph\">Pikalataaminen sujuu nopeimmillaan 175 kilowatin teholla. N\u00e4in on teoriassa mahdollista saavuttaa 270 kilometri\u00e4 toimintamatkaa vartin pys\u00e4hdyksell\u00e4.<\/p>\n<p class=\"paragraph\">Tehoa on hieman aiempaa v\u00e4hemm\u00e4n, mutta kiihdytys paikaltaan 100 kilometrin tuntinopeuteen sujuu 6,2 sekunnissa. Huippunopeus ylitt\u00e4\u00e4 juuri 200 kilometri\u00e4 tunnissa.<\/p>\n<p>WLTP-toimintamatkaa riitt\u00e4\u00e4 edullisimmassakin versiossa 534 kilometri\u00e4.  Tesla<\/p>\n<p>Ohjaamossa paljon tuttua<\/p>\n<p class=\"paragraph\">Mittaristoa ei ole autoon taiottu, vaan kaikki komennot kulkevat jatkossakin tietoviihdej\u00e4rjestelm\u00e4n suuren kosketusn\u00e4yt\u00f6n kautta.<\/p>\n<p class=\"paragraph\">Ilahduttavasti edullisinkin Model 3 Standard nauttii uusista p\u00e4ivityksist\u00e4, eli vilkkuviiksen palauttamisesta mallistoon sek\u00e4 etukamerasta.<\/p>\n<p class=\"paragraph\">Eik\u00e4 puhelimien langattomia latureitakaan ole viety mihink\u00e4\u00e4n.<\/p>\n<p class=\"paragraph\">My\u00f6s matriisivalot kuuluvat varusteluun. Autopilot on luonnollisesti vakiovaruste.<\/p>\n<p class=\"paragraph\">S\u00e4hk\u00f6s\u00e4\u00e4t\u00f6iset ja l\u00e4mmityksell\u00e4 varustetut etuistuimet on nyt verhoiltu osin kankaalla. Niin ik\u00e4\u00e4n ohjauspy\u00f6r\u00e4 on l\u00e4mmitetty.<\/p>\n<p class=\"paragraph\">Toisin kuin <a href=\"https:\/\/www.iltalehti.fi\/autotestit\/20068f31-dc52-46a0-a7d1-044399a7e990\" rel=\"nofollow noopener\" target=\"_blank\">Model Y Standardin<\/a> kanssa, t\u00e4ss\u00e4 pienemm\u00e4ss\u00e4 panoraamalasikattoa ei ole peitetty keinotekoisesti kankaalla.<\/p>\n<p class=\"paragraph\">S\u00e4hk\u00f6toiminen takaluukku on sedanmallinen, mutta tavaratilaa on per\u00e4ti 594 litraa. Istuimet kaatamalla sen saa laajennettua 1 659 litraan.<\/p>\n<p class=\"paragraph\">Etutavaratilan koko on 88 litraa.<\/p>\n<p class=\"paragraph\">Vetomassa on korkeintaan 1 000 kilogrammaa.<\/p>\n<p>Standarditoimitus<\/p>\n<p class=\"paragraph\">Uutuus on nyt myynniss\u00e4 ja Standardin toimitukset alkavat helmikuussa 2026.<\/p>\n<p class=\"paragraph\">Takuu on 4 vuotta tai 80 000 kilometri\u00e4. Akkutakuu vastaa suurinta osaa muista 8 vuodella tai 160 000 kilometrill\u00e4.<\/p>\n","protected":false},"excerpt":{"rendered":"Merkin malliston pohjalle on lis\u00e4tty Tesla Model 3 Standard. Mallistoon lis\u00e4ttiin nyt edullisin Tesla Model 3 Standard. Tesla&hellip;\n","protected":false},"author":2,"featured_media":108354,"comment_status":"","ping_status":"","sticky":false,"template":"","format":"standard","meta":{"footnotes":""},"categories":[5],"tags":[35,648,22,23,26,27,33,31,30,17,24,25,121,1048,28,29,82,15,18,21,32,128,19,20,16],"class_list":{"0":"post-108353","1":"post","2":"type-post","3":"status-publish","4":"format-standard","5":"has-post-thumbnail","7":"category-otsikot","8":"tag-24h","9":"tag-autot","10":"tag-breaking-news","11":"tag-breakingnews","12":"tag-featured-news","13":"tag-featurednews","14":"tag-fi","15":"tag-finland","16":"tag-finnish","17":"tag-headlines","18":"tag-latest-news","19":"tag-latestnews","20":"tag-liikenne-ja-kuljetus","21":"tag-maakulkuneuvot","22":"tag-main-news","23":"tag-mainnews","24":"tag-moottoriajoneuvot","25":"tag-news","26":"tag-otsikot","27":"tag-paauutiset","28":"tag-suomi","29":"tag-tieliikenne","30":"tag-top-stories","31":"tag-topstories","32":"tag-uutiset"},"share_on_mastodon":{"url":"https:\/\/pubeurope.com\/@fi\/115666523617512883","error":""},"_links":{"self":[{"href":"https:\/\/www.europesays.com\/fi\/wp-json\/wp\/v2\/posts\/108353","targetHints":{"allow":["GET"]}}],"collection":[{"href":"https:\/\/www.europesays.com\/fi\/wp-json\/wp\/v2\/posts"}],"about":[{"href":"https:\/\/www.europesays.com\/fi\/wp-json\/wp\/v2\/types\/post"}],"author":[{"embeddable":true,"href":"https:\/\/www.europesays.com\/fi\/wp-json\/wp\/v2\/users\/2"}],"replies":[{"embeddable":true,"href":"https:\/\/www.europesays.com\/fi\/wp-json\/wp\/v2\/comments?post=108353"}],"version-history":[{"count":0,"href":"https:\/\/www.europesays.com\/fi\/wp-json\/wp\/v2\/posts\/108353\/revisions"}],"wp:featuredmedia":[{"embeddable":true,"href":"https:\/\/www.europesays.com\/fi\/wp-json\/wp\/v2\/media\/108354"}],"wp:attachment":[{"href":"https:\/\/www.europesays.com\/fi\/wp-json\/wp\/v2\/media?parent=108353"}],"wp:term":[{"taxonomy":"category","embeddable":true,"href":"https:\/\/www.europesays.com\/fi\/wp-json\/wp\/v2\/categories?post=108353"},{"taxonomy":"post_tag","embeddable":true,"href":"https:\/\/www.europesays.com\/fi\/wp-json\/wp\/v2\/tags?post=108353"}],"curies":[{"name":"wp","href":"https:\/\/api.w.org\/{rel}","templated":true}]}}