{"id":108369,"date":"2025-12-05T11:01:13","date_gmt":"2025-12-05T11:01:13","guid":{"rendered":"https:\/\/www.europesays.com\/fi\/108369\/"},"modified":"2025-12-05T11:01:13","modified_gmt":"2025-12-05T11:01:13","slug":"lapsi-ei-saanut-mitaan-nalkaansa-finnairin-lennolla-nain-yhtio-vastaa","status":"publish","type":"post","link":"https:\/\/www.europesays.com\/fi\/108369\/","title":{"rendered":"Lapsi ei saanut mit\u00e4\u00e4n n\u00e4lk\u00e4\u00e4ns\u00e4 Finnairin lennolla \u2013 N\u00e4in yhti\u00f6 vastaa"},"content":{"rendered":"<p>Dubailaisperhe j\u00e4rkyttyi, kun Finnairin lennolla n\u00e4lk\u00e4inen lapsi ei saanut sy\u00f6t\u00e4v\u00e4\u00e4. Finnair selitt\u00e4\u00e4 tarjoilujen puutetta muun muassa laskeutumisen alkamisella.<\/p>\n<p><img decoding=\"async\" class=\"image image-show image-preview\" src=\"https:\/\/www.europesays.com\/fi\/wp-content\/uploads\/2025\/12\/3db15092f51018da0fa968bd14dc6f1ab62d5dbe04864b9886ca88db8070a11d.jpg\" alt=\"\"\/><img decoding=\"async\" class=\"image image-show\" src=\"https:\/\/www.europesays.com\/fi\/wp-content\/uploads\/2025\/12\/1764932473_845_3db15092f51018da0fa968bd14dc6f1ab62d5dbe04864b9886ca88db8070a11d.jpg\" alt=\"\"\/><\/p>\n<p>Dubailainen lapsiperhe harmistui Finnairin palveluista. Kuvituskuva. AOP<\/p>\n<p class=\"paragraph\">\u2013 Finnair, markkinoitte itse\u00e4nne joulupukin lentoyhti\u00f6n\u00e4. Pitk\u00e4n matkan lennoilla pystytte kyll\u00e4 parempaan!<\/p>\n<p class=\"paragraph\">N\u00e4in dubailainen Instagram-matkailutili <a href=\"https:\/\/www.instagram.com\/reel\/DRyfyu1DFvK\/?igsh=MWhxMHl4azF5ZzlrbQ%3D%3D\" rel=\"noopener nofollow\" target=\"_blank\">@travel.with.juniors<\/a> l\u00e4ksytti lentoyhti\u00f6 Finnairia. Syyn\u00e4 oli se, ettei perheen lapsi saanut tarjoiluja 40 minuuttia ennen koneen laskeutumista Dubaihin.<\/p>\n<p class=\"paragraph\">Perhe oli matkalla Suomen Lapissa tapaamassa joulupukkia ja tonttuja ja ihmettelem\u00e4ss\u00e4 revontulia. Paluumatkalla tuli kuitenkin sanomista.<\/p>\n<p class=\"paragraph\">\u2013 Pelk\u00e4st\u00e4\u00e4n kahdeksantuntisella Helsinki\u2013Dubai-lennolla teill\u00e4 oli yksi ilmainen ateria, ja kaikki muu piti maksaa itse. Ajattelin, ett\u00e4 se on ihan ok, ainakaan lennolla ei ole humalaisia aikuisia, kun ilmaista alkoholia ei tarjoilla.<\/p>\n<p class=\"paragraph\">\u2013 Mutta kun poikani her\u00e4si uniltaan 40 minuuttia ennen laskeutumista, h\u00e4n oli n\u00e4lk\u00e4inen. Ilmainen lounas oli tarjoiltu kuusi tuntia aiemmin. Olimme matkustaneet koko p\u00e4iv\u00e4n ja halusimme vain ostaa h\u00e4nelle jotain.<\/p>\n<p class=\"paragraph\">Lentokoneen henkil\u00f6kunta ei kuitenkaan myynyt mit\u00e4\u00e4n, koska tarjoilu oli p\u00e4\u00e4ttynyt.<\/p>\n<p class=\"paragraph\">Dubailaisperhe kertoi maksaneensa matkasta 1 000 euroa lipulta ja joutuneensa matkustamaan yhteen suuntaan 15 tunnin verran, ja siksikin toivoneensa parempaa.<\/p>\n<p class=\"paragraph\">Finnair vastasi kommenteissa dubailaisperheelle, ett\u00e4 pitkill\u00e4 lennoilla laskeutuminen aloitetaan noin 45 minuuttia ennen kohteeseen saapumista.<\/p>\n<p class=\"paragraph\">\u2013 Silloin tarjoiluk\u00e4rryt sidotaan paikoilleen, eik\u00e4 niit\u00e4 voi k\u00e4ytt\u00e4\u00e4.<\/p>\n<p class=\"paragraph\">\u2013 Voitte aina kysy\u00e4 henkil\u00f6st\u00f6lt\u00e4 lennolla jotain lapselle, ja teemme parhaamme auttaaksemme. Valitettavasti tarjoiltavaa ruokaa ei voi pit\u00e4\u00e4 tallessa enemp\u00e4\u00e4 kuin pari tuntia, joten meill\u00e4 ei yleens\u00e4 ole ylim\u00e4\u00e4r\u00e4ist\u00e4 antaa, Finnair vastasi kommentissa.<\/p>\n<p><script async src=\"\/\/www.instagram.com\/embed.js\"><\/script><\/p>\n","protected":false},"excerpt":{"rendered":"Dubailaisperhe j\u00e4rkyttyi, kun Finnairin lennolla n\u00e4lk\u00e4inen lapsi ei saanut sy\u00f6t\u00e4v\u00e4\u00e4. Finnair selitt\u00e4\u00e4 tarjoilujen puutetta muun muassa laskeutumisen alkamisella.&hellip;\n","protected":false},"author":2,"featured_media":108370,"comment_status":"","ping_status":"","sticky":false,"template":"","format":"standard","meta":{"footnotes":""},"categories":[12],"tags":[35,22,23,2110,26,27,33,31,30,17,3674,24,25,2910,28,29,923,15,18,21,98,32,19,20,16],"class_list":{"0":"post-108369","1":"post","2":"type-post","3":"status-publish","4":"format-standard","5":"has-post-thumbnail","7":"category-suomi","8":"tag-24h","9":"tag-breaking-news","10":"tag-breakingnews","11":"tag-elamantapa-ja-vapaa-aika","12":"tag-featured-news","13":"tag-featurednews","14":"tag-fi","15":"tag-finland","16":"tag-finnish","17":"tag-headlines","18":"tag-juhla-ja-vapaapaivat","19":"tag-latest-news","20":"tag-latestnews","21":"tag-lentoliikenne-ilmaliikenne","22":"tag-main-news","23":"tag-mainnews","24":"tag-matkustaminen","25":"tag-news","26":"tag-otsikot","27":"tag-paauutiset","28":"tag-perhe","29":"tag-suomi","30":"tag-top-stories","31":"tag-topstories","32":"tag-uutiset"},"share_on_mastodon":{"url":"https:\/\/pubeurope.com\/@fi\/115666622034236696","error":""},"_links":{"self":[{"href":"https:\/\/www.europesays.com\/fi\/wp-json\/wp\/v2\/posts\/108369","targetHints":{"allow":["GET"]}}],"collection":[{"href":"https:\/\/www.europesays.com\/fi\/wp-json\/wp\/v2\/posts"}],"about":[{"href":"https:\/\/www.europesays.com\/fi\/wp-json\/wp\/v2\/types\/post"}],"author":[{"embeddable":true,"href":"https:\/\/www.europesays.com\/fi\/wp-json\/wp\/v2\/users\/2"}],"replies":[{"embeddable":true,"href":"https:\/\/www.europesays.com\/fi\/wp-json\/wp\/v2\/comments?post=108369"}],"version-history":[{"count":0,"href":"https:\/\/www.europesays.com\/fi\/wp-json\/wp\/v2\/posts\/108369\/revisions"}],"wp:featuredmedia":[{"embeddable":true,"href":"https:\/\/www.europesays.com\/fi\/wp-json\/wp\/v2\/media\/108370"}],"wp:attachment":[{"href":"https:\/\/www.europesays.com\/fi\/wp-json\/wp\/v2\/media?parent=108369"}],"wp:term":[{"taxonomy":"category","embeddable":true,"href":"https:\/\/www.europesays.com\/fi\/wp-json\/wp\/v2\/categories?post=108369"},{"taxonomy":"post_tag","embeddable":true,"href":"https:\/\/www.europesays.com\/fi\/wp-json\/wp\/v2\/tags?post=108369"}],"curies":[{"name":"wp","href":"https:\/\/api.w.org\/{rel}","templated":true}]}}