{"id":108371,"date":"2025-12-05T11:02:11","date_gmt":"2025-12-05T11:02:11","guid":{"rendered":"https:\/\/www.europesays.com\/fi\/108371\/"},"modified":"2025-12-05T11:02:11","modified_gmt":"2025-12-05T11:02:11","slug":"nain-murhaajapsykiatri-roope-tikkanen-otti-tuomion-vastaan","status":"publish","type":"post","link":"https:\/\/www.europesays.com\/fi\/108371\/","title":{"rendered":"N\u00e4in murhaajapsykiatri Roope Tikkanen otti tuomion vastaan"},"content":{"rendered":"<p>Murhasta tuomitun psykiatrin puolustus ei ole viel\u00e4 tehnyt p\u00e4\u00e4t\u00f6st\u00e4 valitusluvan hakemisesta.<\/p>\n<p>Roope Tikkanen ja asianajaja Kerstin Koorti hovioikeudessa syyskuussa.Video: Kia Kilpel\u00e4inen<\/p>\n<p class=\"article-body mb-nof-24 px-nof-16\">Ullanlinnan murhasta tuomittu psykiatri <a class=\"article-personlink\" href=\"https:\/\/www.is.fi\/haku\/?query=Roope%20Tikkanen\" rel=\"nofollow noopener\" target=\"_blank\">Roope Tikkanen<\/a>, 51, on saanut asianajajaltaan tiedon Helsingin hovioikeuden tuoreesta tuomiosta.<\/p>\n<p class=\"article-body mb-nof-24 px-nof-16\">Asianajaja <a class=\"article-personlink\" href=\"https:\/\/www.is.fi\/haku\/?query=Kerstin%20Koorti\" rel=\"nofollow noopener\" target=\"_blank\">Kerstin Koorti<\/a> kertoo, ett\u00e4 Tikkanen ei ole p\u00e4\u00e4ssyt viel\u00e4 itse lukemaan tuomiota, mutta on saanut tiedon sen sis\u00e4ll\u00f6st\u00e4.<\/p>\n<p class=\"article-body mb-nof-24 px-nof-16\">\u2013 Luin h\u00e4nelle tuomiota ja h\u00e4n kuunteli.<\/p>\n<p class=\"article-body mb-nof-24 px-nof-16\">\u2013 En osaa sanoa, oliko h\u00e4n yll\u00e4ttynyt, Koorti vastaa kysytt\u00e4ess\u00e4.<\/p>\n<p><img decoding=\"async\" src=\"https:\/\/www.europesays.com\/fi\/wp-content\/uploads\/2025\/12\/1764932530_633_468.jpg\" alt=\"Tikkanen peitteli kasvojaan muistikirjalla hovioikeudessa.\" class=\"_Img_1rerz_1\" style=\"aspect-ratio:1.3333333333333333\" loading=\"eager\"\/><\/p>\n<p class=\"article-picture-caption\">Tikkanen peitteli kasvojaan muistikirjalla hovioikeudessa. Kuva:\u00a0Kia Kilpel\u00e4inen \/ IS<\/p>\n<p class=\"article-body mb-nof-24 px-nof-16\">Koortin mukaan Tikkanen ja h\u00e4n eiv\u00e4t ole viel\u00e4 p\u00e4\u00e4tt\u00e4neet, aikovatko he hakea valituslupaa korkeimmasta oikeudesta.<\/p>\n<p class=\"article-body mb-nof-24 px-nof-16\">\u2013 Mietimme asiaa muutaman p\u00e4iv\u00e4n ja teemme sitten p\u00e4\u00e4t\u00f6ksen, Koorti kertoo.<\/p>\n<p class=\"article-body mb-nof-24 px-nof-16\">Koortin mukaan harkinta voi kest\u00e4\u00e4 ehk\u00e4 viikonkin.<\/p>\n<p class=\"article-body mb-nof-24 px-nof-16\">Hovioikeus ei perjantaina antamallaan ratkaisulla muuttanut k\u00e4r\u00e4j\u00e4oikeuden aiempaa tuomiota. Tikkanen tuomittiin siis elinkautiseen vankeusrangaistukseen murhasta. Murha tuli n\u00e4ytetyksi tekotavan perusteella, vaikka hovioikeus katsoi k\u00e4r\u00e4j\u00e4oikeuden tavoin, ettei teon suunnitelmallisuudesta ollut riitt\u00e4v\u00e4sti n\u00e4ytt\u00f6\u00e4.<\/p>\n<p class=\"article-body mb-nof-24 px-nof-16\">Hovioikeus lievensi hieman omaisille maksettavia korvauksia.<\/p>\n<p><img decoding=\"async\" src=\"https:\/\/www.europesays.com\/fi\/wp-content\/uploads\/2025\/12\/1764923110_921_468.jpg\" alt=\"Tikkanen yritti siirt\u00e4\u00e4 vaimonsa ruumista autoonsa, kun poliisi tuli paikalle.\" class=\"_Img_1rerz_1\" style=\"aspect-ratio:1.3333333333333333\" loading=\"eager\"\/><\/p>\n<p class=\"article-picture-caption\">Tikkanen yritti siirt\u00e4\u00e4 vaimonsa ruumista autoonsa, kun poliisi tuli paikalle. Kuva:\u00a0Poliisi<\/p>\n<p class=\"article-body mb-nof-24 px-nof-16\">Elinkautista istuva Tikkanen riisti 47-vuotiaan vaimonsa hengen Helsingin Ullanlinnassa pariskunnan yhteisess\u00e4 kerrostalokodissa perjantaiy\u00f6n\u00e4 16. joulukuuta 2022. H\u00e4n j\u00e4i kiinni yritt\u00e4ess\u00e4\u00e4n siirt\u00e4\u00e4 vaimonsa mattoon ja pressuun k\u00e4\u00e4ritty\u00e4 ruumista autoon.<\/p>\n<p class=\"article-body mb-nof-24 px-nof-16\">Murhaa k\u00e4siteltiin Helsingin hovioikeudessa useana p\u00e4iv\u00e4 syyskuussa.<\/p>\n","protected":false},"excerpt":{"rendered":"Murhasta tuomitun psykiatrin puolustus ei ole viel\u00e4 tehnyt p\u00e4\u00e4t\u00f6st\u00e4 valitusluvan hakemisesta. Roope Tikkanen ja asianajaja Kerstin Koorti hovioikeudessa&hellip;\n","protected":false},"author":2,"featured_media":44781,"comment_status":"","ping_status":"","sticky":false,"template":"","format":"standard","meta":{"footnotes":""},"categories":[5],"tags":[22,23,26,27,33,31,30,17,34,24,25,28,29,15,18,21,32,19,20,16],"class_list":{"0":"post-108371","1":"post","2":"type-post","3":"status-publish","4":"format-standard","5":"has-post-thumbnail","7":"category-otsikot","8":"tag-breaking-news","9":"tag-breakingnews","10":"tag-featured-news","11":"tag-featurednews","12":"tag-fi","13":"tag-finland","14":"tag-finnish","15":"tag-headlines","16":"tag-ilta-sanomat","17":"tag-latest-news","18":"tag-latestnews","19":"tag-main-news","20":"tag-mainnews","21":"tag-news","22":"tag-otsikot","23":"tag-paauutiset","24":"tag-suomi","25":"tag-top-stories","26":"tag-topstories","27":"tag-uutiset"},"share_on_mastodon":{"url":"https:\/\/pubeurope.com\/@fi\/115666625885373569","error":""},"_links":{"self":[{"href":"https:\/\/www.europesays.com\/fi\/wp-json\/wp\/v2\/posts\/108371","targetHints":{"allow":["GET"]}}],"collection":[{"href":"https:\/\/www.europesays.com\/fi\/wp-json\/wp\/v2\/posts"}],"about":[{"href":"https:\/\/www.europesays.com\/fi\/wp-json\/wp\/v2\/types\/post"}],"author":[{"embeddable":true,"href":"https:\/\/www.europesays.com\/fi\/wp-json\/wp\/v2\/users\/2"}],"replies":[{"embeddable":true,"href":"https:\/\/www.europesays.com\/fi\/wp-json\/wp\/v2\/comments?post=108371"}],"version-history":[{"count":0,"href":"https:\/\/www.europesays.com\/fi\/wp-json\/wp\/v2\/posts\/108371\/revisions"}],"wp:featuredmedia":[{"embeddable":true,"href":"https:\/\/www.europesays.com\/fi\/wp-json\/wp\/v2\/media\/44781"}],"wp:attachment":[{"href":"https:\/\/www.europesays.com\/fi\/wp-json\/wp\/v2\/media?parent=108371"}],"wp:term":[{"taxonomy":"category","embeddable":true,"href":"https:\/\/www.europesays.com\/fi\/wp-json\/wp\/v2\/categories?post=108371"},{"taxonomy":"post_tag","embeddable":true,"href":"https:\/\/www.europesays.com\/fi\/wp-json\/wp\/v2\/tags?post=108371"}],"curies":[{"name":"wp","href":"https:\/\/api.w.org\/{rel}","templated":true}]}}