{"id":108375,"date":"2025-12-05T11:19:08","date_gmt":"2025-12-05T11:19:08","guid":{"rendered":"https:\/\/www.europesays.com\/fi\/108375\/"},"modified":"2025-12-05T11:19:08","modified_gmt":"2025-12-05T11:19:08","slug":"james-cameron-vihjaili-vahvasti-uudesta-terminator-elokuvasta-scifin-tekeminen-on-nykyaan-vaikeaa","status":"publish","type":"post","link":"https:\/\/www.europesays.com\/fi\/108375\/","title":{"rendered":"James Cameron vihjaili vahvasti uudesta Terminator-elokuvasta: \u201cScifin tekeminen on nyky\u00e4\u00e4n vaikeaa\u201d"},"content":{"rendered":"<p>Kuva: \u00a9 MGM International Television Distribution Inc. <\/p>\n<p>James Cameron kuulostaa olevan palaamassa Avatar-maailmasta Terminatorin pariin.<\/p>\n<p><a href=\"https:\/\/muropaketti.com\/avainsana\/james-cameron\/\" rel=\"nofollow noopener\" target=\"_blank\">James Cameron<\/a> on viime vuodet puuhannut Avatar-elokuviaan, joista kolmas, Avatar: Fire and Ash, julkaistaan elokuvateattereissa parin viikon kuluttua. <a href=\"https:\/\/gizmodo.com\/james-cameron-new-terminator-film-reality-2000694235\" target=\"_blank\" rel=\"noreferrer noopener nofollow\">Io9:n <\/a>haastattelussa elokuvantekij\u00e4 kuitenkin vihjaa my\u00f6s paluusta takaisin Terminatorin pariin.<\/p>\n<p>Cameronhan ohjasi kaksi ensimm\u00e4ist\u00e4 Terminator-elokuvaa, mutta vet\u00e4ytyi niist\u00e4 sen j\u00e4lkeen pois, vaikka useita erilaisia jatko-osia franchisessa onkin julkaistu.<\/p>\n<p>\u201dMinulla on aikaa kirjoittaa ja mietti\u00e4 seuraavia projektejani ja niiden j\u00e4rjestyst\u00e4 ja niin edelleen, kunhan olemme saaneet [uuden Avatar-elokuvan] markkinoinnin valmiiksi kuukauden tai parin kuluttua. Minulla on paksu pino muistiinpanoja siit\u00e4, mit\u00e4 haluan tehd\u00e4 uuden Terminator-elokuvan suhteen. Aion panostaa siihen k\u00e4sikirjoittajana\u201d, Cameron kertoo.<\/p>\n<p>H\u00e4nen mukaansa scifin tekeminen on kuitenkin nykyaikana vaikeaa.<\/p>\n<p>\u201dSe on vaikeaa, sill\u00e4 tieteiskirjallisuus on saavuttanut meid\u00e4t. El\u00e4mme scifin maailmassa, ja meid\u00e4n on kirjaimellisesti k\u00e4sitelt\u00e4v\u00e4 ongelmia, jotka aiemmin olivat olemassa vain tieteiskirjoissa ja -elokuvissa. Nyt el\u00e4mme sit\u00e4 oikeasti. En tule koskaan olemaan yht\u00e4 kaukon\u00e4k\u00f6inen kuin vuonna 1984 kuvitellessani t\u00e4t\u00e4, enk\u00e4 usko, ett\u00e4 kukaan tiet\u00e4\u00e4, mit\u00e4 tapahtuu vuoden tai kahden kuluttua.\u201d<\/p>\n<p>Mik\u00e4li Avatar: Fire and Ashista tulee valtaisa hitti, Cameron kuitenkin luultavasti palaa sen pariin nelj\u00e4nnen elokuvan osalta ennen kuin aloittaa uusia projekteja.<\/p>\n<p>Suomessa kolmas Avatar saa ensi-iltansa keskiviikkona 17. joulukuuta.<\/p>\n","protected":false},"excerpt":{"rendered":"Kuva: \u00a9 MGM International Television Distribution Inc. James Cameron kuulostaa olevan palaamassa Avatar-maailmasta Terminatorin pariin. James Cameron on&hellip;\n","protected":false},"author":2,"featured_media":80052,"comment_status":"","ping_status":"","sticky":false,"template":"","format":"standard","meta":{"footnotes":"","_share_on_mastodon":"0"},"categories":[131],"tags":[1093,155,137,33,173,31,30,434,172,32,435,109],"class_list":["post-108375","post","type-post","status-publish","format-standard","has-post-thumbnail","category-elokuvat","tag-avatar-fire-and-ash","tag-elokuvat","tag-entertainment","tag-fi","tag-film","tag-finland","tag-finnish","tag-james-cameron","tag-movies","tag-suomi","tag-terminator","tag-viihde"],"share_on_mastodon":{"url":"https:\/\/pubeurope.com\/@fi\/115666692674270960","error":""},"_links":{"self":[{"href":"https:\/\/www.europesays.com\/fi\/wp-json\/wp\/v2\/posts\/108375","targetHints":{"allow":["GET"]}}],"collection":[{"href":"https:\/\/www.europesays.com\/fi\/wp-json\/wp\/v2\/posts"}],"about":[{"href":"https:\/\/www.europesays.com\/fi\/wp-json\/wp\/v2\/types\/post"}],"author":[{"embeddable":true,"href":"https:\/\/www.europesays.com\/fi\/wp-json\/wp\/v2\/users\/2"}],"replies":[{"embeddable":true,"href":"https:\/\/www.europesays.com\/fi\/wp-json\/wp\/v2\/comments?post=108375"}],"version-history":[{"count":0,"href":"https:\/\/www.europesays.com\/fi\/wp-json\/wp\/v2\/posts\/108375\/revisions"}],"wp:featuredmedia":[{"embeddable":true,"href":"https:\/\/www.europesays.com\/fi\/wp-json\/wp\/v2\/media\/80052"}],"wp:attachment":[{"href":"https:\/\/www.europesays.com\/fi\/wp-json\/wp\/v2\/media?parent=108375"}],"wp:term":[{"taxonomy":"category","embeddable":true,"href":"https:\/\/www.europesays.com\/fi\/wp-json\/wp\/v2\/categories?post=108375"},{"taxonomy":"post_tag","embeddable":true,"href":"https:\/\/www.europesays.com\/fi\/wp-json\/wp\/v2\/tags?post=108375"}],"curies":[{"name":"wp","href":"https:\/\/api.w.org\/{rel}","templated":true}]}}