{"id":108414,"date":"2025-12-05T12:20:08","date_gmt":"2025-12-05T12:20:08","guid":{"rendered":"https:\/\/www.europesays.com\/fi\/108414\/"},"modified":"2025-12-05T12:20:08","modified_gmt":"2025-12-05T12:20:08","slug":"hyvinkaalla-loytyi-vakavasti-loukkaantunut-nainen-ajoradalta-uutisia-lyhyesti","status":"publish","type":"post","link":"https:\/\/www.europesays.com\/fi\/108414\/","title":{"rendered":"Hyvink\u00e4\u00e4ll\u00e4 l\u00f6ytyi vakavasti loukkaantunut nainen ajoradalta | Uutisia lyhyesti"},"content":{"rendered":"<p class=\"aw-1gybjub aw-5vja16 kEtdKx kmuxyA yle__article__paragraph\">Nainen on yh\u00e4 hengenvaarassa. Poliisin mukaan asiassa on voinut tapahtua rikos.<\/p>\n<p class=\"aw-1gybjub aw-1p7kakr kEtdKx cEmitX yle__article__paragraph\">It\u00e4-Uudenmaan poliisi pyyt\u00e4\u00e4 havaintoja Hyvink\u00e4\u00e4n torstain vastaisen y\u00f6n tapahtumista. Riihim\u00e4enkatu 61:n kohdalta ajoradalta l\u00f6ytyi vakavasti loukkaantunut nainen y\u00f6ll\u00e4 noin kahden aikaan.<\/p>\n<p class=\"aw-1gybjub aw-1p7kakr kEtdKx cEmitX yle__article__paragraph\">Poliisin mukaan asiassa on voinut tapahtua rikos. Mahdolliset rikosnimikkeet t\u00e4smentyv\u00e4t tutkinnan aikana.<\/p>\n<p class=\"aw-1gybjub aw-1p7kakr kEtdKx cEmitX yle__article__paragraph\">Tutkinnanjohtaja <strong class=\"aw-ak79eh KyCXm yle__article__strong\">Krista Vallila<\/strong> kertoi perjantaina STT:lle naisen olevan sairaalahoidossa ja hengenvaarassa.<\/p>\n<p class=\"aw-1gybjub aw-1p7kakr kEtdKx cEmitX yle__article__paragraph\">Vallilan mukaan poliisilla ei toistaiseksi ole tarkkaa tietoa tapahtumien kulusta. Poliisi pyyt\u00e4\u00e4kin havaintoja naisesta sek\u00e4 mahdollisista alueella liikkuneista henkil\u00f6ist\u00e4 ja ajoneuvoista, joilla voisi olla havaintoja tai tietoa tapahtuneesta.<\/p>\n<p class=\"aw-1gybjub aw-1p7kakr kEtdKx cEmitX yle__article__paragraph\">Naisella on ollut tapahtuma-aikaan sel\u00e4ss\u00e4\u00e4n reppu, p\u00e4\u00e4ll\u00e4\u00e4n ulkoiluvaatteet ja p\u00e4\u00e4ss\u00e4\u00e4n oletettavasti huppu. Havaintoja naisesta ja vihjeit\u00e4 tapahtumista voi l\u00e4hett\u00e4\u00e4 osoitteeseen vihjeet.ita-uusimaa@poliisi.fi.<\/p>\n","protected":false},"excerpt":{"rendered":"Nainen on yh\u00e4 hengenvaarassa. Poliisin mukaan asiassa on voinut tapahtua rikos. It\u00e4-Uudenmaan poliisi pyyt\u00e4\u00e4 havaintoja Hyvink\u00e4\u00e4n torstain vastaisen&hellip;\n","protected":false},"author":2,"featured_media":74,"comment_status":"","ping_status":"","sticky":false,"template":"","format":"standard","meta":{"footnotes":""},"categories":[5],"tags":[22,23,26,27,33,31,30,17,5201,71,24,25,28,29,15,18,21,52,32,19,20,1168,16],"class_list":{"0":"post-108414","1":"post","2":"type-post","3":"status-publish","4":"format-standard","5":"has-post-thumbnail","7":"category-otsikot","8":"tag-breaking-news","9":"tag-breakingnews","10":"tag-featured-news","11":"tag-featurednews","12":"tag-fi","13":"tag-finland","14":"tag-finnish","15":"tag-headlines","16":"tag-hyvinkaa","17":"tag-kotimaa","18":"tag-latest-news","19":"tag-latestnews","20":"tag-main-news","21":"tag-mainnews","22":"tag-news","23":"tag-otsikot","24":"tag-paauutiset","25":"tag-poliisi","26":"tag-suomi","27":"tag-top-stories","28":"tag-topstories","29":"tag-uusimaa","30":"tag-uutiset"},"share_on_mastodon":{"url":"https:\/\/pubeurope.com\/@fi\/115666932406508000","error":""},"_links":{"self":[{"href":"https:\/\/www.europesays.com\/fi\/wp-json\/wp\/v2\/posts\/108414","targetHints":{"allow":["GET"]}}],"collection":[{"href":"https:\/\/www.europesays.com\/fi\/wp-json\/wp\/v2\/posts"}],"about":[{"href":"https:\/\/www.europesays.com\/fi\/wp-json\/wp\/v2\/types\/post"}],"author":[{"embeddable":true,"href":"https:\/\/www.europesays.com\/fi\/wp-json\/wp\/v2\/users\/2"}],"replies":[{"embeddable":true,"href":"https:\/\/www.europesays.com\/fi\/wp-json\/wp\/v2\/comments?post=108414"}],"version-history":[{"count":0,"href":"https:\/\/www.europesays.com\/fi\/wp-json\/wp\/v2\/posts\/108414\/revisions"}],"wp:featuredmedia":[{"embeddable":true,"href":"https:\/\/www.europesays.com\/fi\/wp-json\/wp\/v2\/media\/74"}],"wp:attachment":[{"href":"https:\/\/www.europesays.com\/fi\/wp-json\/wp\/v2\/media?parent=108414"}],"wp:term":[{"taxonomy":"category","embeddable":true,"href":"https:\/\/www.europesays.com\/fi\/wp-json\/wp\/v2\/categories?post=108414"},{"taxonomy":"post_tag","embeddable":true,"href":"https:\/\/www.europesays.com\/fi\/wp-json\/wp\/v2\/tags?post=108414"}],"curies":[{"name":"wp","href":"https:\/\/api.w.org\/{rel}","templated":true}]}}