{"id":108417,"date":"2025-12-05T12:37:07","date_gmt":"2025-12-05T12:37:07","guid":{"rendered":"https:\/\/www.europesays.com\/fi\/108417\/"},"modified":"2025-12-05T12:37:07","modified_gmt":"2025-12-05T12:37:07","slug":"supergirlin-logo-ja-puku-paljastettiin-fanit-arvostavat-sarjisuskollisuutta","status":"publish","type":"post","link":"https:\/\/www.europesays.com\/fi\/108417\/","title":{"rendered":"Supergirlin logo ja puku paljastettiin \u2013 fanit arvostavat sarjisuskollisuutta"},"content":{"rendered":"<p>DC Studios on hyv\u00e4\u00e4 vauhtia tekem\u00e4ss\u00e4 Supergirl-elokuvaa. Eik\u00e4 <strong>Milly Alcockin<\/strong> esitt\u00e4m\u00e4 Ter\u00e4stytt\u00f6 ole mik\u00e4\u00e4n heiver\u00f6inen tyt\u00f6nhupakko, vaan rokkaava ja punkkaava kapinallinen.<\/p>\n<p>Hahmon puku ja logo paljastettiin hiljattain CCXP Brazil -tapahtumassa.<\/p>\n<p>Lue my\u00f6s: <a href=\"https:\/\/www.episodi.fi\/uutiset\/dclla-on-kaksi-uutta-elokuvaa-tulossa-james-gunn-on-innoissaan-mysteerisarjasta\/\" title=\"DC:ll\u00e4 on kaksi uutta elokuvaa tulossa \u2013 James Gunn on innoissaan mysteerisarjasta\" class=\"underline-custom !font-montserrat !font-bold !underline-offset-4 !decoration-4 !decoration-episodi-blue !text-md\" rel=\"nofollow noopener\" target=\"_blank\">DC:ll\u00e4 on kaksi uutta elokuvaa tulossa \u2013 James Gunn on innoissaan mysteerisarjasta<\/a><\/p>\n<p>Lue my\u00f6s: <a href=\"https:\/\/www.episodi.fi\/uutiset\/james-gunn-on-vaikea-loytaa-nayttelijoita-jotka-eivat-haluaisi-olla-batman\/\" title=\"James Gunn: \u201dOn vaikea l\u00f6yt\u00e4\u00e4 n\u00e4yttelij\u00f6it\u00e4 jotka eiv\u00e4t haluaisi olla Batman\u201d\" class=\"underline-custom !font-montserrat !font-bold !underline-offset-4 !decoration-4 !decoration-episodi-blue !text-md\" rel=\"nofollow noopener\" target=\"_blank\">James Gunn: \u201dOn vaikea l\u00f6yt\u00e4\u00e4 n\u00e4yttelij\u00f6it\u00e4 jotka eiv\u00e4t haluaisi olla Batman\u201d<\/a><\/p>\n<p>Sosiaalinen media reagoi tietenkin pukuun ja logoon, ja kaikki hurrasivat samaa asiaa: ne n\u00e4ytt\u00e4v\u00e4t t\u00e4ysin sarjisuskollisilta.<\/p>\n<p>T\u00e4m\u00e4 on t\u00e4ysk\u00e4\u00e4nn\u00f6s <strong>Sacha Callen<\/strong> The Flash (2023) -leffan pukuun verrattuna. Uusi puku ja logo heijastavat hahmon punkahtavaa luonnetta.<\/p>\n<p>Supergirl n\u00e4hd\u00e4\u00e4n kes\u00e4kuussa 2026.<\/p>\n<p>Alla kuvia.<\/p>\n<p>Lue my\u00f6s: <a href=\"https:\/\/www.episodi.fi\/uutiskirje\/?uutiskirjemainos=tekstilinkkimainos\" title=\"Tilaa Episodin uutiskirje ja voit voittaa leffalippuja! Nappaa tv-vinkit suoraan s\u00e4hk\u00f6postiin t\u00e4st\u00e4.\" class=\"underline-custom !font-montserrat !font-bold !underline-offset-4 !decoration-4 !decoration-episodi-blue !text-md\" rel=\"nofollow noopener\" target=\"_blank\">Tilaa Episodin uutiskirje ja voit voittaa leffalippuja! Nappaa katseluvinkit suoraan s\u00e4hk\u00f6postiin t\u00e4st\u00e4.<\/a><\/p>\n","protected":false},"excerpt":{"rendered":"DC Studios on hyv\u00e4\u00e4 vauhtia tekem\u00e4ss\u00e4 Supergirl-elokuvaa. Eik\u00e4 Milly Alcockin esitt\u00e4m\u00e4 Ter\u00e4stytt\u00f6 ole mik\u00e4\u00e4n heiver\u00f6inen tyt\u00f6nhupakko, vaan rokkaava&hellip;\n","protected":false},"author":2,"featured_media":108418,"comment_status":"","ping_status":"","sticky":false,"template":"","format":"standard","meta":{"footnotes":""},"categories":[131],"tags":[5185,155,137,33,173,31,30,181,172,32,182,109],"class_list":{"0":"post-108417","1":"post","2":"type-post","3":"status-publish","4":"format-standard","5":"has-post-thumbnail","7":"category-elokuvat","8":"tag-dc-studios","9":"tag-elokuvat","10":"tag-entertainment","11":"tag-fi","12":"tag-film","13":"tag-finland","14":"tag-finnish","15":"tag-milly-alcock","16":"tag-movies","17":"tag-suomi","18":"tag-supergirl","19":"tag-viihde"},"share_on_mastodon":{"url":"https:\/\/pubeurope.com\/@fi\/115666999247553672","error":""},"_links":{"self":[{"href":"https:\/\/www.europesays.com\/fi\/wp-json\/wp\/v2\/posts\/108417","targetHints":{"allow":["GET"]}}],"collection":[{"href":"https:\/\/www.europesays.com\/fi\/wp-json\/wp\/v2\/posts"}],"about":[{"href":"https:\/\/www.europesays.com\/fi\/wp-json\/wp\/v2\/types\/post"}],"author":[{"embeddable":true,"href":"https:\/\/www.europesays.com\/fi\/wp-json\/wp\/v2\/users\/2"}],"replies":[{"embeddable":true,"href":"https:\/\/www.europesays.com\/fi\/wp-json\/wp\/v2\/comments?post=108417"}],"version-history":[{"count":0,"href":"https:\/\/www.europesays.com\/fi\/wp-json\/wp\/v2\/posts\/108417\/revisions"}],"wp:featuredmedia":[{"embeddable":true,"href":"https:\/\/www.europesays.com\/fi\/wp-json\/wp\/v2\/media\/108418"}],"wp:attachment":[{"href":"https:\/\/www.europesays.com\/fi\/wp-json\/wp\/v2\/media?parent=108417"}],"wp:term":[{"taxonomy":"category","embeddable":true,"href":"https:\/\/www.europesays.com\/fi\/wp-json\/wp\/v2\/categories?post=108417"},{"taxonomy":"post_tag","embeddable":true,"href":"https:\/\/www.europesays.com\/fi\/wp-json\/wp\/v2\/tags?post=108417"}],"curies":[{"name":"wp","href":"https:\/\/api.w.org\/{rel}","templated":true}]}}