{"id":108421,"date":"2025-12-05T12:40:10","date_gmt":"2025-12-05T12:40:10","guid":{"rendered":"https:\/\/www.europesays.com\/fi\/108421\/"},"modified":"2025-12-05T12:40:10","modified_gmt":"2025-12-05T12:40:10","slug":"herttuatar-meghanin-isan-terveysongelmat-thomas-marklen-jalan-amputaatio-ja-perhesuhteet","status":"publish","type":"post","link":"https:\/\/www.europesays.com\/fi\/108421\/","title":{"rendered":"Herttuatar Meghanin is\u00e4n terveysongelmat: Thomas Marklen jalan amputaatio ja perhesuhteet"},"content":{"rendered":"<p>            Ron Adar \/ M10s \/ SplashNews.com \/ AOP\n        <\/p>\n<p class=\"subtitle \">Meghanin is\u00e4n terveys huolestuttaa.<\/p>\n<p class=\"article-content article-content-width !bg-background\">Sussexin herttuatar\u00a0is\u00e4lt\u00e4\u00a0on jouduttu amputoimaan jalka. Asiasta kertoo Daily Mail, jolle tiedon vahvisti Thomasin poika,.<\/p>\n<p class=\"font-weight-bold m-font-weight-bold article-content article-content-width !bg-background\">Arkistovideo: T\u00e4llaisia pituuseroja on kunkkurakastavaisilla<\/p>\n<p class=\"article-content article-content-width !bg-background\">Thomasit nuorempi ja vanhempi asuvat Filippiineill\u00e4.<\/p>\n<p class=\"article-content article-content-width !bg-background\">81-vuotias vanhempi Thomas k\u00e4vi keskiviikkona l\u00e4pi kolme tuntia kest\u00e4neen leikkauksen, jossa h\u00e4nelt\u00e4 amputoitiin vasen jalka polven alapuolelta.<\/p>\n<p class=\"article-content article-content-width !bg-background\">\u2013 Is\u00e4ni on todella rohkea. H\u00e4nen jalkansa muuttui siniseksi ja sitten mustaksi. Se tapahtui todella nopeasti, h\u00e4n kertoo.<\/p>\n<p>Toistaiseksi vakaa<\/p>\n<p class=\"article-content article-content-width !bg-background\">Thomas nuorempi kertoo vieneens\u00e4 is\u00e4ns\u00e4 ensin paikalliselle l\u00e4\u00e4k\u00e4riasemalla, josta h\u00e4net kiid\u00e4tettiin ambulanssilla suurempaan sairaalaan Cebun kaupunkiin.<\/p>\n<p class=\"article-content article-content-width !bg-background\">\u2013 Ei ollut vaihtoehtoja. Minulle kerrottiin, ett\u00e4 jalka oli amputoitava, ja ett\u00e4 kyse oli el\u00e4m\u00e4st\u00e4 ja kuolemasta, poika kuvailee is\u00e4ns\u00e4 operaatiota.<\/p>\n<p class=\"article-content article-content-width !bg-background\">Nyt Meghanin is\u00e4ll\u00e4 on edess\u00e4\u00e4n viel\u00e4 toinen leikkaus, jossa h\u00e4nelt\u00e4 poistetaan veritulppa vasemmasta reidest\u00e4. H\u00e4net pidet\u00e4\u00e4n tehohoidossa, mutta h\u00e4n on vakaassa tilassa.<\/p>\n<p class=\"article-content article-content-width !bg-background\">\u2013 Yksi l\u00e4\u00e4k\u00e4reist\u00e4 sanoi, ett\u00e4 seuraavat kolme p\u00e4iv\u00e4\u00e4 ovat kriittisi\u00e4. H\u00e4nen vasen jalkansa on poistettu polven alapuolelta. (L\u00e4\u00e4k\u00e4rit) olivat huolissaan tulehduksesta \u2013 sepsiksest\u00e4 tai kuoliosta, Thomas nuorempi kertoo.<\/p>\n<p class=\"article-content article-content-width !bg-background\">Vaikka is\u00e4 on nyt vakaassa kunnossa, totaa h\u00e4nen poikansa, ett\u00e4 tilanne saattaa yli 80-vuotiaana heilahdella suuresti.<\/p>\n<p>        <a itemprop=\"url\" href=\"https:\/\/www.seiska.fi\/kuninkaalliset\/nyt-se-on-virallista-prinssi-harryn-elamassa-kaanne\/1514149\" rel=\"nofollow noopener\" target=\"_blank\"><\/p>\n<p class=\"section-date\">\n        <strong class=\"article-section\" data-section=\"kuninkaalliset\"><br \/>\n            kuninkaalliset<br \/>\n        <\/strong><br \/>\n        8.11.2024 08:48\n    <\/p>\n<p>Nyt se on virallista: prinssi Harryn el\u00e4m\u00e4ss\u00e4 k\u00e4\u00e4nne\n    <\/p>\n<p itemprop=\"description\" class=\"subtitle \">\n    Prinssin ensisijainen asuinpaikka ei en\u00e4\u00e4 ole h\u00e4nen synnyinmaansa.\n<\/p>\n<p>        <\/a><\/p>\n<p>                <img decoding=\"async\" src=\"https:\/\/www.europesays.com\/fi\/wp-content\/uploads\/2025\/12\/2012953.webp\" width=\"576\" height=\"500\" alt=\"Thomasin vointi on ollut suuri huolenaihe jo useamman vuoden ajan.\" loading=\"lazy\" \/>            <\/p>\n<p>\n            Thomasin vointi on ollut suuri huolenaihe jo useamman vuoden ajan.<br \/>\n            GRHO, ISPY \/ AOP\n        <\/p>\n<p>Tyt\u00e4r ei pid\u00e4 yhteytt\u00e4<\/p>\n<p class=\"article-content article-content-width !bg-background\">Herttuatar Meghan on vieraantunut is\u00e4st\u00e4\u00e4n erityisesti sen j\u00e4lkeen, kun h\u00e4n avioitui prinssi\u00a0kanssa vuonna 2018. Tuolloin is\u00e4n sijaan h\u00e4net saatteli kohti alttaria kuningas.<\/p>\n<p class=\"article-content article-content-width !bg-background\">Meghanin is\u00e4 ei ole viel\u00e4 tavannut lapsenlapsiaan prinssi\u00a0ja prinsessa.<\/p>\n<p class=\"article-content article-content-width !bg-background\">\u2013 Hartain toiveeni ennen kuin kuolen on tavata lapsenlapseni. Haluan heid\u00e4n tiet\u00e4v\u00e4n, ett\u00e4 rakastan heit\u00e4 ja v\u00e4lit\u00e4n heist\u00e4, Thomas totesi Daily Mailille syksyll\u00e4.<\/p>\n<p class=\"article-content article-content-width !bg-background\">Meghan on pysynyt erill\u00e4\u00e4n is\u00e4st\u00e4\u00e4n t\u00e4m\u00e4n vakavien terveyshuolien l\u00e4pi. Vuonna 2022 h\u00e4n k\u00e4rsi vakavan aivoverenvuodon, joka j\u00e4tti h\u00e4net osittain puhekyvytt\u00f6m\u00e4ksi.<\/p>\n<p class=\"article-content article-content-width !bg-background\">Filippiineille Thomas muutti tammikuussa. H\u00e4n perusteli muuttoa sill\u00e4, ett\u00e4 Yhdysvalloissa asuminen muistutti h\u00e4nt\u00e4 Meghanin ja Harryn l\u00e4sn\u00e4olosta.<\/p>\n<p class=\"article-content article-content-width !bg-background\">\u2013 En p\u00e4\u00e4ssyt pakoon h\u00e4nt\u00e4 ja Harrya, jotka olivat jatkuvasti televisiossa sarjojensa, kirjojensa ja haastattelujensa yhteydess\u00e4, Thomas purki tuolloin ik\u00e4v\u00e4\u00e4ns\u00e4.<\/p>\n<p>        <a itemprop=\"url\" href=\"https:\/\/www.seiska.fi\/kuninkaalliset\/prinssi-harry-ja-herttuatar-meghan-pesaero\/1467287\" rel=\"nofollow noopener\" target=\"_blank\"><\/p>\n<p class=\"section-date\">\n        <strong class=\"article-section\" data-section=\"kuninkaalliset\"><br \/>\n            kuninkaalliset<br \/>\n        <\/strong><br \/>\n        23.9.2024 20:30\n    <\/p>\n<p>Prinssi Harry ja herttuatar Meghan: pes\u00e4ero?\n    <\/p>\n<p itemprop=\"description\" class=\"subtitle \">\n    Aiemmin niin erottamaton pari viett\u00e4\u00e4 Yhdysvalloissa yh\u00e4 enemm\u00e4n aikaa ilman toisiaan. Olo my\u00f6s jakautuu eri mantereille.\n<\/p>\n<p>        <\/a><\/p>\n<p>                <img decoding=\"async\" src=\"https:\/\/www.europesays.com\/fi\/wp-content\/uploads\/2025\/12\/2012932.webp\" width=\"576\" height=\"663\" alt=\"Nuorempi Thomas Markle muutti is\u00e4ns\u00e4 tukena Filippiineille.\" loading=\"lazy\" \/>            <\/p>\n<p>\n            Nuorempi Thomas Markle muutti is\u00e4ns\u00e4 tukena Filippiineille.<br \/>\n            Mirrorpix \/ MEGA \/ AOP\n        <\/p>\n","protected":false},"excerpt":{"rendered":"Ron Adar \/ M10s \/ SplashNews.com \/ AOP Meghanin is\u00e4n terveys huolestuttaa. Sussexin herttuatar\u00a0is\u00e4lt\u00e4\u00a0on jouduttu amputoimaan jalka. Asiasta&hellip;\n","protected":false},"author":2,"featured_media":108422,"comment_status":"","ping_status":"","sticky":false,"template":"","format":"standard","meta":{"footnotes":""},"categories":[130],"tags":[20336,137,33,31,30,1383,212,1416,32,167,20335,20337,109],"class_list":{"0":"post-108421","1":"post","2":"type-post","3":"status-publish","4":"format-standard","5":"has-post-thumbnail","7":"category-viihde","8":"tag-amputaatio","9":"tag-entertainment","10":"tag-fi","11":"tag-finland","12":"tag-finnish","13":"tag-herttuatar-meghan","14":"tag-lifestyle","15":"tag-prinssi-harry","16":"tag-suomi","17":"tag-terveys","18":"tag-thomas-markle","19":"tag-thomas-markle-jr","20":"tag-viihde"},"share_on_mastodon":{"url":"https:\/\/pubeurope.com\/@fi\/115667011273086929","error":""},"_links":{"self":[{"href":"https:\/\/www.europesays.com\/fi\/wp-json\/wp\/v2\/posts\/108421","targetHints":{"allow":["GET"]}}],"collection":[{"href":"https:\/\/www.europesays.com\/fi\/wp-json\/wp\/v2\/posts"}],"about":[{"href":"https:\/\/www.europesays.com\/fi\/wp-json\/wp\/v2\/types\/post"}],"author":[{"embeddable":true,"href":"https:\/\/www.europesays.com\/fi\/wp-json\/wp\/v2\/users\/2"}],"replies":[{"embeddable":true,"href":"https:\/\/www.europesays.com\/fi\/wp-json\/wp\/v2\/comments?post=108421"}],"version-history":[{"count":0,"href":"https:\/\/www.europesays.com\/fi\/wp-json\/wp\/v2\/posts\/108421\/revisions"}],"wp:featuredmedia":[{"embeddable":true,"href":"https:\/\/www.europesays.com\/fi\/wp-json\/wp\/v2\/media\/108422"}],"wp:attachment":[{"href":"https:\/\/www.europesays.com\/fi\/wp-json\/wp\/v2\/media?parent=108421"}],"wp:term":[{"taxonomy":"category","embeddable":true,"href":"https:\/\/www.europesays.com\/fi\/wp-json\/wp\/v2\/categories?post=108421"},{"taxonomy":"post_tag","embeddable":true,"href":"https:\/\/www.europesays.com\/fi\/wp-json\/wp\/v2\/tags?post=108421"}],"curies":[{"name":"wp","href":"https:\/\/api.w.org\/{rel}","templated":true}]}}