{"id":108423,"date":"2025-12-05T12:43:06","date_gmt":"2025-12-05T12:43:06","guid":{"rendered":"https:\/\/www.europesays.com\/fi\/108423\/"},"modified":"2025-12-05T12:43:06","modified_gmt":"2025-12-05T12:43:06","slug":"upmn-ja-sappin-yhteisyritys-voi-johtaa-joidenkin-paperitehtaiden-sulkemiseen-sanoo-analyytikko-keski-suomi","status":"publish","type":"post","link":"https:\/\/www.europesays.com\/fi\/108423\/","title":{"rendered":"UPM:n ja Sappin yhteisyritys voi johtaa joidenkin paperitehtaiden sulkemiseen, sanoo analyytikko | Keski-Suomi"},"content":{"rendered":"<p>Mets\u00e4j\u00e4tti UPM:n ja etel\u00e4afrikkalaisen Sappin yhteisyritys voi tarkoittaa sit\u00e4, ett\u00e4 paperitehtaita suljetaan, arvioi mets\u00e4teollisuutta seuraava seniorianalyytikko <strong>Henri Parkkinen<\/strong> OP Pohjolasta.<\/p>\n<p>UPM ja Sappi kertoivat <a href=\"https:\/\/www.ksml.fi\/uutissuomalainen\/9051589\" rel=\"nofollow noopener\" target=\"_blank\">torstaina<\/a> aikovansa perustaa yhteisyrityksen graafisten papereiden tuotantoon. Yhteisyritykseen ollaan siirt\u00e4m\u00e4ss\u00e4 kahdeksan UPM:n paperitehdasta, mukaan lukien Kymin, Rauman ja J\u00e4ms\u00e4nkosken tehtaat. Sappista yhteisyritykseen on tulossa nelj\u00e4 Euroopassa sijaitsevaa tehdasta, joista Kirkniemi on Suomessa.<\/p>\n<p>Samalla kerrottiin, ett\u00e4 tuotantoa ollaan keskitt\u00e4m\u00e4ss\u00e4 tehokkaimmille paperikoneille. Parkkisen mukaan t\u00e4m\u00e4 voi suomeksi tarkoittaa sit\u00e4, ett\u00e4 tehtaita suljetaan.<\/p>\n<p>\u2013\u2009Jos on ylikapasiteettia ja ylitarjontaa, niin joku osa kapasiteetista suljetaan, h\u00e4n sanoo.<\/p>\n","protected":false},"excerpt":{"rendered":"Mets\u00e4j\u00e4tti UPM:n ja etel\u00e4afrikkalaisen Sappin yhteisyritys voi tarkoittaa sit\u00e4, ett\u00e4 paperitehtaita suljetaan, arvioi mets\u00e4teollisuutta seuraava seniorianalyytikko Henri Parkkinen&hellip;\n","protected":false},"author":2,"featured_media":108424,"comment_status":"","ping_status":"","sticky":false,"template":"","format":"standard","meta":{"footnotes":""},"categories":[76],"tags":[79,77,33,31,30,2565,1445,2256,2965,20338,32,78,12204],"class_list":{"0":"post-108423","1":"post","2":"type-post","3":"status-publish","4":"format-standard","5":"has-post-thumbnail","7":"category-talous","8":"tag-business","9":"tag-economy","10":"tag-fi","11":"tag-finland","12":"tag-finnish","13":"tag-jamsa","14":"tag-maatalous","15":"tag-metsa-ja-paperiteollisuus","16":"tag-metsatalous-ja-riistatalous","17":"tag-muiden-paperi-ja-kartonkituotteiden-valmistus","18":"tag-suomi","19":"tag-talous","20":"tag-tehtaat-ja-teollisuus-yleista"},"share_on_mastodon":{"url":"https:\/\/pubeurope.com\/@fi\/115667022987830429","error":""},"_links":{"self":[{"href":"https:\/\/www.europesays.com\/fi\/wp-json\/wp\/v2\/posts\/108423","targetHints":{"allow":["GET"]}}],"collection":[{"href":"https:\/\/www.europesays.com\/fi\/wp-json\/wp\/v2\/posts"}],"about":[{"href":"https:\/\/www.europesays.com\/fi\/wp-json\/wp\/v2\/types\/post"}],"author":[{"embeddable":true,"href":"https:\/\/www.europesays.com\/fi\/wp-json\/wp\/v2\/users\/2"}],"replies":[{"embeddable":true,"href":"https:\/\/www.europesays.com\/fi\/wp-json\/wp\/v2\/comments?post=108423"}],"version-history":[{"count":0,"href":"https:\/\/www.europesays.com\/fi\/wp-json\/wp\/v2\/posts\/108423\/revisions"}],"wp:featuredmedia":[{"embeddable":true,"href":"https:\/\/www.europesays.com\/fi\/wp-json\/wp\/v2\/media\/108424"}],"wp:attachment":[{"href":"https:\/\/www.europesays.com\/fi\/wp-json\/wp\/v2\/media?parent=108423"}],"wp:term":[{"taxonomy":"category","embeddable":true,"href":"https:\/\/www.europesays.com\/fi\/wp-json\/wp\/v2\/categories?post=108423"},{"taxonomy":"post_tag","embeddable":true,"href":"https:\/\/www.europesays.com\/fi\/wp-json\/wp\/v2\/tags?post=108423"}],"curies":[{"name":"wp","href":"https:\/\/api.w.org\/{rel}","templated":true}]}}