{"id":108425,"date":"2025-12-05T12:44:07","date_gmt":"2025-12-05T12:44:07","guid":{"rendered":"https:\/\/www.europesays.com\/fi\/108425\/"},"modified":"2025-12-05T12:44:07","modified_gmt":"2025-12-05T12:44:07","slug":"asiantuntijoiden-mukaan-euroopan-tulee-neuvotella-moskovan-kanssa","status":"publish","type":"post","link":"https:\/\/www.europesays.com\/fi\/108425\/","title":{"rendered":"Asiantuntijoiden mukaan Euroopan tulee neuvotella Moskovan kanssa"},"content":{"rendered":"<p class=\"ai-optimize-6 ai-optimize-introduction\">Suomessa on puhuttanut presidentti Sauli Niinist\u00f6n n\u00e4kemys siit\u00e4, ett\u00e4 Euroopan tulisi k\u00e4yd\u00e4 keskusteluja Moskovan kanssa. T\u00e4st\u00e4 on k\u00e4yty keskustelua <a href=\"https:\/\/www.verkkouutiset.fi\/a\/sauli-niiniston-viesti-on-oikea-mutta-sen-vienti-moskovaan-ei-ole-enaa-suomen-tehtava\/\" rel=\"nofollow noopener\" target=\"_blank\">Verkkouutisissakin<\/a>.<\/p>\n<p class=\"ai-optimize-7\">Carnegie-s\u00e4\u00e4ti\u00f6n <a href=\"https:\/\/carnegieendowment.org\/europe\/strategic-europe\/2025\/12\/taking-the-pulse-should-europe-negotiate-with-russia?lang=en&amp;center=europe\" rel=\"nofollow noopener\" target=\"_blank\">Strategic Europe<\/a>-julkaisu on kysynyt eurooppalaisilta kansainv\u00e4listen suhteiden asiantuntijoilta, tulisiko Euroopan neuvotella Ven\u00e4j\u00e4n kanssa.<\/p>\n<p><strong>\u201dYhdysvallat tulee syrj\u00e4ytt\u00e4\u00e4 pois neuvotteluista\u201d<\/strong><\/p>\n<p class=\"ai-optimize-9\">Euroopan yliopistoinstituutin (EUI) apulaisprofessori <strong>Veronica<\/strong> <strong>Anghel<\/strong> vastaa, ett\u00e4 \u201dtietenkin Euroopan tulisi neuvotella Ven\u00e4j\u00e4n kanssa, mutta ei rauhan saamiseksi hinnalla mill\u00e4 hyv\u00e4ns\u00e4\u201d. H\u00e4n huomauttaa, ett\u00e4 Euroopan tulisi p\u00e4\u00e4st\u00e4 neuvottelup\u00f6yt\u00e4\u00e4n juuri siksi, ett\u00e4 Moskova ei sit\u00e4 sinne halua.<\/p>\n<p class=\"ai-optimize-10\">\u2013 Tavoitteena tulisi olla Kremlin heikent\u00e4minen, pit\u00e4\u00e4 Ven\u00e4j\u00e4 kaivamassaan kuopassa ja est\u00e4\u00e4 sit\u00e4 uhkaamasta Euroopan turvallisuutta jatkossa.<\/p>\n<p class=\"ai-optimize-11\">Anghel korostaa, ett\u00e4 Kreml on vastustaja eik\u00e4 kumppani, jonka kanssa pit\u00e4isi sovitella.<\/p>\n<p class=\"ai-optimize-12\">\u2013 Euroopan tulee tehd\u00e4 el\u00e4m\u00e4 vaikeaksi Ven\u00e4j\u00e4lle \u2014 ei k\u00e4yd\u00e4 kauppaa Ukrainan alueilla ja suvereniteetilla, vaan asettaa tiettyj\u00e4 ehtoja: ei pakotteiden lievitt\u00e4mist\u00e4 ennen todennettua vet\u00e4ytymist\u00e4.<\/p>\n<p class=\"ai-optimize-13\">Anghelin mukaan Euroopan tulisi my\u00f6s tarjota turvatakuut Ukrainalle ja syrj\u00e4ytt\u00e4\u00e4 Yhdysvallat pois neuvottelemasta. Amerikkalaisten annettaisiin keskitty\u00e4 Kiinaan ja omiin asioihinsa.<\/p>\n<p class=\"ai-optimize-14\">\u2013 Eurooppalaisen diplomatian tulee huonontaa Moskovan neuvotteluasemaa suhteessa Washingtoniin ja Kiinaan, eik\u00e4 lepytell\u00e4 Ven\u00e4j\u00e4n presidentti <strong>Vladimir<\/strong> <strong>Putinia<\/strong>.<\/p>\n<p><strong>Yhdysvallat ja Ven\u00e4j\u00e4 eiv\u00e4t ota Eurooppaa vakavasti<\/strong><\/p>\n<p class=\"ai-optimize-16\">Kings College Londonin Ven\u00e4j\u00e4n politiikan professori <strong>Samuel<\/strong> <strong>Greene<\/strong> taas huomauttaa Yhdysvaltojen nykyisen neuvottelul\u00e4ht\u00f6kohdan olevan nurinkurinen. Yhdysvallat olettaa turvallisuuden syntyv\u00e4n jotenkin Ven\u00e4j\u00e4n ja Ukrainan v\u00e4lisen sopimuksen tuloksena. Ven\u00e4j\u00e4 ei my\u00f6sk\u00e4\u00e4n mitenk\u00e4\u00e4n voi taata Ukrainan turvallisuutta.<\/p>\n<p class=\"ai-optimize-17\">\u2013 Ukrainan l\u00e4ntisten kumppaneiden tulee ensin kehitt\u00e4\u00e4 turvallisuusrakenne ja neuvotella sitten t\u00e4m\u00e4n pohjalta, sanoo Greene.<\/p>\n<p class=\"ai-optimize-18\">European Council on Foreign Relations-ajatushautomon (ECFR) <strong>Jana<\/strong> <strong>Kobzova<\/strong> sanoo, ett\u00e4 eurooppalaiset ja ven\u00e4l\u00e4iset kyll\u00e4 haluaisivat keskustella, mutta eiv\u00e4t samoista asioista. Kreml haluaisi puhua talous- ja energiasuhteiden palauttamisesta, mihin valmiita eiv\u00e4t olisi kuin Unkari ja Slovakia. Eurooppa taas haluaisi keskustella sodan lopettamisesta ja turvallisuuden varmistamisesta jatkossa.<\/p>\n<p class=\"ai-optimize-19\">\u2013 Kreml ei kuitenkaan pid\u00e4 Brysseli\u00e4 vakavasti otettavana toimijana. Se mieluummin toimii Yhdysvaltojen ja erityisesti [<strong>Donald<\/strong>] <strong>Trumpin<\/strong> hallinnon kanssa, jonka kanssa se jakaa skeptisyyden \u2013 jollei suorastaan halveksunnan \u2013 Eurooppaa kohtaan, huomauttaa Kobzoca.<\/p>\n<p class=\"ai-optimize-20\">Saksan ulkopoliittisen instituutin It\u00e4-Euroopan ja Ven\u00e4j\u00e4n tutkimuksen johtaja <strong>Stefan<\/strong> <strong>Meister<\/strong> korostaa samaten, ett\u00e4 t\u00e4ll\u00e4 hetkell\u00e4 niin Trump kuin Putinkaan eiv\u00e4t ota Eurooppaa vakavasti.<\/p>\n<p class=\"ai-optimize-21\">\u2013 Valkoinen talo voi todellakin hyv\u00e4ksy\u00e4 Ven\u00e4j\u00e4n etupiirin Euroopassa, jos Trump saa siit\u00e4 vastineeksi hyv\u00e4n bisnesdiilin Moskovasta. Euroopan rauhan ja turvallisuuden kumppani ei ole Washington vaan Kiova. Ei ole muuta mahdollisuutta kuin integroida Ukraina sek\u00e4 EU:in ett\u00e4 Euroopan turvallisuusj\u00e4rjestelm\u00e4\u00e4n, painottaa Steiner ja jatkaa:<\/p>\n<p class=\"ai-optimize-22\">\u2013 Jos Eurooppa haluaa osallistua neuvotteluihin tulevaisuudestaan, tulee sen vaikuttaa enemm\u00e4n Moskovan kustannus-hy\u00f6tyanalyysiin sodan lopettamiseksi. T\u00e4t\u00e4 varten se tarvitsee halukkaiden koalition, joka kykenee toimimaan, tarjoamaan voimavarat ja luomaan neuvottelukanavan Ven\u00e4j\u00e4lle. Vasta sitten Trump ja Putin hyv\u00e4ksyv\u00e4t Euroopan toimijana.<\/p>\n<p><strong>Toimintaa ja v\u00e4hemm\u00e4n puhetta<\/strong><\/p>\n<p>Poimintoja videosis\u00e4ll\u00f6ist\u00e4mme<\/p>\n<p class=\"ai-optimize-24\">Kaikki asiantuntijat ovat yht\u00e4 mielt\u00e4 siit\u00e4, ett\u00e4 neuvotteluiden v\u00e4ltt\u00e4minen ei ole ratkaisu. Paikan saaminen neuvotteluissa taas vaatisi sen, ett\u00e4 Eurooppa tekee itsest\u00e4\u00e4n merkitt\u00e4v\u00e4n tekem\u00e4ll\u00e4 k\u00e4yt\u00e4nn\u00f6n toimia, osoittamalla voimaa ja p\u00e4\u00e4tt\u00e4v\u00e4isyytt\u00e4.<\/p>\n<p class=\"ai-optimize-25\">\u2013 Aika on kulumassa loppuun ja tyhj\u00e4 dialogi ei korjaa mit\u00e4\u00e4n, varoittaa Kobzova.<\/p>\n<p class=\"ai-optimize-26\">Samoin asiantuntijat mainitsevat yksimielisesti Ven\u00e4j\u00e4n j\u00e4\u00e4dytettyjen varojen k\u00e4yt\u00f6n Ukrainan hyv\u00e4ksi, turvallisuustakuiden antamisen Ukrainalle, Euroopan asevarustelun, pakotteiden kirist\u00e4misen ja aseavun Ukrainalle. Ven\u00e4j\u00e4n j\u00e4\u00e4dytetyt varat Brysseliss\u00e4 on Euroopan paras valttikortti, joka tulisi pelata.<\/p>\n<p class=\"ai-optimize-27\">\u2013 Euroopalla voi olla roolinsa neuvotteluissa ainoastaan, jos se tarjoaa kolme seuraavaa asiaa: eurooppalais-ukrainalaisen rauhansuunnitelman, jota ei rajoita Trumpin 28 kohdan ohjelma, uudet pakotteet Ven\u00e4j\u00e4n \u00f6ljy- ja kaasuriippuvuudelle ja Ven\u00e4j\u00e4n varojen takavarikointi Eurooppa-neuvostossa 18.\u201319. joulukuuta. J\u00e4lkimm\u00e4inen on Washingtonin ja Moskovan toiveiden vastaista, mutta tekee EU:sta toimijan, ehdottaa konkreettisesti Carnegie-s\u00e4\u00e4ti\u00f6n tutkija <strong>Gwendolyn<\/strong> <strong>Sasse<\/strong>.<\/p>\n<p class=\"ai-optimize-28\">Euroopan teknologinen edistyneisyys, varallisuus ja koko taas mahdollistavat voimakkaan sille oman asevarusteluohjelman sek\u00e4 asetuen Ukrainalle.<\/p>\n<p class=\"ai-optimize-29\">\u2013 Kerta Kreml ymm\u00e4rt\u00e4\u00e4 ainoastaan voimaa, ja Valkoinen talo bisnest\u00e4, Euroopan tulisi puhua molempien kielt\u00e4, kiteytt\u00e4\u00e4 Carnegie-s\u00e4\u00e4ti\u00f6n Ven\u00e4j\u00e4-ohjelman johtaja <strong>Eugene<\/strong> <strong>Rumer<\/strong>.<\/p>\n","protected":false},"excerpt":{"rendered":"Suomessa on puhuttanut presidentti Sauli Niinist\u00f6n n\u00e4kemys siit\u00e4, ett\u00e4 Euroopan tulisi k\u00e4yd\u00e4 keskusteluja Moskovan kanssa. T\u00e4st\u00e4 on k\u00e4yty&hellip;\n","protected":false},"author":2,"featured_media":108426,"comment_status":"","ping_status":"","sticky":false,"template":"","format":"standard","meta":{"footnotes":""},"categories":[14],"tags":[22,23,26,27,33,31,30,17,24,25,28,29,15,18,21,32,19,20,986,56,16,987,59,60,61],"class_list":{"0":"post-108425","1":"post","2":"type-post","3":"status-publish","4":"format-standard","5":"has-post-thumbnail","7":"category-ulkomaat","8":"tag-breaking-news","9":"tag-breakingnews","10":"tag-featured-news","11":"tag-featurednews","12":"tag-fi","13":"tag-finland","14":"tag-finnish","15":"tag-headlines","16":"tag-latest-news","17":"tag-latestnews","18":"tag-main-news","19":"tag-mainnews","20":"tag-news","21":"tag-otsikot","22":"tag-paauutiset","23":"tag-suomi","24":"tag-top-stories","25":"tag-topstories","26":"tag-ukrainan-neuvottelut","27":"tag-ulkomaat","28":"tag-uutiset","29":"tag-venajan-hyokkays","30":"tag-world","31":"tag-world-news","32":"tag-worldnews"},"share_on_mastodon":{"url":"https:\/\/pubeurope.com\/@fi\/115667026832303299","error":""},"_links":{"self":[{"href":"https:\/\/www.europesays.com\/fi\/wp-json\/wp\/v2\/posts\/108425","targetHints":{"allow":["GET"]}}],"collection":[{"href":"https:\/\/www.europesays.com\/fi\/wp-json\/wp\/v2\/posts"}],"about":[{"href":"https:\/\/www.europesays.com\/fi\/wp-json\/wp\/v2\/types\/post"}],"author":[{"embeddable":true,"href":"https:\/\/www.europesays.com\/fi\/wp-json\/wp\/v2\/users\/2"}],"replies":[{"embeddable":true,"href":"https:\/\/www.europesays.com\/fi\/wp-json\/wp\/v2\/comments?post=108425"}],"version-history":[{"count":0,"href":"https:\/\/www.europesays.com\/fi\/wp-json\/wp\/v2\/posts\/108425\/revisions"}],"wp:featuredmedia":[{"embeddable":true,"href":"https:\/\/www.europesays.com\/fi\/wp-json\/wp\/v2\/media\/108426"}],"wp:attachment":[{"href":"https:\/\/www.europesays.com\/fi\/wp-json\/wp\/v2\/media?parent=108425"}],"wp:term":[{"taxonomy":"category","embeddable":true,"href":"https:\/\/www.europesays.com\/fi\/wp-json\/wp\/v2\/categories?post=108425"},{"taxonomy":"post_tag","embeddable":true,"href":"https:\/\/www.europesays.com\/fi\/wp-json\/wp\/v2\/tags?post=108425"}],"curies":[{"name":"wp","href":"https:\/\/api.w.org\/{rel}","templated":true}]}}