{"id":108427,"date":"2025-12-05T12:45:09","date_gmt":"2025-12-05T12:45:09","guid":{"rendered":"https:\/\/www.europesays.com\/fi\/108427\/"},"modified":"2025-12-05T12:45:09","modified_gmt":"2025-12-05T12:45:09","slug":"poliisi-niuvanniemen-oikeuspsykiatriseen-sairaalaan-yritettiin-vieda-huumeita-sipsipusseissa","status":"publish","type":"post","link":"https:\/\/www.europesays.com\/fi\/108427\/","title":{"rendered":"Poliisi: Niuvanniemen oikeuspsykiatriseen sairaalaan yritettiin vied\u00e4 huumeita sipsipusseissa"},"content":{"rendered":"<p>Rikos\u00adep\u00e4ilyt|Poliisi ep\u00e4ilee kolmea miest\u00e4 huumausainerikoksista.<\/p>\n<p class=\"article-body mb-nof-24 px-nof-16\">Poliisi otti kiinni ja pid\u00e4tti 3. joulukuuta Kuopiossa kaksi miest\u00e4 huumausainerikoksista ep\u00e4iltyn\u00e4. My\u00f6hemmin poliisi otti kiinni ja pid\u00e4tti viel\u00e4 kolmannen miehen.<\/p>\n<p class=\"article-body mb-nof-24 px-nof-16\">Poliisi ep\u00e4ilee yht\u00e4 miehist\u00e4 t\u00f6rke\u00e4st\u00e4 huumausainerikoksesta ja kahta huumausainerikoksesta. Poliisi takavarikoi ep\u00e4illyilt\u00e4 noin 100 grammaa kokaiinia ja 150 grammaa amfetamiinia.<\/p>\n<p class=\"article-body mb-nof-24 px-nof-16\">Poliisi ep\u00e4ilee, ett\u00e4 miehet yrittiv\u00e4t toimittaa huumausaineita muun muassa Niuvanniemen oikeuspsykiatrisen sairaalan potilaille Kuopiossa. Huumeet yritettiin saada perille perunalastupusseihin k\u00e4tkettyn\u00e4.<\/p>\n<p class=\"article-body mb-nof-24 px-nof-16\">Poliisi kertoo saaneensa huumeiden kuljettajan kiinni ennen kuin huumeet p\u00e4\u00e4tyiv\u00e4t sairaalaan. Ep\u00e4illyn hallussa oli kaksi avaamattomalta n\u00e4ytt\u00e4v\u00e4\u00e4 perunalastupussia, joiden sis\u00e4lt\u00e4 l\u00f6ytyi amfetamiinia.<\/p>\n<p class=\"article-body mb-nof-24 px-nof-16\">Toimintaan ep\u00e4ill\u00e4\u00e4n osallistuneen Niuvanniemen sairaalan potilaita sek\u00e4 ulkopuolisia, Kuopiossa asuvia henkil\u00f6it\u00e4.<\/p>\n<p class=\"article-body mb-nof-24 px-nof-16\">Poliisi kertoo tekev\u00e4ns\u00e4 esitutkinnassa tiiviist\u00e4 yhteisty\u00f6t\u00e4 Niuvanniemen sairaalan henkil\u00f6kunnan kanssa.<\/p>\n<p class=\"article-body nof-ui-body-medium mb-nof-24 px-nof-16\">Uutinen p\u00e4ivittyy.<\/p>\n","protected":false},"excerpt":{"rendered":"Rikos\u00adep\u00e4ilyt|Poliisi ep\u00e4ilee kolmea miest\u00e4 huumausainerikoksista. Poliisi otti kiinni ja pid\u00e4tti 3. joulukuuta Kuopiossa kaksi miest\u00e4 huumausainerikoksista ep\u00e4iltyn\u00e4. My\u00f6hemmin&hellip;\n","protected":false},"author":2,"featured_media":96697,"comment_status":"","ping_status":"","sticky":false,"template":"","format":"standard","meta":{"footnotes":""},"categories":[12],"tags":[22,23,26,27,33,31,30,17,46,24,25,28,29,15,18,21,32,19,20,16],"class_list":{"0":"post-108427","1":"post","2":"type-post","3":"status-publish","4":"format-standard","5":"has-post-thumbnail","7":"category-suomi","8":"tag-breaking-news","9":"tag-breakingnews","10":"tag-featured-news","11":"tag-featurednews","12":"tag-fi","13":"tag-finland","14":"tag-finnish","15":"tag-headlines","16":"tag-helsingin-sanomat","17":"tag-latest-news","18":"tag-latestnews","19":"tag-main-news","20":"tag-mainnews","21":"tag-news","22":"tag-otsikot","23":"tag-paauutiset","24":"tag-suomi","25":"tag-top-stories","26":"tag-topstories","27":"tag-uutiset"},"share_on_mastodon":{"url":"https:\/\/pubeurope.com\/@fi\/115667030789716718","error":""},"_links":{"self":[{"href":"https:\/\/www.europesays.com\/fi\/wp-json\/wp\/v2\/posts\/108427","targetHints":{"allow":["GET"]}}],"collection":[{"href":"https:\/\/www.europesays.com\/fi\/wp-json\/wp\/v2\/posts"}],"about":[{"href":"https:\/\/www.europesays.com\/fi\/wp-json\/wp\/v2\/types\/post"}],"author":[{"embeddable":true,"href":"https:\/\/www.europesays.com\/fi\/wp-json\/wp\/v2\/users\/2"}],"replies":[{"embeddable":true,"href":"https:\/\/www.europesays.com\/fi\/wp-json\/wp\/v2\/comments?post=108427"}],"version-history":[{"count":0,"href":"https:\/\/www.europesays.com\/fi\/wp-json\/wp\/v2\/posts\/108427\/revisions"}],"wp:featuredmedia":[{"embeddable":true,"href":"https:\/\/www.europesays.com\/fi\/wp-json\/wp\/v2\/media\/96697"}],"wp:attachment":[{"href":"https:\/\/www.europesays.com\/fi\/wp-json\/wp\/v2\/media?parent=108427"}],"wp:term":[{"taxonomy":"category","embeddable":true,"href":"https:\/\/www.europesays.com\/fi\/wp-json\/wp\/v2\/categories?post=108427"},{"taxonomy":"post_tag","embeddable":true,"href":"https:\/\/www.europesays.com\/fi\/wp-json\/wp\/v2\/tags?post=108427"}],"curies":[{"name":"wp","href":"https:\/\/api.w.org\/{rel}","templated":true}]}}