{"id":108444,"date":"2025-12-05T13:10:08","date_gmt":"2025-12-05T13:10:08","guid":{"rendered":"https:\/\/www.europesays.com\/fi\/108444\/"},"modified":"2025-12-05T13:10:08","modified_gmt":"2025-12-05T13:10:08","slug":"trump-kritisoi-kovasanaisesti-eurooppaa-mtv-uutiset","status":"publish","type":"post","link":"https:\/\/www.europesays.com\/fi\/108444\/","title":{"rendered":"Trump kritisoi kovasanaisesti Eurooppaa | MTV Uutiset"},"content":{"rendered":"<p><strong class=\"typography-bold\">Yhdysvaltain presidentti <\/strong><strong class=\"typography-bold\">Donald Trump<\/strong><strong class=\"typography-bold\"> on ottanut Euroopan kohteekseen t\u00e4n\u00e4\u00e4n perjantaina julkaistussa Yhdysvaltain kansallisen turvallisuuden strategiassa.<\/strong><\/p>\n<p>Donald Trump ilmoittaa, ett\u00e4 Yhdysvallat aikoo tukea tahoja, jotka vastustavat Euroopan unionin ajamia arvoja, kuten maahanmuuttoa.\u00a0<\/p>\n<p>Strategiassa v\u00e4itet\u00e4\u00e4n, ett\u00e4 nykyisell\u00e4 tahdilla Euroopan manner tulee olemaan tunnistamaton 20 vuoden p\u00e4\u00e4st\u00e4.<\/p>\n<p>Strategian mukaan Euroopan maiden sis\u00e4ll\u00e4 on lis\u00e4tt\u00e4v\u00e4 vastustusta Euroopan nykyiselle suunnalle.<\/p>\n<p>Saksa riensi kommentoimaan Trumpin strategiaa sanoen, ettei maa tarvitse neuvoja ulkopuolisilta.<\/p>\n","protected":false},"excerpt":{"rendered":"Yhdysvaltain presidentti Donald Trump on ottanut Euroopan kohteekseen t\u00e4n\u00e4\u00e4n perjantaina julkaistussa Yhdysvaltain kansallisen turvallisuuden strategiassa. Donald Trump ilmoittaa,&hellip;\n","protected":false},"author":2,"featured_media":108445,"comment_status":"","ping_status":"","sticky":false,"template":"","format":"standard","meta":{"footnotes":""},"categories":[14],"tags":[22,23,26,27,33,31,30,17,24,25,28,29,15,18,21,32,19,20,56,16,59,60,61],"class_list":{"0":"post-108444","1":"post","2":"type-post","3":"status-publish","4":"format-standard","5":"has-post-thumbnail","7":"category-ulkomaat","8":"tag-breaking-news","9":"tag-breakingnews","10":"tag-featured-news","11":"tag-featurednews","12":"tag-fi","13":"tag-finland","14":"tag-finnish","15":"tag-headlines","16":"tag-latest-news","17":"tag-latestnews","18":"tag-main-news","19":"tag-mainnews","20":"tag-news","21":"tag-otsikot","22":"tag-paauutiset","23":"tag-suomi","24":"tag-top-stories","25":"tag-topstories","26":"tag-ulkomaat","27":"tag-uutiset","28":"tag-world","29":"tag-world-news","30":"tag-worldnews"},"share_on_mastodon":{"url":"https:\/\/pubeurope.com\/@fi\/115667129139939697","error":""},"_links":{"self":[{"href":"https:\/\/www.europesays.com\/fi\/wp-json\/wp\/v2\/posts\/108444","targetHints":{"allow":["GET"]}}],"collection":[{"href":"https:\/\/www.europesays.com\/fi\/wp-json\/wp\/v2\/posts"}],"about":[{"href":"https:\/\/www.europesays.com\/fi\/wp-json\/wp\/v2\/types\/post"}],"author":[{"embeddable":true,"href":"https:\/\/www.europesays.com\/fi\/wp-json\/wp\/v2\/users\/2"}],"replies":[{"embeddable":true,"href":"https:\/\/www.europesays.com\/fi\/wp-json\/wp\/v2\/comments?post=108444"}],"version-history":[{"count":0,"href":"https:\/\/www.europesays.com\/fi\/wp-json\/wp\/v2\/posts\/108444\/revisions"}],"wp:featuredmedia":[{"embeddable":true,"href":"https:\/\/www.europesays.com\/fi\/wp-json\/wp\/v2\/media\/108445"}],"wp:attachment":[{"href":"https:\/\/www.europesays.com\/fi\/wp-json\/wp\/v2\/media?parent=108444"}],"wp:term":[{"taxonomy":"category","embeddable":true,"href":"https:\/\/www.europesays.com\/fi\/wp-json\/wp\/v2\/categories?post=108444"},{"taxonomy":"post_tag","embeddable":true,"href":"https:\/\/www.europesays.com\/fi\/wp-json\/wp\/v2\/tags?post=108444"}],"curies":[{"name":"wp","href":"https:\/\/api.w.org\/{rel}","templated":true}]}}