{"id":108446,"date":"2025-12-05T13:11:08","date_gmt":"2025-12-05T13:11:08","guid":{"rendered":"https:\/\/www.europesays.com\/fi\/108446\/"},"modified":"2025-12-05T13:11:08","modified_gmt":"2025-12-05T13:11:08","slug":"is-lasse-lehtonen-poliisien-ymparoimana-brysselin-lentokentalla","status":"publish","type":"post","link":"https:\/\/www.europesays.com\/fi\/108446\/","title":{"rendered":"IS: Lasse Lehtonen poliisien ymp\u00e4r\u00f6im\u00e4n\u00e4 Brysselin lentokent\u00e4ll\u00e4"},"content":{"rendered":"<p>Kela|Ilta-Sanomien tavoittamien suomalaismatkustajien mukaan Kelan p\u00e4\u00e4johtaja Lasse Lehtonen l\u00e4hti portilta poliisien saattamana.<\/p>\n<p class=\"article-body mb-nof-24 px-nof-16\">Kelan p\u00e4\u00e4johtaja <a class=\"article-personlink\" href=\"https:\/\/www.hs.fi\/haku\/?query=Lasse%20Lehtonen\" rel=\"nofollow noopener\" target=\"_blank\">Lasse Lehtonen<\/a> on ollut tekemisiss\u00e4 poliisien kanssa Brysselin lentokent\u00e4ll\u00e4 perjantaina, kertoo <a class=\"article-genericlink\" href=\"https:\/\/www.is.fi\/kotimaa\/art-2000011672428.html\" rel=\"nofollow noopener\" target=\"_blank\">Ilta-Sanomat<\/a>.<\/p>\n<p class=\"article-body mb-nof-24 px-nof-16\">IS:n julkaisemassa kuvassa Lehtonen k\u00e4velee Brysselin lentokent\u00e4ll\u00e4 poliisien ymp\u00e4r\u00f6im\u00e4n\u00e4.<\/p>\n<p class=\"article-body mb-nof-24 px-nof-16\">IS:n haastattelemien suomalaismatkustajien mukaan Lehtonen oli Helsingin-lennon l\u00e4ht\u00f6portilla, mutta l\u00e4hti paikalta poliisien kanssa.<\/p>\n<p class=\"article-body mb-nof-24 px-nof-16\">Lento l\u00e4hti Brysselist\u00e4 kello 11.15 paikallista aikaa.<\/p>\n<p class=\"article-body mb-nof-24 px-nof-16\">Kela tiedotti perjantaina, ett\u00e4 p\u00e4\u00e4johtaja Lehtonen oli ty\u00f6matkalla Brysseliss\u00e4, mutta h\u00e4nen paluumatkansa on keskeytynyt. T\u00e4ll\u00e4 hetkell\u00e4 Lehtonen on edelleen Brysseliss\u00e4.<\/p>\n<p class=\"article-body mb-nof-24 px-nof-16\">Tarkempaa tapahtumien kulkua selvitet\u00e4\u00e4n Kelassa, ja Kela tekee yhteisty\u00f6t\u00e4 viranomaisten kanssa tilannekuvan tarkentamiseksi.<\/p>\n<p class=\"article-body mb-nof-24 px-nof-16\">\u201dSelvit\u00e4mme nyt tarkemmin, mist\u00e4 on kyse. Mahdollisia jatkotoimenpiteit\u00e4 arvioimme lis\u00e4tietojen pohjalta\u201d, kertoo tiedotteessa Kelan hallituksen puheenjohtaja <a class=\"article-personlink\" href=\"https:\/\/www.hs.fi\/haku\/?query=Vertti%20Kiukas\" rel=\"nofollow noopener\" target=\"_blank\">Vertti Kiukas<\/a>.<\/p>\n","protected":false},"excerpt":{"rendered":"Kela|Ilta-Sanomien tavoittamien suomalaismatkustajien mukaan Kelan p\u00e4\u00e4johtaja Lasse Lehtonen l\u00e4hti portilta poliisien saattamana. Kelan p\u00e4\u00e4johtaja Lasse Lehtonen on ollut&hellip;\n","protected":false},"author":2,"featured_media":96697,"comment_status":"","ping_status":"","sticky":false,"template":"","format":"standard","meta":{"footnotes":""},"categories":[12],"tags":[22,23,26,27,33,31,30,17,46,24,25,28,29,15,18,21,32,19,20,16],"class_list":{"0":"post-108446","1":"post","2":"type-post","3":"status-publish","4":"format-standard","5":"has-post-thumbnail","7":"category-suomi","8":"tag-breaking-news","9":"tag-breakingnews","10":"tag-featured-news","11":"tag-featurednews","12":"tag-fi","13":"tag-finland","14":"tag-finnish","15":"tag-headlines","16":"tag-helsingin-sanomat","17":"tag-latest-news","18":"tag-latestnews","19":"tag-main-news","20":"tag-mainnews","21":"tag-news","22":"tag-otsikot","23":"tag-paauutiset","24":"tag-suomi","25":"tag-top-stories","26":"tag-topstories","27":"tag-uutiset"},"share_on_mastodon":{"url":"https:\/\/pubeurope.com\/@fi\/115667133111972052","error":""},"_links":{"self":[{"href":"https:\/\/www.europesays.com\/fi\/wp-json\/wp\/v2\/posts\/108446","targetHints":{"allow":["GET"]}}],"collection":[{"href":"https:\/\/www.europesays.com\/fi\/wp-json\/wp\/v2\/posts"}],"about":[{"href":"https:\/\/www.europesays.com\/fi\/wp-json\/wp\/v2\/types\/post"}],"author":[{"embeddable":true,"href":"https:\/\/www.europesays.com\/fi\/wp-json\/wp\/v2\/users\/2"}],"replies":[{"embeddable":true,"href":"https:\/\/www.europesays.com\/fi\/wp-json\/wp\/v2\/comments?post=108446"}],"version-history":[{"count":0,"href":"https:\/\/www.europesays.com\/fi\/wp-json\/wp\/v2\/posts\/108446\/revisions"}],"wp:featuredmedia":[{"embeddable":true,"href":"https:\/\/www.europesays.com\/fi\/wp-json\/wp\/v2\/media\/96697"}],"wp:attachment":[{"href":"https:\/\/www.europesays.com\/fi\/wp-json\/wp\/v2\/media?parent=108446"}],"wp:term":[{"taxonomy":"category","embeddable":true,"href":"https:\/\/www.europesays.com\/fi\/wp-json\/wp\/v2\/categories?post=108446"},{"taxonomy":"post_tag","embeddable":true,"href":"https:\/\/www.europesays.com\/fi\/wp-json\/wp\/v2\/tags?post=108446"}],"curies":[{"name":"wp","href":"https:\/\/api.w.org\/{rel}","templated":true}]}}